{"id":71806,"date":"2013-12-03T13:17:50","date_gmt":"2013-12-03T18:17:50","guid":{"rendered":"http:\/\/www.bibula.com\/?p=71806"},"modified":"2013-12-03T13:17:50","modified_gmt":"2013-12-03T18:17:50","slug":"unia-nieswieta-przyjaciol-banderowcow-i-pacholkow-brukseli","status":"publish","type":"post","link":"https:\/\/www.bibula.com\/?p=71806","title":{"rendered":"\u201eUnia nie\u015bwi\u0119ta&#8221; przyjaci\u00f3\u0142 banderowc\u00f3w i pacho\u0142k\u00f3w Brukseli"},"content":{"rendered":"<p>Kiedy w sierpniu 1914 roku teuto\u0144ska nawa\u0142a run\u0119\u0142a na Francj\u0119, mia\u017cd\u017c\u0105c po drodze neutraln\u0105 Belgi\u0119, pisarz Maurycy Barr\u00c3\u00a8s rzuci\u0142 has\u0142o \u201eunii \u015bwi\u0119tej\u201d (<em>union sacr\u00c3\u00a9e<\/em>) wszystkich patriot\u00f3w francuskich, bez wzgl\u0119du na ich \u015bwiatopogl\u0105d i przekonania polityczne, w obronie Ojczyzny. Ten apel o jedno\u015b\u0107 by\u0142 ze wszech miar s\u0142uszny, wr\u0119cz oczywisty. Lecz jedno\u015b\u0107 &#8211; jak uczy \u015bw. Tomasz z Akwinu &#8211; jest czym\u015b najlepszym, je\u017celi chodzi jakie\u015b dobro, ale najgorszym, gdy cel jest z\u0142y: \u201ejak korzystniejsze jest, aby moc dobroczynna by\u0142a bardziej zespolona, po to, by skutecznie czyni\u0107 dobro, tak bardziej szkodliwe jest, gdy moc z\u0142oczynna ulega zespoleniu\u201d (<em>De regno<\/em>, 4,3).<\/p>\r\n<p>W tej chwili ogl\u0105damy w\u0142a\u015bnie &#8211; od kijowskiego Majdanu po Warszaw\u0119 &#8211; tragikomiczny spektakl takiego zespolenia mocy z\u0142oczynnej. W Kijowie prezes Prawa i Sprawiedliwo\u015bci Jaros\u0142aw Kaczy\u0144ski, wiceprzewodnicz\u0105cy Parlamentu Europejskiego, Jacek Protasiewicz z Platformy Obywatelskiej (a wcze\u015bniej Pawe\u0142 Kowal z PJN), otoczeni wianuszkiem feministek i gejowskiego aktywisty z \u201eKrytyki Politycznej\u201d, staj\u0105 rami\u0119 w rami\u0119 z przyw\u00f3dcami neobanderowc\u00f3w, aby gard\u0142owa\u0107 przeciwko legalnym w\u0142adzom suwerennego pa\u0144stwa. Premier Donald Tusk chwali prezesa PiS i karci ministra Sikorskiego za jego pow\u015bci\u0105gliwo\u015b\u0107 w tej kwestii. R\u00f3wnie\u017c \u201eGazeta Wyborcza\u201d chwali Kaczy\u0144skiego pi\u00f3rem red. Jaros\u0142awa Kurskiego, nie omieszkuj\u0105c wszelako wypomnie\u0107 mu tej my\u015blozbrodni, \u017ce jeszcze kilka miesi\u0119cy temu domaga\u0142 si\u0119, aby w uchwale Sejmu na temat rzezi wo\u0142y\u0144skiej wpisa\u0107 termin \u201eludob\u00f3jstwo\u201d, co pono\u0107 \u201ezrujnowa\u0142oby pojednanie obu narod\u00f3w\u201d. Sam Adam Michnik, jak r\u00f3wnie\u017c palikociarze, \u201esolidarnie\u201d demonstruj\u0105 pod ambasad\u0105 ukrai\u0144sk\u0105. By\u0142y prezydent Aleksander Kwa\u015bniewski \u201etroszczy si\u0119\u201d o to, jak prezydent Jakunowycz \u201ewyjdzie z tego zau\u0142ka\u201d. Prezydent urz\u0119duj\u0105cy Bronis\u0142aw Komorowski zapowiada zwo\u0142anie Rady Bezpiecze\u0144stwa Narodowego.<\/p>\r\n<p>C\u00f3\u017c za przedziwna (?) jednomy\u015blno\u015b\u0107 i zbratanie. Stary hrabia Fredro zapyta\u0142by mo\u017ce: \u201eposzaleli?\u201d. Nie, nie poszaleli, bo w tym <em>unisono<\/em> jest, piekielna wprawdzie, ale jaka\u015b logika. Kiedy dzieje si\u0119 co\u015b naprawd\u0119 powa\u017cnego, to okazuje si\u0119, \u017ce \u201eza\u017carte\u201d spory \u201edonaldyst\u00f3w\u201d z \u201ekaczorami\u201d, dotycz\u0105 tak naprawd\u0119 spraw trzeciorz\u0119dnych, \u017ce wszyscy od neojakobi\u0144skiej \u201epatriotycznej centroprawicy\u201d, poprzez demolibera\u0142\u00f3w z PO, po liberty\u0144skich \u201eruchaczy\u201d Palikota i postkomunist\u00f3w s\u0105 jedn\u0105 wielk\u0105 rodzin\u0105 &#8211; tak\u0105, co to jak wypije za du\u017co gorza\u0142ki na weselu, to pierze si\u0119 wzajemnie po pyskach i ok\u0142ada sztachetami, ale ostatecznie spada razem pod ten sam st\u00f3\u0142. Wszyscy s\u0105 na tej samej brukselskiej smyczy i uwi\u0119zieni mentalnie w gnostyckich majakach demokracji i prawocz\u0142owieczyzmu. Lewakom i libera\u0142om trudno si\u0119 nawet dziwi\u0107, ale najgorzej w tym wszystkim wypada partia J. Kaczy\u0144skiego (wraz ze swoimi odpryskami). Jak mo\u017cna uwierzy\u0107 w ostrze\u017cenia przed moraln\u0105 Sodom\u0105 i Gomor\u0105 z Brukseli oraz przed wydzieraniem nam suwerenno\u015bci przez eurobiurokracj\u0119, skoro do tej Sodomy i do tej eurokracji chc\u0105 zawlec r\u00f3wnie\u017c Ukrai\u0144c\u00f3w? Czy\u017cby \u201ebratersko\u201d \u017cyczyli im syfilisu? Jak napisa\u0142 w li\u015bcie (prywatnym, wi\u0119c nie mog\u0119 poda\u0107 jego personali\u00f3w) do koleg\u00f3w &#8211; profesor\u00f3w pewien wybitny historyk z Wroc\u0142awia, \u201egdyby Ukraina mia\u0142a by\u0107 przyj\u0119ta do UE bez godzenia si\u0119 na nonsensy, na kt\u00f3re my\u015bmy si\u0119 zgodzili, to chyba tylko jako co\u015b w rodzaju wyrzutu sumienia dla ca\u0142ej naszej klasy politycznej, przypomnienie straconej szansy, a tak\u017ce tego, \u017ce wi\u0119kszemu wi\u0119cej wolno\u201d.<\/p>\r\n<p>Oczywi\u015bcie, naszym neojakobi\u0144skim patriotom nie o to chodzi, lecz godz\u0105 si\u0119 na takie ryzyko tylko dlatego, \u017ce za\u015blepia ich \u201epolityczna monokultura\u201d moskalofobii. Dlatego tak\u017ce konsekwentnie popieraj\u0105 najbardziej antypolski, otwarcie gloryfikuj\u0105cy UPA, od\u0142am ukrai\u0144skiej opinii publicznej, dlatego \u017ce jest on r\u00f3wnie\u017c antyrosyjski. Tym sam przekre\u015blaj\u0105 nie tylko szans\u0119 na rozliczenie banderowskiego ludob\u00f3jstwa na Polakach, ale mo\u017ce okaza\u0107 si\u0119, \u017ce pewnego dnia b\u0119d\u0105 musieli r\u00f3wnie\u017c prze\u0142kn\u0105\u0107 bez sprzeciwu tez\u0119, i\u017c banderowska akcja na Wo\u0142yniu w 1943 roku by\u0142a s\u0142uszn\u0105 samoobron\u0105 i obron\u0105 \u017byd\u00f3w przed polskim szowinizmem i antysemityzmem &#8211; co na pewno znajdzie uznanie w Brukseli i Berlinie. Nie rozumiej\u0105 te\u017c, \u017ce Ukraina w UE mo\u017ce by\u0107 tylko albo militarn\u0105 europejsk\u0105 szpic\u0105 wymierzon\u0105 w Rosj\u0119 &#8211; z ca\u0142ym ryzykiem prewencyjnego odwetu &#8211; albo przeciwnie, je\u015bli utrzyma si\u0119 tam u w\u0142adzy obecna opcja, rosyjskim \u201ekoniem troja\u0144skim\u201d w Europie, przy okazji rozwalaj\u0105cym, w obu wypadkach, wskutek otwarcia granic, nasz rynek pracy. W polskim interesie nie jest zatem ani \u201eUkraina europejska\u201d (co zreszt\u0105 jest cywilizacyjnym absurdem), ani \u201eUkraina rosyjska\u201d, tylko \u201eUkraina pomostowa\u201d pomi\u0119dzy Europ\u0105 (tym samym za\u015b Polsk\u0105) a Rosj\u0105, latynizmem a bizantynizmem, chrze\u015bcija\u0144stwem zachodnim a wschodnim, widziany w perspektywie geopolitycznej jedno\u015bci transkontynentalnej od Portugalii po Kamczatk\u0119. W aspekcie wewn\u0119trznym oznacza to tak\u017ce sprzyjanie tendencjom \u201erozrzedzaj\u0105cym\u201d etnicznie i j\u0119zykowo pa\u0144stwo ukrai\u0144skie, tak, aby nie zosta\u0142o ono opanowane przez szowinizm neobanderowski, dlatego etnos rosyjski we wschodniej Ukrainie jest naturalnym sojusznikiem o wiele bardziej w\u0105t\u0142ego etnosu polskiego na Ukrainie zachodniej.<\/p>\r\n<p>Nie wiem, czym sko\u0144cz\u0105 si\u0119 awantury na kijowskim Majdanie, acz \u017cycz\u0119 prezydentowi Ukrainy, aby poradzi\u0142 sobie z agentur\u0105 Sorosa, a naszych \u201einternacjonalist\u00f3w\u201d odstawi\u0142 ciupasem na granic\u0119. Lecz jestem pewien odpowiedzi na jedno pytanie, cz\u0119sto nam stawiane: od czego powinna zacz\u0105\u0107 si\u0119 kontrrewolucja w Polsce? Ot\u00f3\u017c od tego: od zmiecenia z powierzchni ziemi zjednoczonej partii Michnika-Tuska-Kaczy\u0144skiego-Kwa\u015bniewskiego-Kowala-Palikota, tak, aby nawet wspomnienie po nich si\u0119 nie osta\u0142o.<\/p>\r\n<p><strong><em>Jacek Bartyzel<\/em><\/strong><\/p>\r\n<p class=\"zrodlo\">Za: <a href=\"http:\/\/www.legitymizm.org\/unia-nieswieta\">Organizacja Monarchistow Polskich &#8211; legitymizm.org (2013-12-02)<\/a><\/p>\r\n<blockquote>\r\n<h2>Na \u201e\u015arodkowej Ukrainie\u201d<\/h2>\r\n<p>Z obfito\u015bci serca usta m\u00f3wi\u0105 &#8211; powiada Pismo \u015awi\u0119te. Komentuj\u0105c sytuacj\u0119 na Ukrainie niemiecki \u201e<i>Der Spiegel<\/i>\u201d napisa\u0142, \u017ce \u201e<i>Dla mieszka\u0144c\u00f3w \u015brodkowej Ukrainy prezydent to nie g\u0142owa pa\u0144stwa, ale przedstawiciel okupanta ze wschodu<\/i>\u201d. Sk\u0105d autor wie, co my\u015bl\u0105 ci \u201e<i>mieszka\u0144cy<\/i>\u201d, to jedna sprawa, ale znacznie ciekawsze jest okre\u015blenie: \u201e<i>\u015brodkowa Ukraina<\/i>\u201d. Wszystko wskazuje na to, \u017ce oznacza ono t\u0119 cz\u0119\u015b\u0107 Ukrainy, kt\u00f3r\u0105 w Polsce nazywamy \u201e<i>Ukrain\u0105 Zachodni\u0105<\/i>\u201d. Je\u015bli jednak dla niemieckiego autora jest ona \u201e<i>\u015brodkow\u0105<\/i>\u201d, to oznacza, \u017ce zachodnia cz\u0119\u015b\u0107 Ukrainy jest jeszcze dalej na zach\u00f3d &#8211; tam, gdzie wed\u0142ug dotychczasowej wiedzy rozci\u0105ga si\u0119 terytorium Rzeczypospolitej Polskiej.<\/p>\r\n<p>Ale to my tak my\u015blimy, bo na przyk\u0142ad w\u0142adze \u015awiatowego Zwi\u0105zku Ukrai\u0144c\u00f3w z siedzib\u0105 w Toronto uwa\u017caj\u0105, \u017ce \u201e<i>ukrai\u0144skie terytorium etniczne<\/i>\u201d obejmuje r\u00f3wnie\u017c obszar wojew\u00f3dztwa podkarpackiego, cz\u0119\u015b\u0107 wojew\u00f3dztwa ma\u0142opolskiego do Nowego S\u0105cza i cz\u0119\u015b\u0107 wojew\u00f3dztwa lubelskiego w Polsce. Tak wynika\u0142o z deklaracji z grudnia 2006 roku w sprawie obchod\u00f3w w roku 2007 rocznicy operacji \u201e<i>Wis\u0142a<\/i>\u201d. Najwyra\u017aniej autor cytowanego fragmentu ze \u201e<i>Spiegla<\/i>\u201d uwa\u017ca podobnie, bo w przeciwnym razie nie pisa\u0142by o \u201e<i>Ukrainie \u015brodkowej<\/i>\u201d. A dlaczego tak uwa\u017ca? By\u0107 mo\u017ce dlatego, \u017ce wie co\u015b, czego jeszcze nie wiedz\u0105 nasi Umi\u0142owani Przyw\u00f3dcy, kt\u00f3rzy albo demonstruj\u0105 w Kijowie za Anschlussem Ukrainy do Unii Europejskiej, albo unikaj\u0105c ostentacji popieraj\u0105 Anschluss Ukrainy z daleka.<\/p>\r\n<p><strong><em>Stanis\u0142aw Michalkiewicz<\/em><\/strong><\/p>\r\n<p>Komentarz \u00a0<b>\u2022<\/b>\u00a0 specjalnie dla www.michalkiewicz.pl \u00a0<b>\u2022<\/b>\u00a0 2 grudnia 2013<\/p>\r\n<p class=\"zrodlo\">Za: <a href=\"http:\/\/www.michalkiewicz.pl\/tekst.php?tekst=2967\">michalkiewicz.pl<\/a><\/p>\r\n<\/blockquote>\r\n<h6>\u00a0<\/h6>\r\n<blockquote>\r\n<h2>Rusofobia czy rusohisteria?<\/h2>\r\n<p>Przyznaj\u0119 si\u0119 bez bicia &#8211; jestem rusofobem.<\/p>\r\n<p>Nie lubi\u0119 Rosji, nie ufam Rosji, boj\u0119 si\u0119 Rosji, uwa\u017cam Rosj\u0119 za potencjalne zagro\u017cenie dla polskiej niepodleg\u0142o\u015bci.<\/p>\r\n<p>Cho\u0107 to ma mniejsze znaczenie -nie lubi\u0119 te\u017c Francji, bardzo za to lubi\u0119 Portugali\u0119. Nie lubi\u0119 Arab\u00f3w, lubi\u0119 Etiopi\u0119. Itd. To normalne, ze ludzie kogo\u015b nie lubi\u0105, a kogo\u015b innego lubi\u0105. To normalne, \u017ce ludzie maj\u0105 swoje sympatie i antypatie (uzasadnione lub irracjonalne), \u017ce czasem kieruj\u0105 si\u0119 emocjami.<\/p>\r\n<p>Pa\u0144stwa emocjami kierowa\u0107 si\u0119 nie mog\u0105. Pa\u0144stwa powinny kierowa\u0107 si\u0119 interesami, i z regu\u0142y kieruj\u0105 si\u0119 w\u0142a\u015bnie interesami. Z jednym wyj\u0105tkiem &#8211; pa\u0144stwo polskie kieruje si\u0119 sympatiami i fobiami.<\/p>\r\n<p>Tak sobie obserwuj\u0119 reakcje polskich polityk\u00f3w na wydarzenia na Ukrainie i komentarze w polskich mediach. Sytuacja, gdy lider najwi\u0119kszej partii opozycyjnej oraz prominentni politycy partii rz\u0105dz\u0105cej bior\u0105 udzia\u0142 w wiecu, kt\u00f3rego celem jest obalenie legalnych w\u0142adz Ukrainy, to praktyka w historii stosunk\u00f3w mi\u0119dzynarodowych niebywa\u0142a.<br \/> Otwarcie wspieraj\u0105c jedn\u0105 ze stron konfliktu Polska pozbawia si\u0119 mo\u017cliwo\u015bci odegrania roli mediacyjnej. Zach\u0119caj\u0105c do dalszych protest\u00f3w zwi\u0119kszamy ryzyko destabilizacji i izolacji Ukrainy na arenie mi\u0119dzynarodowej. Polscy politycy sami wpychaj\u0105 Ukrain\u0119 w r\u0119ce Rosji. Tak jak w r\u0119ce Rosji wepchni\u0119to Bia\u0142oru\u015b.<\/p>\r\n<p>Wracaj\u0105c jednak do samej Rosji &#8211; jest dla mnie rzecz\u0105 oczywist\u0105, \u017ce Rosja jest<strong> potencjalnym zagro\u017ceniem<\/strong> dla naszej niepodleg\u0142o\u015bci &#8211; ale to EU jest dla naszej niepodleg\u0142o\u015bci<strong> zagro\u017ceniem rzeczywistym<\/strong>!<\/p>\r\n<p>\u0179adnemu ze swoich partner\u00f3w, sojusznik\u00f3w czy nawet wasali Rosja nie nakazuje zarzyna\u0107 w\u0142asnej gospodarki za pomoc\u0105 pakiet\u00f3w klimatycznych, nie narzuca norm krzywo\u015bci banana, nie zakazuje u\u017cywania \u017car\u00f3wek, nie zmusza do kochania zbocze\u0144c\u00f3w.<\/p>\r\n<p>Polscy politycy tak bardzo boj\u0105 si\u0119 Rosji, \u017ce wol\u0105 liza\u0107 buty Barroso ni\u017c poda\u0107 r\u0119k\u0119 Putinowi.<\/p>\r\n<p>Oczywistym jest dla mnie, \u017ce do\u015bwiadczenia historyczne nakazuj\u0105 daleko posuni\u0119t\u0105 ostro\u017cno\u015b\u0107 w stosunkach polsko-rosyjskich. Dlaczego jednak perspektywa jakiejkolwiek formy wsp\u00f3\u0142pracy ma by\u0107 a\u017c tak straszna? <strong>Czy naprawd\u0119 istnienie Rosji jest samo w sobie wystarczaj\u0105cym usprawiedliwieniem dla dobrowolnego wyrzeczenia si\u0119 niepodleg\u0142o\u015bci i dobrowolnego oddania si\u0119 w niewol\u0119 faszystowsko-t\u0119czowej eurositwie?<\/strong><\/p>\r\n<p>To ju\u017c nie jest rusofobia &#8211; to rusohisteria. Szale\u0144stwo i tyle.<\/p>\r\n<p><strong><em>Tomasz Dalecki<\/em><\/strong><\/p>\r\n<p class=\"zrodlo\">Za: <a href=\"http:\/\/prawica.net\/36538\">prawica.net (03-12-2013)<\/a> | tak\u017ce: <a href=\"http:\/\/www.wicipolskie.org\/index.php?option=com_content&amp;task=view&amp;id=9729&amp;Itemid=56\">wicipolskie.org<\/a><\/p>\r\n<\/blockquote>\r\n<h6>\u00a0<\/h6>\r\n<blockquote>\r\n<h2>Michnik chwali Kaczy\u0144skiego za obecno\u015b\u0107 na Ukrainie: zachowuje si\u0119 jak prawdziwy polski patriota!<\/h2>\r\n<p>Adam Michnik chwali Jaros\u0142awa Kaczy\u0144skiego za obecno\u015b\u0107 na wiecu w Kijowie wsp\u00f3lnie z m.in neobanderowcami ze Swobody. Podczas niego Kaczy\u0144ski zapewnia\u0142 ich o \u0142\u0105czno\u015bci Polski i Unii Europejskiej z ich d\u0105\u017ceniami. Naczelny Wyborczej stwierdzi\u0142, \u017ce lider PiSu to &#8222;prawdziwy polski patriota&#8221;.<\/p>\r\n<p>Jaros\u0142aw Kaczy\u0144ski wybra\u0142 si\u0119 razem z cz\u0142onkiem Platformy Obywatelskiej Protasiewiczem do Kijowa, by wsp\u00f3lnie zapewni\u0107 demonstruj\u0105cych Ukrai\u0144c\u00f3w o tym, \u017ce &#8222;s\u0105 potrzebni Unii Europejskiej&#8221;. Na wiecu obecnych by\u0142o bardzo du\u017co cz\u0142onk\u00f3w szowinistycznej partii &#8222;Swoboda&#8221; kultywuj\u0105cej Stepana Bander\u0119 i UPA, manifestuj\u0105cy licznie przynie\u015bli r\u00f3wnie\u017c same czerwono-czarne flagi UPA, a na scenie obok Kaczy\u0144skiego sta\u0142 lider ukrai\u0144skich szowinist\u00f3w O\u0142eh Thianybok. Na demonstracji w Polsce pod ambasad\u0105 Ukrainy obecny by\u0142 Adam Michnik, kt\u00f3ry pochwali\u0142 Kaczy\u0144skiego za jego obecno\u015b\u0107 na Ukrainie m\u00f3wi\u0105c:\u00a0&#8222;Jaros\u0142aw Kaczy\u0144ski zachowuje si\u0119 jak prawdziwy polski patriota!&#8221;. O sprawie informuje nawet propisowski portal wpolityce.pl<\/p>\r\n<p>Kaczy\u0144ski m\u00f3wi\u0142 w Kijowie mi\u0119dzy innymi wspominaj\u0105c ukrai\u0144skiego poet\u0119 Szewczenk\u0119:<em>On pisa\u0142 w jednym ze swoich utwor\u00f3w, \u017ce ci, kt\u00f3rzy szkodz\u0105 Ukrainie, kt\u00f3rzy nie chc\u0105 wolnej Ukrainy, nigdy nie zostan\u0105 zbawieni. Niech ci, kt\u00f3rzy dzisiaj chc\u0105 ci\u0105gn\u0105\u0107 Ukrain\u0119 w t\u0119 drug\u0105 stron\u0105 pami\u0119taj\u0105 o tym wielkim przes\u0142aniu wielkiego Ukrai\u0144ca. <\/em>Zako\u0144czy\u0142 s\u0142owami<em> &#8222;s\u0142awa Ukrainie&#8221;.<\/em><\/p>\r\n<p>Za: wpolityce.pl<\/p>\r\n<p class=\"zrodlo\">Za: <a href=\"http:\/\/narodowcy.net\/polska\/8448-michnik-chwali-kaczynskiego-za-obecnosc-na-ukrainie-zachowuje-sie-jak-prawdziwy-polski\">narodowcy.net (01, grudzie\u0144 2013)<\/a><\/p>\r\n<\/blockquote>","protected":false},"excerpt":{"rendered":"Kiedy w sierpniu 1914 roku teuto\u0144ska nawa\u0142a run\u0119\u0142a na Francj\u0119, mia\u017cd\u017c\u0105c po drodze neutraln\u0105 Belgi\u0119, pisarz Maurycy Barr\u00c3\u00a8s rzuci\u0142 has\u0142o \u201eunii \u015bwi\u0119tej\u201d (union sacr\u00c3\u00a9e) wszystkich patriot\u00f3w francuskich, bez wzgl\u0119du na ich \u015bwiatopogl\u0105d i przekonania polityczne, w obronie Ojczyzny. Ten apel o jedno\u015b\u0107 by\u0142 ze wszech miar s\u0142uszny, wr\u0119cz oczywisty. Lecz jedno\u015b\u0107 &#8211; jak uczy \u015bw. [&hellip;]","protected":false},"author":1,"featured_media":0,"comment_status":"closed","ping_status":"closed","sticky":false,"template":"","format":"standard","meta":{"_acf_changed":false,"_monsterinsights_skip_tracking":false,"_monsterinsights_sitenote_active":false,"_monsterinsights_sitenote_note":"","_monsterinsights_sitenote_category":0,"ngg_post_thumbnail":0,"footnotes":"","_wp_rev_ctl_limit":""},"categories":[9],"tags":[35,23,92,37,34,141,167],"acf":[],"_links":{"self":[{"href":"https:\/\/www.bibula.com\/index.php?rest_route=\/wp\/v2\/posts\/71806"}],"collection":[{"href":"https:\/\/www.bibula.com\/index.php?rest_route=\/wp\/v2\/posts"}],"about":[{"href":"https:\/\/www.bibula.com\/index.php?rest_route=\/wp\/v2\/types\/post"}],"author":[{"embeddable":true,"href":"https:\/\/www.bibula.com\/index.php?rest_route=\/wp\/v2\/users\/1"}],"replies":[{"embeddable":true,"href":"https:\/\/www.bibula.com\/index.php?rest_route=%2Fwp%2Fv2%2Fcomments&post=71806"}],"version-history":[{"count":0,"href":"https:\/\/www.bibula.com\/index.php?rest_route=\/wp\/v2\/posts\/71806\/revisions"}],"wp:attachment":[{"href":"https:\/\/www.bibula.com\/index.php?rest_route=%2Fwp%2Fv2%2Fmedia&parent=71806"}],"wp:term":[{"taxonomy":"category","embeddable":true,"href":"https:\/\/www.bibula.com\/index.php?rest_route=%2Fwp%2Fv2%2Fcategories&post=71806"},{"taxonomy":"post_tag","embeddable":true,"href":"https:\/\/www.bibula.com\/index.php?rest_route=%2Fwp%2Fv2%2Ftags&post=71806"}],"curies":[{"name":"wp","href":"https:\/\/api.w.org\/{rel}","templated":true}]}}