{"id":71715,"date":"2013-11-27T14:17:21","date_gmt":"2013-11-27T19:17:21","guid":{"rendered":"http:\/\/www.bibula.com\/?p=71715"},"modified":"2013-11-27T14:17:21","modified_gmt":"2013-11-27T19:17:21","slug":"liturgia-wiekszosc-sie-nia-nie-przejmuje","status":"publish","type":"post","link":"https:\/\/www.bibula.com\/?p=71715","title":{"rendered":"Liturgia? Wi\u0119kszo\u015b\u0107 si\u0119 ni\u0105 nie przejmuje!"},"content":{"rendered":"<p><strong>O r\u00f3\u017cnicach mi\u0119dzy lutera\u0144sk\u0105 a katolick\u0105 liturgi\u0105, meandrach ekumenizmu, kt\u00f3ry nie doprowadza do Ko\u015bcio\u0142a m\u00f3wi konwertyta na katolicyzm. Jako luteranin, nigdy nie spotyka\u0142 si\u0119 z oskar\u017ceniami o herezj\u0119, jako katolik szukaj\u0105cy tradycyjnie katolickiej duchowo\u015bci i wiary s\u0142yszy, \u017ce\u2026 jest heretykiem.<\/strong><\/p>\r\n<p>\u201eJestem niedawno nawr\u00f3conym konwertyt\u0105 z \u201ekonfesyjnego\u201d (czytaj: tradycjonalistycznego) luteranizmu, bycie po tej stronie Tybru sta\u0142o si\u0119 dla mnie rozczarowuj\u0105cym do\u015bwiadczeniem. Zosta\u0142em wychowany jako konfesyjny luteranin, oczywi\u015bcie bardzo dobrze znam m\u00f3j lutera\u0144ski katechizm (pewnie m\u00f3g\u0142bym nawet teraz wyrecytowa\u0107 wi\u0119kszo\u015b\u0107 jego tre\u015bci z pami\u0119ci) i uwa\u017cam, \u017ce ryt Paw\u0142a VI jest dziwaczny. W tre\u015bciach modlitw Nowej Mszy nie ma niczego, co by\u0142oby typowo katolickie. Je\u015bli ju\u017c, to wydaj\u0105 si\u0119 one mie\u0107 raczej \u201eneutralny\u201d lub \u201eradosny\u201d ton, zosta\u0142y one oczyszczone z dogmat\u00f3w typowych dla katolicyzmu, ale pomini\u0119te te\u017c zosta\u0142y odniesienia do grzechu, \u015bmierci, piek\u0142a, dzie\u0142a Szatana, walki anio\u0142\u00f3w. Dla por\u00f3wnania, modlitwy mojej dawnej lutera\u0144skiej Mszy by\u0142y pe\u0142ne nawi\u0105za\u0144 do takich \u201etrudnych\u201d temat\u00f3w\u201d &#8211; czytamy na \u0142amach \u201eThe Remnant\u201d.<\/p>\r\n<p>\u201eCo wi\u0119cej, niekt\u00f3re ze s\u0142\u00f3w Kanonu nowej Mszy &#8211; w tym <em>\u201e<\/em><em>B\u0142ogos\u0142awiony jeste\u015b<\/em><em>, <\/em><em>Panie<\/em><em> Bo\u017ce wszech\u015bwiata<\/em>\u2026\u201d, uderzaj\u0105 moje uszy by\u0142ego luteranina jako doktrynalnie podejrzane. Moi lutera\u0144scy przyjaciele uwa\u017caj\u0105, \u017ce jest to modlitwa szczeg\u00f3lnie dziwna, twierdz\u0105c, \u017ce pomniejsza ona Realn\u0105 Obecno\u015b\u0107. (\u2026) \u0179aden z pastor\u00f3w konfesyjnego luteranizmu nigdy nie odm\u00f3wi\u0142by takiej modlitwy przed konsekracj\u0105\u201d &#8211; ocenia konwertyta na katolicyzm.<\/p>\r\n<p>Jak dodaje konwertyta, doktryny prezentowane w tradycyjnej liturgii s\u0105 sprzeczne z luteranizmem. Chodzi o sk\u0142adanie ofiary przeb\u0142agalnej, zas\u0142ugi i wstawiennictwo \u015bwi\u0119tych i wiele innych. Tymczasem, te aspekty znikn\u0119\u0142y z projektu zaproponowanego po ostatnim soborze. Tak\u017ce Kanon Rzymski w jego tradycyjnej formie razi\u0142by uszy wyznawc\u00f3w luteranizmu. W nowej Mszy te fragmenty zosta\u0142y jednak omini\u0119te. \u201eTo z mojej perspektywy jest szalone. Zupe\u0142nie tego nie rozumiem\u201d &#8211; podkre\u015bla.<\/p>\r\n<p><strong>\u201eR\u00f3wnocze\u015bnie, ryt Paw\u0142a VI dalej pozostaje nieodpowiedni dla lutera\u0144skiego kultu, teraz ironicznie nie dlatego, \u017ce zawiera typowo katolickie dogmaty (bo ju\u017c ich nie zawiera), ale dlatego, \u017ce jest zbyt \u0142agodny w kwestiach grzechu, piek\u0142a, anio\u0142\u00f3w i z\u0142ego dzie\u0142a Szatana. Potem oczywi\u015bcie pojawia si\u0119 kwestia sposobu, w jaki nowa Msza jest \u201ecelebrowana\u201d &#8211; t\u0142umaczy konwertyta.<\/strong><\/p>\r\n<p>M\u0142ody luteranin uczestnicz\u0105c w Nowej Mszy dojdzie do wniosku, \u017ce to jego dotychczasowe wyznanie jest najbardziej \u201ekonserwatywne\u201d i \u201etradycjonalistyczne\u201d. \u201eNajbardziej dziwne jest to, \u017ce nasz m\u0142ody lutera\u0144ski go\u015b\u0107 uwa\u017ca\u0142by katolik\u00f3w za heretyk\u00f3w. Jednak ci sami katolicy nie odwzajemniliby komplementu\u201d &#8211; dodaje.<\/p>\r\n<p>Wskazuj\u0105c na te kwestie konwertyta jest atakowany jako\u2026 \u201eradykalny tradycjonalista\u201d. Nie chodzi tu o same problemy posoborowej reformy, tak\u017ce o to dlaczego do liturgii wprowadzana jest kiepska muzyka. \u201eAle nikt si\u0119 tym nie przejmuje\u2026 nawet je\u015bli ludzie si\u0119 ze mn\u0105 zgadzaj\u0105 (cho\u0107 zazwyczaj tak nie jest). Problem, m\u00f3wi\u0105 mi, le\u017cy we mnie. M\u00f3wi\u0105 mi, \u017ce jestem heretykiem\u201d &#8211; podkre\u015bla luteranin nawr\u00f3cony na katolicyzm.<\/p>\r\n<p>\u0179r\u00f3d\u0142o: The Remnant<br \/> mat<\/p>","protected":false},"excerpt":{"rendered":"O r\u00f3\u017cnicach mi\u0119dzy lutera\u0144sk\u0105 a katolick\u0105 liturgi\u0105, meandrach ekumenizmu, kt\u00f3ry nie doprowadza do Ko\u015bcio\u0142a m\u00f3wi konwertyta na katolicyzm. Jako luteranin, nigdy nie spotyka\u0142 si\u0119 z oskar\u017ceniami o herezj\u0119, jako katolik szukaj\u0105cy tradycyjnie katolickiej duchowo\u015bci i wiary s\u0142yszy, \u017ce\u2026 jest heretykiem. \u201eJestem niedawno nawr\u00f3conym konwertyt\u0105 z \u201ekonfesyjnego\u201d (czytaj: tradycjonalistycznego) luteranizmu, bycie po tej stronie Tybru sta\u0142o [&hellip;]","protected":false},"author":1,"featured_media":0,"comment_status":"closed","ping_status":"closed","sticky":false,"template":"","format":"standard","meta":{"_acf_changed":false,"_monsterinsights_skip_tracking":false,"_monsterinsights_sitenote_active":false,"_monsterinsights_sitenote_note":"","_monsterinsights_sitenote_category":0,"ngg_post_thumbnail":0,"footnotes":"","_wp_rev_ctl_limit":""},"categories":[3],"tags":[238,33],"acf":[],"_links":{"self":[{"href":"https:\/\/www.bibula.com\/index.php?rest_route=\/wp\/v2\/posts\/71715"}],"collection":[{"href":"https:\/\/www.bibula.com\/index.php?rest_route=\/wp\/v2\/posts"}],"about":[{"href":"https:\/\/www.bibula.com\/index.php?rest_route=\/wp\/v2\/types\/post"}],"author":[{"embeddable":true,"href":"https:\/\/www.bibula.com\/index.php?rest_route=\/wp\/v2\/users\/1"}],"replies":[{"embeddable":true,"href":"https:\/\/www.bibula.com\/index.php?rest_route=%2Fwp%2Fv2%2Fcomments&post=71715"}],"version-history":[{"count":0,"href":"https:\/\/www.bibula.com\/index.php?rest_route=\/wp\/v2\/posts\/71715\/revisions"}],"wp:attachment":[{"href":"https:\/\/www.bibula.com\/index.php?rest_route=%2Fwp%2Fv2%2Fmedia&parent=71715"}],"wp:term":[{"taxonomy":"category","embeddable":true,"href":"https:\/\/www.bibula.com\/index.php?rest_route=%2Fwp%2Fv2%2Fcategories&post=71715"},{"taxonomy":"post_tag","embeddable":true,"href":"https:\/\/www.bibula.com\/index.php?rest_route=%2Fwp%2Fv2%2Ftags&post=71715"}],"curies":[{"name":"wp","href":"https:\/\/api.w.org\/{rel}","templated":true}]}}