{"id":71508,"date":"2013-11-19T16:33:47","date_gmt":"2013-11-19T21:33:47","guid":{"rendered":"http:\/\/www.bibula.com\/?p=71508"},"modified":"2013-11-19T16:33:47","modified_gmt":"2013-11-19T21:33:47","slug":"nepotyzm-w-ambasadach","status":"publish","type":"post","link":"https:\/\/www.bibula.com\/?p=71508","title":{"rendered":"Nepotyzm w ambasadach"},"content":{"rendered":"<h4>UJAWNIAMY nepotyzm w ambasadach: \u017cony dziennikarzy, c\u00f3rka szefa Kancelarii Prezydenta<\/h4>\r\n<p><strong>W ambasadzie RP w Stanach Zjednoczonych zatrudniono \u017con\u0119 korespondenta Wiadomo\u015bci TVP oraz ma\u0142\u017conk\u0119 korespondenta Polskiego Radia. Z kolei w ambasadzie RP w Azerbejd\u017canie prac\u0119 dosta\u0142a c\u00f3rka szefa Kancelarii Prezydenta, Jacka Micha\u0142owskiego.<\/strong><\/p>\r\n<p><em>&#8211; Ambasador RP w USA Ryszard Schnepf postanowi\u0142 zadba\u0107 o lepsz\u0105 pras\u0119 i rozdaje prac\u0119 \u017conom korespondent\u00f3w. <strong>I tak intratn\u0105 posad\u0119 otrzyma\u0142a w Ambasadzie \u017cona Marcina Firleja, korespondenta Wiadomo\u015bci TVP <\/strong><\/em>&#8211; m\u00f3wi informator portalu niezalezna.pl.\u00a0<\/p>\r\n<p><em>&#8211; Od wrze\u015bnia w Ambasadzie RP w Waszyngtonie<strong> pracuje te\u017c \u017cona korespondenta Polskiego Radia. Edyta Wa\u0142kuska.<\/strong> Nagle sta\u0142a si\u0119 <a id=\"anchorbbtBubble94\"><\/a>ekspertem od kultury. I pracuje na etacie <\/em>&#8211; dodaje nasz rozm\u00f3wca.<\/p>\r\n<p>Poprosili\u015bmy MSZ o potwierdzenie tych informacji.<em> &#8211; Nab\u00f3r w MSZ prowadzony jest zgodnie z obowi\u0105zuj\u0105cymi przepisami prawa. <strong>Pani Anna Maria Firlej i p. Edyta Wa\u0142kuska zosta\u0142y zatrudnione na etatach krajowych <\/strong><\/em>&#8211; odpowiedzia\u0142 nam rzecznik MSZ.<\/p>\r\n<p>Czy teraz korespondenci publicznych medi\u00f3w <strong>odwa\u017c\u0105 si\u0119 skrytykowa\u0107 prac\u0119 ambasady RP w USA albo MSZ?<\/strong><\/p>\r\n<p>Wed\u0142ug informacji portalu niezalezna.pl prac\u0119 w ambasadzie &#8211; tyle \u017ce w stolicy Azerbejd\u017canu, Baku &#8211; dosta\u0142a r\u00f3wnie\u017c <strong>c\u00f3rka szefa Kancelarii Prezydenta, Jacka Micha\u0142owskiego.\u00a0<\/strong><\/p>\r\n<p><em>&#8222;Na stanowisko, kt\u00f3re obecnie zajmuje Antonina Micha\u0142owska, MSZ og\u0142osi\u0142 rotacj\u0119 wewn\u0119trzn\u0105. Mimo kilkukrotnego wewn\u0119trznego naboru nie uda\u0142o si\u0119 znale\u017a\u0107 pracownika MSZ zainteresowanego obj\u0119ciem tego stanowiska. Kandydatura Pani Antoniny Micha\u0142owskiej zosta\u0142a wybrana z resortowej <a id=\"anchorbbtBubble204\"><\/a>rezerwy kadrowej, tj. bazy \u00a0kandydat\u00f3w, kt\u00f3rzy zg\u0142osili gotowo\u015b\u0107 do wyjazdu na plac\u00f3wk\u0119 zagraniczn\u0105 i spe\u0142niali wymogi konieczne do obj\u0119cia ww. stanowiska&#8221; &#8211; <\/em>poinformowa\u0142 nas rzecznik MSZ.<\/p>","protected":false},"excerpt":{"rendered":"UJAWNIAMY nepotyzm w ambasadach: \u017cony dziennikarzy, c\u00f3rka szefa Kancelarii Prezydenta W ambasadzie RP w Stanach Zjednoczonych zatrudniono \u017con\u0119 korespondenta Wiadomo\u015bci TVP oraz ma\u0142\u017conk\u0119 korespondenta Polskiego Radia. Z kolei w ambasadzie RP w Azerbejd\u017canie prac\u0119 dosta\u0142a c\u00f3rka szefa Kancelarii Prezydenta, Jacka Micha\u0142owskiego. &#8211; Ambasador RP w USA Ryszard Schnepf postanowi\u0142 zadba\u0107 o lepsz\u0105 pras\u0119 i rozdaje [&hellip;]","protected":false},"author":1,"featured_media":0,"comment_status":"closed","ping_status":"closed","sticky":false,"template":"","format":"standard","meta":{"_acf_changed":false,"_monsterinsights_skip_tracking":false,"_monsterinsights_sitenote_active":false,"_monsterinsights_sitenote_note":"","_monsterinsights_sitenote_category":0,"ngg_post_thumbnail":0,"footnotes":"","_wp_rev_ctl_limit":""},"categories":[129],"tags":[92],"acf":[],"_links":{"self":[{"href":"https:\/\/www.bibula.com\/index.php?rest_route=\/wp\/v2\/posts\/71508"}],"collection":[{"href":"https:\/\/www.bibula.com\/index.php?rest_route=\/wp\/v2\/posts"}],"about":[{"href":"https:\/\/www.bibula.com\/index.php?rest_route=\/wp\/v2\/types\/post"}],"author":[{"embeddable":true,"href":"https:\/\/www.bibula.com\/index.php?rest_route=\/wp\/v2\/users\/1"}],"replies":[{"embeddable":true,"href":"https:\/\/www.bibula.com\/index.php?rest_route=%2Fwp%2Fv2%2Fcomments&post=71508"}],"version-history":[{"count":0,"href":"https:\/\/www.bibula.com\/index.php?rest_route=\/wp\/v2\/posts\/71508\/revisions"}],"wp:attachment":[{"href":"https:\/\/www.bibula.com\/index.php?rest_route=%2Fwp%2Fv2%2Fmedia&parent=71508"}],"wp:term":[{"taxonomy":"category","embeddable":true,"href":"https:\/\/www.bibula.com\/index.php?rest_route=%2Fwp%2Fv2%2Fcategories&post=71508"},{"taxonomy":"post_tag","embeddable":true,"href":"https:\/\/www.bibula.com\/index.php?rest_route=%2Fwp%2Fv2%2Ftags&post=71508"}],"curies":[{"name":"wp","href":"https:\/\/api.w.org\/{rel}","templated":true}]}}