{"id":71371,"date":"2013-11-15T13:59:51","date_gmt":"2013-11-15T18:59:51","guid":{"rendered":"http:\/\/www.bibula.com\/?p=71371"},"modified":"2020-09-23T17:23:57","modified_gmt":"2020-09-23T21:23:57","slug":"staneli-przed-sadem-bo-napisali-prawde-o-komuniscie-z-sld","status":"publish","type":"post","link":"https:\/\/www.bibula.com\/?p=71371","title":{"rendered":"Stan\u0119li przed s\u0105dem, bo napisali prawd\u0119 o komuni\u015bcie z SLD"},"content":{"rendered":"<p><b>Rze\u017abiarz Jacek Adamas i dwoje uczestnik\u00f3w jego happeningu przed biurem pos\u0142a SLD Tadeusza Iwi\u0144skiego stan\u0119li dzi\u015b przed s\u0105dem grodzkim w Olsztynie. Obwiniono ich o wykroczenie przeciw <\/b><strong>porz\u0105dkowi<\/strong><b> publicznemu; grozi za to kara ograniczenia wolno\u015bci lub grzywny.<\/b><\/p>\r\n<p>[&#8230;] <span class=\"podpis_sz\">Ca\u0142y tekst dost\u0119pny w materiale \u017ar\u00f3d\u0142owym<\/span><\/p>\r\n<p>Autor: oa<br \/>\r\n\u0179r\u00f3d\u0142o: PAP<\/p>","protected":false},"excerpt":{"rendered":"Rze\u017abiarz Jacek Adamas i dwoje uczestnik\u00f3w jego happeningu przed biurem pos\u0142a SLD Tadeusza Iwi\u0144skiego stan\u0119li dzi\u015b przed s\u0105dem grodzkim w Olsztynie. Obwiniono ich o wykroczenie przeciw porz\u0105dkowi publicznemu; grozi za to kara ograniczenia wolno\u015bci lub grzywny. [&#8230;] Ca\u0142y tekst dost\u0119pny w materiale \u017ar\u00f3d\u0142owym Autor: oa \u0179r\u00f3d\u0142o: PAP","protected":false},"author":1,"featured_media":0,"comment_status":"closed","ping_status":"closed","sticky":false,"template":"","format":"standard","meta":{"_acf_changed":false,"_monsterinsights_skip_tracking":false,"_monsterinsights_sitenote_active":false,"_monsterinsights_sitenote_note":"","_monsterinsights_sitenote_category":0,"ngg_post_thumbnail":0,"footnotes":"","_wp_rev_ctl_limit":""},"categories":[8],"tags":[66,448,92,169,81],"acf":[],"_links":{"self":[{"href":"https:\/\/www.bibula.com\/index.php?rest_route=\/wp\/v2\/posts\/71371"}],"collection":[{"href":"https:\/\/www.bibula.com\/index.php?rest_route=\/wp\/v2\/posts"}],"about":[{"href":"https:\/\/www.bibula.com\/index.php?rest_route=\/wp\/v2\/types\/post"}],"author":[{"embeddable":true,"href":"https:\/\/www.bibula.com\/index.php?rest_route=\/wp\/v2\/users\/1"}],"replies":[{"embeddable":true,"href":"https:\/\/www.bibula.com\/index.php?rest_route=%2Fwp%2Fv2%2Fcomments&post=71371"}],"version-history":[{"count":4,"href":"https:\/\/www.bibula.com\/index.php?rest_route=\/wp\/v2\/posts\/71371\/revisions"}],"predecessor-version":[{"id":118778,"href":"https:\/\/www.bibula.com\/index.php?rest_route=\/wp\/v2\/posts\/71371\/revisions\/118778"}],"wp:attachment":[{"href":"https:\/\/www.bibula.com\/index.php?rest_route=%2Fwp%2Fv2%2Fmedia&parent=71371"}],"wp:term":[{"taxonomy":"category","embeddable":true,"href":"https:\/\/www.bibula.com\/index.php?rest_route=%2Fwp%2Fv2%2Fcategories&post=71371"},{"taxonomy":"post_tag","embeddable":true,"href":"https:\/\/www.bibula.com\/index.php?rest_route=%2Fwp%2Fv2%2Ftags&post=71371"}],"curies":[{"name":"wp","href":"https:\/\/api.w.org\/{rel}","templated":true}]}}