{"id":71360,"date":"2013-11-15T09:59:25","date_gmt":"2013-11-15T14:59:25","guid":{"rendered":"http:\/\/www.bibula.com\/?p=71360"},"modified":"2013-11-18T11:40:43","modified_gmt":"2013-11-18T16:40:43","slug":"w-rocznice-kristallnacht","status":"publish","type":"post","link":"https:\/\/www.bibula.com\/?p=71360","title":{"rendered":"W rocznic\u0119 Kristallnacht"},"content":{"rendered":"<p>Jak co roku w rocznic\u0119 Kristallnacht w katedrze w Buenos Aires odby\u0142a si\u0119 uroczysta okoliczno\u015bciowa \u017cydowsko-katolicka akademia. W tym roku obchody \u015bwi\u0119ta synkretyzmu zosta\u0142y zak\u0142\u00f3cone przez &#8222;schizmatyk\u00f3w&#8221; z miejscowego oddzia\u0142u Bractwa \u015bw. Piusa X, kt\u00f3rzy jak gdyby nigdy nic weszli sobie do katolickiej katedry i zacz\u0119li na g\u0142os odmawia\u0107 r\u00f3\u017caniec. I to jeszcze po \u0142acinie, kt\u00f3rej nikt przecie\u017c nie zna. Wariaty jakie\u015b. Co oczywiste, zacz\u0119to ich zak\u0142\u00f3ca\u0107, a jednemu z &#8222;dzia\u0142aczy&#8221;, kt\u00f3ry dorwa\u0142 si\u0119 na &#8222;podium&#8221; i nawo\u0142ywa\u0142 do przerwania &#8222;akademii&#8221; miejscowy metropolita odziany w elegancki garnitur osobi\u015bcie wyrwa\u0142 z r\u0119ki mikrofon. Na filmie tego nie ma, ale problem w ko\u0144cu rozwi\u0105za\u0142a dzielna policja, kt\u00f3ra osoby odmawiaj\u0105ce r\u00f3\u017caniec si\u0142\u0105 usun\u0119\u0142a ze \u015bwi\u0105tyni dzi\u0119ki czemu zebrani mogli kontynuowa\u0107 profanacj\u0119 w spokoju i bez przeszk\u00f3d.<\/p>\r\n<p>[youtube zDvrHxjomvs]<\/p>\r\n<p class=\"zrodlo\"><span style=\"font-size: x-small;\">Napisa\u0142 Dextimus dnia <a title=\"permanent link\" href=\"http:\/\/breviarium.blogspot.com\/2013\/11\/w-rocznice-kristallnacht.html\" rel=\"bookmark\"><abbr title=\"2013-11-14T15:43:00+01:00\">14.11.13<\/abbr><\/a><\/span><\/p>\r\n<p class=\"zrodlo\">Za: <a href=\"http:\/\/breviarium.blogspot.com\/2013\/11\/w-rocznice-kristallnacht.html\">Breviarium &#8211; dawniej: Kronika Novus Ordo (14 listopada 2013)<\/a><\/p>\r\n<blockquote>\r\n<h2>Katolicki od\u0142am zak\u0142\u00f3ca ceremoni\u0119 po\u015bwi\u0119con\u0105 &#8222;Kryszta\u0142owej\u00a0Nocy\u201d<\/h2>\r\n<p><strong>BUENOS AIRES, Argentina (AP) \u201d\u201d Ultratradycjonalni katolicy rzucili otwarte wyzwanie papie\u017cowi Franciszkowi, zak\u0142\u00f3caj\u0105c jedn\u0105 z jego ulubionych uroczysto\u015bci: mi\u0119dzyreligijn\u0105 ceremoni\u0119 w Metropolital Cathedral, kt\u00f3rej celem by\u0142o promowanie harmonii religijnej w rocznic\u0119 zapocz\u0105tkowania Holocaustu.<\/strong><\/p>\r\n<p>Coroczne spotkanie katolik\u00f3w, \u017cyd\u00f3w i protestant\u00f3w przypomina o &#8222;Kryszta\u0142owej Nocy\u201d z 1938 roku, kiedy to kierowany przez nazist\u00f3w t\u0142um podpali\u0142 oko\u0142o 1000 synagoog i tysi\u0105ce \u017cyd\u00f3w zamkni\u0119to w obozach koncentracyjnych, co by\u0142o pocz\u0105tkiem ludob\u00f3jstwa, w kt\u00f3rym zgin\u0119\u0142o 6 milion\u00f3w \u017cyd\u00f3w\u00a0<em>[Niestety, nie dowiedzieli\u015bmy si\u0119, w jakim kraju mia\u0142a miejsce owa &#8222;Noc&#8221; ani jakiej narodowo\u015bci byli nazi\u015bci. Jak zwykle &#8211; admin].<\/em><\/p>\r\n<p>Kardyna\u0142 Buenos Aires, Jorge Mario Bergoglio, zanim zosta\u0142 papie\u017cem, odprawia\u0142 t\u0119 ceremoni\u0119 co roku, wraz ze swym przyjacielem, rabinem Abrahamem Skork\u0105.<\/p>\r\n<p>Ma\u0142a grupka os\u00f3b przerwa\u0142a nabo\u017ce\u0144stwo wykrzykuj\u0105c<em> [tak w oryginale &#8211; admin] <\/em>r\u00f3\u017caniec i &#8222;Ojcze Nasz\u201d oraz rozdawa\u0142a ulotki g\u0142osz\u0105ce, i\u017c czciciele fa\u0142szywych bog\u00f3w nie mog\u0105 by\u0107 wpuszczani do \u015bwi\u0119tej \u015bwi\u0105tuni,<\/p>\r\n<p>Arcybiskup Buenos Aires, Mario Poli, mianowany przez papie\u017ca na swego nast\u0119pc\u0119, zaapelowa\u0142 o spok\u00f3j, podczas gdy inni obecni powstali z miejsc by da\u0107 odp\u00f3r protestuj\u0105cym osobom, kt\u00f3rzy wkr\u00f3tce zostali odprowadzeni przez policj\u0119.<\/p>\r\n<p>&#8222;Niech b\u0119dzie pok\u00f3j. Shalom\u201d &#8211; powiedzia\u0142 nast\u0119pnie Poli, prosz\u0105c wszystkich o zaj\u0119cie swoich miejsc. &#8222;Drodzy \u017cydowscy bracia <em>[a jednak bracia, bua ha ha ha &#8211; admin], <\/em>czujcie si\u0119 jak u siebie w domu <em>[od dawna czuj\u0105 si\u0119 w Neoko\u015bciele, jak u siebie w domu &#8211; admin]<\/em>, bo tego pragn\u0105 chrze\u015bcijanie, pomimo oznak nietolerancji. Wasza tu obecno\u015b\u0107 nie desekralizuje \u015awi\u0105tyni Bo\u017cej. B\u0119dziemy kontynuowali nasze spotkanie, kt\u00f3re Franciszek zawsze promowa\u0142 i ceni\u0142 tak bardzo, \u00a0w pokoju.\u201d \u00a0<em>[A wi\u0119c \u017cydzi maj\u0105 wi\u0119ksze prawa przebywania w katolickiej \u015bwi\u0105tyni, ni\u017c &#8222;ultratradycjonalistyczni&#8221; katolicy&#8230; &#8211; admin]<\/em><\/p>\r\n<p>(G\u0142os zabra\u0142 r\u00f3wnie\u017c wielki przyjaciel Franciszka, rabin Skorka, zbulwersowany okrzykami, \u017ce \u017cydzi zabili Jezusa. Jan Pawe\u0142 II te\u017c mia\u0142 wielkiego \u017cydowskiego przyjaciela. Jaka\u015b moda na \u017cydowskich przyjaci\u00f3\u0142, czy co? &#8211; admin)<\/p>\r\n<p>O. Christian Bouchacourt, prze\u0142o\u017cony Bractwa \u015aw. Piusa X na Ameryk\u0119 Po\u0142udniow\u0105, powiedzia\u0142 w \u015brod\u0119 w wywiadzie dla Radio La Red, \u017ce protestuj\u0105cy nale\u017c\u0105 do jego organizacji i \u017ce maj\u0105 prawo czu\u0107 si\u0119 oburzeni , gdy rabini przewodniczyli ceremonii w katedrze.\u00a0\u201d Uznaj\u0119 autorytet papie\u017ca, ale on nie jest nieomylny, a w tym przypadku dokonuje czyn\u00f3w, kt\u00f3rych nie mo\u017cemy akceptowa\u0107 .\u201d<\/p>\r\n<p>Przedstawiciel Watykanu odm\u00f3wi\u0142 komentarzy, stwierdzaj\u0105c, i\u017c sprawa le\u017cy poza obr\u0119bem jego normalnej jurysdykcji.<\/p>\r\n<p>(Kilka sztampowych, \u017curnalistycznych informacji o Bractwie, kt\u00f3re opuszczamy &#8211; admin)<\/p>\r\n<p>Papie\u017c Benedykt uczyni\u0142 z pogodzenia si\u0119 z Bractwem spraw\u0119 priorytetow\u0105, lecz Franciszek da\u0142 do zrozumienie, \u017ce ma\u0142o go obchodzi &#8222;zalecanie si\u0119\u201d do tradycjonalist\u00f3w,<\/p>\r\n<p>(Przypomnienie sprawy pogrzebu Priebkego &#8211; admin)<\/p>\r\n<p><em>Nicole Winfield, AP<\/em><br \/> <em>Za\u00a0<a href=\"http:\/\/news.yahoo.com\/catholic-fringe-disrupts-kristallnacht-ceremony-170954080.html\">http:\/\/news.yahoo.com\/<br \/> <\/a>T\u0142umaczenie i skr\u00f3t &#8211; gajowy Marucha<\/em><\/p>\r\n<p class=\"zrodlo\">Za: <a href=\"http:\/\/marucha.wordpress.com\/2013\/11\/14\/katolicki-odlam-zakloca-ceremonie-poswiecona-krysztalowej-nocy\/\">Dziennik gajowego Maruchy (2013-11-14)<\/a><\/p>\r\n<\/blockquote>\r\n<h6>\u00a0<\/h6>\r\n<blockquote>\r\n<h2>Argentyna: O\u015bwiadczenie ks. Bouchacourta FSSPX w sprawie spotkania mi\u0119dzyreligijnego w katedrze w Buenos Aires<\/h2>\r\n<p>13 listopada br. w katedrze metropolitalnej w Buenos Aires w Argentynie mia\u0142o miejsce chrze\u015bcija\u0144sko-\u017cydowskie spotkanie mi\u0119dzyreligijne, zorganizowane dla upami\u0119tnienia 75. rocznicy tzw. nocy kryszta\u0142owej &#8211; pogromu \u017byd\u00f3w inspirowanego i organizowanego przez w\u0142adze III Rzeszy Niemieckiej. W latach ubieg\u0142ych podobnym spotkaniom przewodniczy\u0142 rabin Abraham Sk\u00f3rka i abp Jerzy Mariusz Bergoglio (obecnie papie\u017c Franciszek); w tym roku stron\u0119 \u017cydowsk\u0105 reprezentowa\u0142 rabin Aleksander Awruj, a katolick\u0105 &#8211; obecny ordynariusz Buenos Aires abp Mariusz (Mario) Poli. W katedrze byli r\u00f3wnie\u017c obecni przedstawiciele wsp\u00f3lnot protestanckich: ewangelik\u00f3w, luteran i metodyst\u00f3w.<\/p>\r\n<table style=\"width: 207px; height: 192px;\" align=\"left\">\r\n<tbody>\r\n<tr>\r\n<td><a href=\"http:\/\/news.fsspx.pl\/wp-content\/uploads\/Facade_BA_Metropolitan_Church.jpg\" rel=\"fancybox\"><img decoding=\"async\" alt=\"Fasada katedry pw. Tr\u00f3jcy Przenaj\u015bwi\u0119tszej w stolicy Argentyny Buenos Aires\" src=\"http:\/\/news.fsspx.pl\/wp-content\/uploads\/Facade_BA_Metropolitan_Church-300x225.jpg\" width=\"188\" height=\"140\" \/><\/a><\/td>\r\n<\/tr>\r\n<tr>\r\n<td>\r\n<p class=\"zrodlo\">Fasada katedry Tr\u00f3jcy<br \/> Przenaj\u015bwi\u0119tszej w Buenos Aires<\/p>\r\n<\/td>\r\n<\/tr>\r\n<\/tbody>\r\n<\/table>\r\n<p>Argenty\u0144skie \u015brodowiska katolickich tradycjonalist\u00f3w wzywa\u0142y abp. Poliego, aby zrezygnowa\u0142 z organizowania podobnych spotka\u0144 w katedrze. Poniewa\u017c apele nie odnios\u0142y \u017cadnego rezultatu, grupa ok. 40 wiernych zwi\u0105zanych z miejscowym apostolatem Bractwa Kap\u0142a\u0144skiego \u015awi\u0119tego Piusa X wkroczy\u0142a do katedry podczas wspomnianego spotkania i w ge\u015bcie protestu zacz\u0119\u0142a odmawia\u0107 modlitw\u0119 r\u00f3\u017ca\u0144cow\u0105.<\/p>\r\n<p>Protest m\u0142odych katolik\u00f3w media nazwa\u0142y \u201eaktem antysemickim\u201d. W zwi\u0105zku z tym ks. Krystian Bouchacourt, prze\u0142o\u017cony po\u0142udniowoameryka\u0144skiego dystryktu FSSPX, wyda\u0142 nast\u0119puj\u0105ce o\u015bwiadczenie:<\/p>\r\n<p>Bractwo Kap\u0142a\u0144skie \u015awi\u0119tego Piusa X przypomina nauczanie zawarte w encyklice <em>Mortalium animos<\/em> papie\u017ca Piusa XI, kt\u00f3ra <a href=\"http:\/\/www.vatican.va\/holy_father\/pius_xi\/encyclicals\/documents\/hf_p-xi_enc_19280106_mortalium-animos_lt.html\">wci\u0105\u017c jest dost\u0119pna na oficjalnej stronie Stolicy \u015awi\u0119tej<\/a>:<\/p>\r\n<p style=\"padding-left: 30px;\">\u201e[Pewne ko\u0142a] wychodz\u0105 z za\u0142o\u017cenia, dla nich nie ulegaj\u0105cego w\u0105tpliwo\u015bci, \u017ce bardzo rzadko tylko znajdzie si\u0119 cz\u0142owiek, kt\u00f3ryby nie mia\u0142 w sobie uczucia religijnego, widocznie \u017cywi\u0105 nadziej\u0119, \u017ce mimo wszystkie r\u00f3\u017cnice zapatrywa\u0144 religijnych, nie trudno b\u0119dzie, by ludzie przez wyznawanie nie kt\u00f3rych zasad wiary, jako pewnego rodzaju wsp\u00f3lnej podstawy \u017cycia religijnego w braterstwie si\u0119 zjednali. W tym celu urz\u0105dzaj\u0105, zjazdy, zebrania i odczyty z nieprzeci\u0119tnym udzia\u0142em s\u0142uchaczy i zapraszaj\u0105 na nie dla om\u00f3wienia tej sprawy wszystkich, bez r\u00f3\u017cnicy, pogan wszystkich odcieni, jak i chrze\u015bcijan, ba, nawet tych, kt\u00f3rzy &#8211; niestety &#8211; odpadli od Chrystusa, lub te\u017c uporczywie przeciwstawiaj\u0105 si\u0119 Jego Boskiej naturze i pos\u0142annictwu.<\/p>\r\n<p style=\"padding-left: 30px;\">W tym celu urz\u0105dzaj\u0105, zjazdy, zebrania i odczyty z nieprzeci\u0119tnym udzia\u0142em s\u0142uchaczy i zapraszaj\u0105 na nie dla om\u00f3wienia tej sprawy wszystkich, bez r\u00f3\u017cnicy, pogan wszystkich odcieni, jak i chrze\u015bcijan, ba, nawet tych, kt\u00f3rzy &#8211; niestety &#8211; odpadli od Chrystusa, lub te\u017c uporczywie przeciwstawiaj\u0105 si\u0119 Jego Boskiej naturze i pos\u0142annictwu. Katolicy nie mog\u0105 \u017cadnym paktowaniem pochwali\u0107 takich usi\u0142owa\u0144, poniewa\u017c one polegaj\u0105 na b\u0142\u0119dnym zapatrywaniu, \u017ce wszystkie religie s\u0105 mniej lub wi\u0119cej dobre i chwalebne, o ile, \u017ce one w r\u00f3wny spos\u00f3b, chocia\u017c w r\u00f3\u017cnej formie, ujawniaj\u0105 i wyra\u017caj\u0105 nasz przyrodzony zmys\u0142, kt\u00f3ry nas poci\u0105ga do Boga i do wiernego uznania Jego panowania. Wyznawcy tej idei nie tylko s\u0105 w b\u0142\u0119dzie i \u0142udz\u0105 si\u0119, lecz odst\u0119puj\u0105 r\u00f3wnie\u017c od prawdziwej wiary, wypaczaj\u0105c jej poj\u0119cie i wpadaj\u0105c krok po kroku w naturalizm i ateizm. Z tego jasno wynika, \u017ce od religii przez Boga nam objawionej, odst\u0119puje zupe\u0142nie ten, ktokolwiek podobne idee i usi\u0142owania popiera.<\/p>\r\n<p style=\"padding-left: 30px;\">Nie \u017cywi\u0105c \u017cadnego rodzaju niech\u0119ci wobec jakiejkolwiek wsp\u00f3lnoty religijnej, Bractwo Kap\u0142a\u0144skie \u015awi\u0119tego Piusa X stosuje si\u0119 do niezmiennego nauczania [Ko\u015bcio\u0142a] i stanowczo sprzeciwia si\u0119 organizowaniu spotka\u0144 mi\u0119dzyreligijnych w \u015bwi\u0105tyniach katolickich.&#8221;<\/p>\r\n<p>(tekst polski za: <a href=\"http:\/\/www.opoka.org.pl\/biblioteka\/W\/WP\/pius_xi\/encykliki\/mortalium_animos_06011928.html\">opoka.org.pl<\/a>)<\/p>\r\n<p><strong>\u0179r\u00f3d\u0142a<\/strong><\/p>\r\n<ul>\r\n<li><a href=\"http:\/\/www.fsspx-sudamerica.org\/fraternidad\/comunicado13nov.php\">Comunicado del padre Christian Bouchacourt, superior del distrito de Am\u00c3\u00a9rica del Sur de la Fraternidad Sacerdotal San P\u00c3\u00ado X<\/a><\/li>\r\n<\/ul>\r\n<p>Poni\u017cej [<strong><em>powy\u017cej<\/em><\/strong>] amatorski film, przedstawiaj\u0105cy to wydarzenie<\/p>\r\n<p class=\"zrodlo\">Za: W<a href=\"http:\/\/news.fsspx.pl\/2013\/11\/argentyna-oswiadczenie-ks-bouchacourta-fsspx-w-sprawie-spotkania-miedzyreligijnego-w-katedrze-w-buenos-aires\/\">iadomo\u015bci Tradycji katolickiej (17 listopada 2013)<\/a><\/p>\r\n<\/blockquote>\r\n<h6>\u00a0<\/h6>\r\n<blockquote>\r\n<h2>Meakulpizm jeszcze nigdy nie mia\u0142 si\u0119 tak dobrze<\/h2>\r\n<p>Jak donosi <span style=\"text-decoration: underline;\"><a href=\"http:\/\/itongadol.com\/noticias\/val\/74911\/kristallnacht-catedral-la-iglesia-pidio-disculpas-en-una-sinagoga-y-califico-como-%E2%80%9Cescandaloso-lo-ocurrido-.html\">\u017bydowska Agencja Informacyjna<\/a><\/span>, w buenosaire\u0144skiej synagodze odby\u0142o si\u0119 spotkanie po\u015bwi\u0119cone promocji nowej ksi\u0105\u017cki &#8222;<span style=\"text-decoration: underline;\"><a href=\"http:\/\/www.edicionesb-argentina.com\/libro\/un-evangelio-segun-francisco\/\">Ewangelia wed\u0142ug Franciszka<\/a><\/span>&#8222;, podczas kt\u00f3rego przedstawiciel miejscowej kurii metropolitalnej, ks. Ferdynand Gianetti (dyrektor kurialnego wydzia\u0142u ds. ekumenizmu i dialogu mi\u0119dzyreligijnego), jak za &#8222;najlepszych&#8221;, stalinowskich czas\u00f3w, z\u0142o\u017cy\u0142 &#8222;perd\u00f3n en nombre de la Iglesia\u201d (przeprosiny w imieniu Ko\u015bcio\u0142a) (sic!!!) czyli rytualn\u0105 samokrytyk\u0119, aby przeprosi\u0107 &#8222;naszych starszych braci w wierze&#8221; za &#8222;skandaliczny&#8221; incydent polegaj\u0105cy na tym, \u017ce grupa katolik\u00f3w <span style=\"text-decoration: underline;\"><a href=\"http:\/\/breviarium.blogspot.com\/2013\/11\/w-rocznice-kristallnacht.html\">przysz\u0142a do katolickiej archikatedry i zacz\u0119\u0142a odmawia\u0107 na g\u0142os r\u00f3\u017caniec<\/a><\/span>, przerywaj\u0105c ob\u0142udne spotkanie mi\u0119dzyreligijne.<\/p>\r\n<p>[youtube u7QUbKiD33c width=&#8221;480&#8243;]<\/p>\r\n<p><span style=\"font-size: x-small;\">Napisa\u0142 Dextimus dnia <a title=\"permanent link\" href=\"http:\/\/breviarium.blogspot.com\/2013\/11\/meakulpizm-jeszcze-nigdy-nie-mia-sie.html\" rel=\"bookmark\"><abbr title=\"2013-11-18T16:42:00+01:00\">18.11.13<\/abbr><\/a><\/span><\/p>\r\n<p class=\"zrodlo\">Za: <a href=\"http:\/\/breviarium.blogspot.com\/2013\/11\/meakulpizm-jeszcze-nigdy-nie-mia-sie.html\">Breviarium &#8211; dawniej: Kronika Novus Ordo (18 listopada 2013)<\/a><\/p>\r\n<\/blockquote>","protected":false},"excerpt":{"rendered":"Jak co roku w rocznic\u0119 Kristallnacht w katedrze w Buenos Aires odby\u0142a si\u0119 uroczysta okoliczno\u015bciowa \u017cydowsko-katolicka akademia. W tym roku obchody \u015bwi\u0119ta synkretyzmu zosta\u0142y zak\u0142\u00f3cone przez &#8222;schizmatyk\u00f3w&#8221; z miejscowego oddzia\u0142u Bractwa \u015bw. Piusa X, kt\u00f3rzy jak gdyby nigdy nic weszli sobie do katolickiej katedry i zacz\u0119li na g\u0142os odmawia\u0107 r\u00f3\u017caniec. I to jeszcze po \u0142acinie, [&hellip;]","protected":false},"author":1,"featured_media":0,"comment_status":"closed","ping_status":"closed","sticky":false,"template":"","format":"standard","meta":{"_acf_changed":false,"_monsterinsights_skip_tracking":false,"_monsterinsights_sitenote_active":false,"_monsterinsights_sitenote_note":"","_monsterinsights_sitenote_category":0,"ngg_post_thumbnail":0,"footnotes":"","_wp_rev_ctl_limit":""},"categories":[3],"tags":[257,300,301,32,101,33],"acf":[],"_links":{"self":[{"href":"https:\/\/www.bibula.com\/index.php?rest_route=\/wp\/v2\/posts\/71360"}],"collection":[{"href":"https:\/\/www.bibula.com\/index.php?rest_route=\/wp\/v2\/posts"}],"about":[{"href":"https:\/\/www.bibula.com\/index.php?rest_route=\/wp\/v2\/types\/post"}],"author":[{"embeddable":true,"href":"https:\/\/www.bibula.com\/index.php?rest_route=\/wp\/v2\/users\/1"}],"replies":[{"embeddable":true,"href":"https:\/\/www.bibula.com\/index.php?rest_route=%2Fwp%2Fv2%2Fcomments&post=71360"}],"version-history":[{"count":0,"href":"https:\/\/www.bibula.com\/index.php?rest_route=\/wp\/v2\/posts\/71360\/revisions"}],"wp:attachment":[{"href":"https:\/\/www.bibula.com\/index.php?rest_route=%2Fwp%2Fv2%2Fmedia&parent=71360"}],"wp:term":[{"taxonomy":"category","embeddable":true,"href":"https:\/\/www.bibula.com\/index.php?rest_route=%2Fwp%2Fv2%2Fcategories&post=71360"},{"taxonomy":"post_tag","embeddable":true,"href":"https:\/\/www.bibula.com\/index.php?rest_route=%2Fwp%2Fv2%2Ftags&post=71360"}],"curies":[{"name":"wp","href":"https:\/\/api.w.org\/{rel}","templated":true}]}}