{"id":71356,"date":"2013-11-15T09:52:30","date_gmt":"2013-11-15T14:52:30","guid":{"rendered":"http:\/\/www.bibula.com\/?p=71356"},"modified":"2013-11-15T09:52:30","modified_gmt":"2013-11-15T14:52:30","slug":"ks-rafal-trytek-palenie-teczy-jest-moralnie-uzasadnione-choc-nielegalne","status":"publish","type":"post","link":"https:\/\/www.bibula.com\/?p=71356","title":{"rendered":"Ks. Rafa\u0142 Trytek: Palenie t\u0119czy jest moralnie uzasadnione, cho\u0107 nielegalne"},"content":{"rendered":"<p><strong><em>&#8211; Palenie t\u0119czy jest moralnie uzasadnione, cho\u0107 nielegalne &#8211; powiedzia\u0142 Prawy.pl ks. Rafa\u0142 Trytek w rozmowie z Robertem Witem Wyrostkiewiczem.<\/em><\/strong><\/p>\r\n<p><a title=\"Ks. Rafa\u0142 Trytek: Wolno pali\u0107 t\u0119cz\u0119\" href=\"http:\/\/prawy.pl\/images\/stories\/wiara\/ksrafatrytek.jpg\" rel=\"lightbox-article\"><img decoding=\"async\" class=\"alignleft\" style=\"margin: 10px;\" alt=\"Ks. Rafa\u0142 Trytek: Wolno pali\u0107 t\u0119cz\u0119\" src=\"http:\/\/www.prawy.pl\/images\/plg_jdvthumbs\/thumb29-ksrafatrytek-da3a413125ca97536a255fa0892002df.jpg\" width=\"280\" height=\"144\" align=\"left\" \/><\/a><strong>&#8211; Spalenie t\u0119czy to dewastacja mienia publicznego, a z drugiej strony\u2026 No w\u0142a\u015bnie, co m\u00f3g\u0142by o tym powiedzie\u0107 teolog?<\/strong><\/p>\r\n<p>Prawo naturalne ma wi\u0119ksz\u0105 warto\u015b\u0107 ni\u017c pozytywne, czyli stanowione. To pierwsze pochodzi od Boga, a to drugie od cz\u0142owieka, dlatego pod pewnymi warunkami mo\u017cna &#8211; odwo\u0142uj\u0105c si\u0119 do prawa naturalnego &#8211; nie stosowa\u0107 si\u0119 do przepis\u00f3w prawa stanowionego, zw\u0142aszcza je\u017celi uderza ono w publiczn\u0105 moralno\u015b\u0107. Z tego powodu palenie t\u0119czy jest moralnie uzasadnione, cho\u0107 nielegalne. Inna sprawa czy zawsze takie post\u0119powanie jest roztropne.<\/p>\r\n<p><strong>&#8211; Ale niech mi Ksi\u0105dz nie m\u00f3wi, \u017ce \u0142ysi i kibice to wsp\u00f3\u0142cze\u015bni krzy\u017cowcy walcz\u0105cy o cywilizacj\u0119 \u0142aci\u0144sk\u0105 i takie tam\u2026<\/strong><\/p>\r\n<p>Oczywi\u015bcie ani skinheadzi ani stadionowi chuligani nie s\u0105 krzy\u017cowcami, kt\u00f3rzy walcz\u0105 za chrze\u015bcija\u0144stwo, co nie zmienia faktu, \u017ce od czasu do czasu staj\u0105 po w\u0142a\u015bciwej stronie i bywaj\u0105 przydatni, gdy trzeba zwalcza\u0107 np. propagand\u0119 homoseksualn\u0105. Ich post\u0119powanie cz\u0119sto jest naganne, ale nie s\u0105dz\u0119, \u017ceby byli bardziej zdemoralizowani ni\u017c og\u00f3\u0142 spo\u0142ecze\u0144stwa.<\/p>\r\n<p><strong>&#8211; Jecha\u0142em na Marsz Niepodleg\u0142o\u015bci z jednym m\u0142odym ksi\u0119dzem. W stra\u017cy Marszu widzia\u0142em te\u017c jakiego\u015b kleryka. Jeden ksi\u0105dz ze Szczecina nawet zabra\u0142 g\u0142os przed Marszem i pob\u0142ogos\u0142awi\u0142 zebranych. Ale og\u00f3lnie duchowni stroni\u0105 chyba od narodowc\u00f3w.<\/strong><\/p>\r\n<p>Tak zwany ko\u015bci\u00f3\u0142 posoborowy lubi nami\u0119tnie dialogowa\u0107 ze wszystkimi, ze szczeg\u00f3lnym upodobaniem do wrog\u00f3w katolicyzmu takich jak masoni, socjali\u015bci czy lewicowi libera\u0142owie. W przypadku potencjalnych sojusznik\u00f3w wida\u0107 natomiast ogromny dystans i cz\u0119sto w\u0142\u0105czanie si\u0119 do ch\u00f3ru pot\u0119pie\u0144 ze strony mainstreamu. Inna sprawa, \u017ce wsp\u00f3\u0142czesny ruch narodowy jest tylko cieniem, a czasem karykatur\u0105 przedwojennego i miejsca na jaki\u015b dialog nie ma zbyt wiele.<\/p>\r\n<p><strong>&#8211; Pami\u0119tam, \u017ce kiedy\u015b Ksi\u0105dz uwa\u017ca\u0142 si\u0119 chyba bardziej za monarchist\u0119 ni\u017c endeka. Co\u015b si\u0119 zmieni\u0142o?<\/strong><\/p>\r\n<p>Zmieni\u0142o si\u0119 niewiele. Od mniej wi\u0119cej po\u0142owy lat dziewi\u0119\u0107dziesi\u0105tych (zamierzch\u0142e czasy prawda?), czyli od czas\u00f3w licealnych jestem tradycjonalist\u0105 i monarchist\u0105 o pogl\u0105dach narodowych. Endekiem w \u015bcis\u0142ym znaczeniu nie by\u0142em natomiast nigdy. Zawsze bli\u017cej mi by\u0142o do &#8222;m\u0142odych&#8221; i ONR-ABC. Romana Dmowskiego ceni\u0119 jako realistycznego polityka, ale z jego publicystyki wol\u0119 &#8222;Przewr\u00f3t&#8221; ni\u017c &#8222;My\u015bli nowoczesnego Polaka&#8221;.<\/p>\r\n<p><a title=\"Ks. Rafa\u0142 Trytek: Wolno pali\u0107 t\u0119cz\u0119\" href=\"http:\/\/prawy.pl\/images\/stories\/wiara\/tryteknarodowcy.jpg\" rel=\"lightbox-article\"><img decoding=\"async\" alt=\"Ks. Rafa\u0142 Trytek: Wolno pali\u0107 t\u0119cz\u0119\" src=\"http:\/\/www.prawy.pl\/images\/plg_jdvthumbs\/thumb29-tryteknarodowcy-b3298f00bd79a8dffdc2d0f6faaf389a.jpg\" \/><\/a><strong><\/strong><\/p>\r\n<p><strong>&#8211; Widzi Ksi\u0105dz jak\u0105\u015b przysz\u0142o\u015b\u0107 polityczn\u0105 dla Ruchu Narodowego czy narodowc\u00f3w w og\u00f3le.? Tak realnie, szczerze &#8211; jak na spowiedzi\u2026<\/strong><\/p>\r\n<p>Najpierw musimy si\u0119 zapyta\u0107 czy istnieje przysz\u0142o\u015b\u0107 dla narodu jako takiego. Niestety, coraz wi\u0119cej czarnych chmur na naszym niebie. Wydaje si\u0119, \u017ce sterowana przez masoneri\u0119 lewica, ale i du\u017ca cz\u0119\u015b\u0107 prawicy chc\u0105 ostatecznie dostosowa\u0107 nas do standard\u00f3w unijnych. Zatem w tej ostatecznej walce o to\u017csamo\u015b\u0107 musz\u0105 stan\u0105\u0107 rami\u0119 w rami\u0119 wszyscy pragn\u0105cy broni\u0107 naszej katolickiej tradycji i kultury narodowej. W tej liczbie widz\u0119 i narodowc\u00f3w, cho\u0107 dla formacji politycznej o \u015bci\u015ble nacjonalistycznym obliczu nie widz\u0119 w Polsce miejsca.<\/p>\r\n<p><strong>Dzi\u0119kuj\u0119 za rozmow\u0119.<br \/> <em>Rozmawia\u0142 Robert Wit Wyrostkiewicz.<\/em><\/strong><\/p>","protected":false},"excerpt":{"rendered":"&#8211; Palenie t\u0119czy jest moralnie uzasadnione, cho\u0107 nielegalne &#8211; powiedzia\u0142 Prawy.pl ks. Rafa\u0142 Trytek w rozmowie z Robertem Witem Wyrostkiewiczem. &#8211; Spalenie t\u0119czy to dewastacja mienia publicznego, a z drugiej strony\u2026 No w\u0142a\u015bnie, co m\u00f3g\u0142by o tym powiedzie\u0107 teolog? Prawo naturalne ma wi\u0119ksz\u0105 warto\u015b\u0107 ni\u017c pozytywne, czyli stanowione. To pierwsze pochodzi od Boga, a to [&hellip;]","protected":false},"author":1,"featured_media":0,"comment_status":"closed","ping_status":"closed","sticky":false,"template":"","format":"standard","meta":{"_acf_changed":false,"_monsterinsights_skip_tracking":false,"_monsterinsights_sitenote_active":false,"_monsterinsights_sitenote_note":"","_monsterinsights_sitenote_category":0,"ngg_post_thumbnail":0,"footnotes":"","_wp_rev_ctl_limit":""},"categories":[5],"tags":[26,92,283],"acf":[],"_links":{"self":[{"href":"https:\/\/www.bibula.com\/index.php?rest_route=\/wp\/v2\/posts\/71356"}],"collection":[{"href":"https:\/\/www.bibula.com\/index.php?rest_route=\/wp\/v2\/posts"}],"about":[{"href":"https:\/\/www.bibula.com\/index.php?rest_route=\/wp\/v2\/types\/post"}],"author":[{"embeddable":true,"href":"https:\/\/www.bibula.com\/index.php?rest_route=\/wp\/v2\/users\/1"}],"replies":[{"embeddable":true,"href":"https:\/\/www.bibula.com\/index.php?rest_route=%2Fwp%2Fv2%2Fcomments&post=71356"}],"version-history":[{"count":0,"href":"https:\/\/www.bibula.com\/index.php?rest_route=\/wp\/v2\/posts\/71356\/revisions"}],"wp:attachment":[{"href":"https:\/\/www.bibula.com\/index.php?rest_route=%2Fwp%2Fv2%2Fmedia&parent=71356"}],"wp:term":[{"taxonomy":"category","embeddable":true,"href":"https:\/\/www.bibula.com\/index.php?rest_route=%2Fwp%2Fv2%2Fcategories&post=71356"},{"taxonomy":"post_tag","embeddable":true,"href":"https:\/\/www.bibula.com\/index.php?rest_route=%2Fwp%2Fv2%2Ftags&post=71356"}],"curies":[{"name":"wp","href":"https:\/\/api.w.org\/{rel}","templated":true}]}}