{"id":71059,"date":"2013-11-06T11:55:15","date_gmt":"2013-11-06T16:55:15","guid":{"rendered":"http:\/\/www.bibula.com\/?p=71059"},"modified":"2013-11-06T14:20:42","modified_gmt":"2013-11-06T19:20:42","slug":"watykan-po-raz-kolejny-ostrzega-przez-medjugorie","status":"publish","type":"post","link":"https:\/\/www.bibula.com\/?p=71059","title":{"rendered":"Watykan po raz kolejny ostrzega przed Medjugorie"},"content":{"rendered":"<p><strong>W internecie pojawi\u0142 si\u0119 list nuncjusza watyka\u0144skiego w Stanach Zjednoczonych Carlo Marii Vigano do ks. bp Ronny&#8217;ego Jenkinsa, sekretarza generalnego Konferencji Biskup\u00f3w Katolickich w USA.<\/strong><\/p>\r\n<p>List skierowany w imieniu abp Gerharda Muellera do biskup\u00f3w ameryka\u0144skich ostrzega przez planowanymi odwiedzinami niekt\u00f3rych parafii w USA przez Ivana Dragicevicia &#8211; jednego z wizjoner\u00f3w z Medjugorie.<\/p>\r\n<p>Jak czytamy w li\u015bcie podczas spotakan przewidziane jest &#8222;otrzymanie objawie\u0144&#8221;.<\/p>\r\n<p>List przypomina, \u017ce pozostaj\u0105 w mocy wypowiedzi na temat tego co si\u0119 dzieje w Medjugorie og\u0142oszone ju\u017c w 1991 roku przez Konferencj\u0119 Biskup\u00f3w Jugos\u0142awii. Biskupi orzekli wedy, \u017ce nie ma mo\u017cliwo\u015bci stwierdzi\u0107, \u017ce mamy do czynienia ze zjawiskami nadprzyrodzonymi.<\/p>\r\n<p><strong>ToR<\/strong><\/p>\r\n<p><img fetchpriority=\"high\" decoding=\"async\" alt=\"\" src=\"http:\/\/www.fronda.pl\/site_media\/media\/uploads\/MedjugorjeLetter.jpg\" width=\"600\" height=\"765\" \/><\/p>\r\n<blockquote>\r\n<p><strong>KOMENTARZ <em>BIBU\u0141Y<\/em><\/strong>: Czy dalej Radio Maryja, czy dalej ojciec Dyrektor b\u0119d\u0105 propagowali te &#8211; u\u017cywajmy jasnych okre\u015ble\u0144 &#8211; szata\u0144skie zjawy z Medjugorie?<\/p>\r\n<\/blockquote>","protected":false},"excerpt":{"rendered":"W internecie pojawi\u0142 si\u0119 list nuncjusza watyka\u0144skiego w Stanach Zjednoczonych Carlo Marii Vigano do ks. bp Ronny&#8217;ego Jenkinsa, sekretarza generalnego Konferencji Biskup\u00f3w Katolickich w USA. List skierowany w imieniu abp Gerharda Muellera do biskup\u00f3w ameryka\u0144skich ostrzega przez planowanymi odwiedzinami niekt\u00f3rych parafii w USA przez Ivana Dragicevicia &#8211; jednego z wizjoner\u00f3w z Medjugorie. Jak czytamy w [&hellip;]","protected":false},"author":1,"featured_media":0,"comment_status":"closed","ping_status":"closed","sticky":false,"template":"","format":"standard","meta":{"_acf_changed":false,"_monsterinsights_skip_tracking":false,"_monsterinsights_sitenote_active":false,"_monsterinsights_sitenote_note":"","_monsterinsights_sitenote_category":0,"ngg_post_thumbnail":0,"footnotes":"","_wp_rev_ctl_limit":""},"categories":[3],"tags":[74,221,41],"acf":[],"_links":{"self":[{"href":"https:\/\/www.bibula.com\/index.php?rest_route=\/wp\/v2\/posts\/71059"}],"collection":[{"href":"https:\/\/www.bibula.com\/index.php?rest_route=\/wp\/v2\/posts"}],"about":[{"href":"https:\/\/www.bibula.com\/index.php?rest_route=\/wp\/v2\/types\/post"}],"author":[{"embeddable":true,"href":"https:\/\/www.bibula.com\/index.php?rest_route=\/wp\/v2\/users\/1"}],"replies":[{"embeddable":true,"href":"https:\/\/www.bibula.com\/index.php?rest_route=%2Fwp%2Fv2%2Fcomments&post=71059"}],"version-history":[{"count":0,"href":"https:\/\/www.bibula.com\/index.php?rest_route=\/wp\/v2\/posts\/71059\/revisions"}],"wp:attachment":[{"href":"https:\/\/www.bibula.com\/index.php?rest_route=%2Fwp%2Fv2%2Fmedia&parent=71059"}],"wp:term":[{"taxonomy":"category","embeddable":true,"href":"https:\/\/www.bibula.com\/index.php?rest_route=%2Fwp%2Fv2%2Fcategories&post=71059"},{"taxonomy":"post_tag","embeddable":true,"href":"https:\/\/www.bibula.com\/index.php?rest_route=%2Fwp%2Fv2%2Ftags&post=71059"}],"curies":[{"name":"wp","href":"https:\/\/api.w.org\/{rel}","templated":true}]}}