{"id":70966,"date":"2013-11-01T14:59:54","date_gmt":"2013-11-01T19:59:54","guid":{"rendered":"http:\/\/www.bibula.com\/?p=70966"},"modified":"2013-11-01T15:00:24","modified_gmt":"2013-11-01T20:00:24","slug":"zandarmeria-wojskowa-z-policyjnymi-uprawnieniami-na-11-listopada","status":"publish","type":"post","link":"https:\/\/www.bibula.com\/?p=70966","title":{"rendered":"\u0179andarmeria Wojskowa z policyjnymi uprawnieniami na 11 listopada"},"content":{"rendered":"<p><strong>\u0179andarmeria Wojskowa b\u0119dzie nadzorowa\u0107 warszawski szczyt klimatyczny i uroczysto\u015bci \u015awi\u0119ta 11 listopada. \u0179o\u0142nierze tej formacji w ca\u0142ym kraju otrzymaj\u0105 specjalne uprawnienia. <br \/><\/strong><\/p>\r\n<p><img decoding=\"async\" class=\"alignleft\" style=\"margin: 10px;\" alt=\"\u0179andarmeria Wojskowa z policyjnymi uprawnieniami na 11 listopada\" src=\"http:\/\/www.pch24.pl\/images\/min_mid_big\/mid_18860.jpg\" width=\"269\" height=\"155\" align=\"left\" \/>29 pa\u017adziernika Donald Tusk wyda\u0142 zarz\u0105dzenie nadaj\u0105ce od 5 listopada \u017co\u0142nierzom \u0179andarmerii Wojskowej na terenie ca\u0142ego kraju uprawnienia policyjne wobec os\u00f3b cywilnych.<\/p>\r\n<p>\u201e\u0179andarmeria Wojskowa wesprze policj\u0119 w zakresie ochrony bezpiecze\u0144stwa i porz\u0105dku publicznego podczas 19 sesji 9 Konferencji Stron Ramowej Konwencji Narod\u00f3w Zjednoczonych w sprawie zmian klimatu, kt\u00f3re odb\u0119d\u0105 si\u0119 w Warszawie w dniach 11 &#8211; 22 listopada 2013 r.\u201d &#8211; informuje mjr Micha\u0142 Chy\u0142kowski, rzecznik \u0179andarmerii. \u0179o\u0142nierze b\u0119d\u0105 zabezpiecza\u0107 tak\u017ce \u201eog\u00f3lnopolskie uroczysto\u015bci pa\u0144stwowe i obywatelskie maj\u0105ce na celu uczczenie odzyskania przez Polsk\u0119 niepodleg\u0142o\u015bci, kt\u00f3re odb\u0119d\u0105 si\u0119 w dniu 11 listopada 2013 r.\u201d<\/p>\r\n<p>W\u015br\u00f3d uprawnie\u0144, kt\u00f3re nabywa \u0179W znajduj\u0105 si\u0119 m.in. mo\u017cliwo\u015b\u0107 legitymowania os\u00f3b zatrzymanych w razie uzasadnionego podejrzenia pope\u0142nienia przest\u0119pstwa, a tak\u017ce przeprowadzania kontroli osobistej. \u0179o\u0142nierze z \u0179W b\u0119d\u0105 mieli prawo u\u017cy\u0107 \u015brodk\u00f3w przymusu bezpo\u015bredniego, a w szczeg\u00f3lnych przypadkach tak\u017ce broni palnej.<\/p>\r\n<p>\u0179r\u00f3d\u0142o: zw.wp.mil.pl<\/p>\r\n<p>luk<\/p>\r\n<p><span style=\"font-size: x-small;\">fot.zw.wp.mil.pl\/<\/span><\/p>","protected":false},"excerpt":{"rendered":"\u0179andarmeria Wojskowa b\u0119dzie nadzorowa\u0107 warszawski szczyt klimatyczny i uroczysto\u015bci \u015awi\u0119ta 11 listopada. \u0179o\u0142nierze tej formacji w ca\u0142ym kraju otrzymaj\u0105 specjalne uprawnienia. 29 pa\u017adziernika Donald Tusk wyda\u0142 zarz\u0105dzenie nadaj\u0105ce od 5 listopada \u017co\u0142nierzom \u0179andarmerii Wojskowej na terenie ca\u0142ego kraju uprawnienia policyjne wobec os\u00f3b cywilnych. \u201e\u0179andarmeria Wojskowa wesprze policj\u0119 w zakresie ochrony bezpiecze\u0144stwa i porz\u0105dku publicznego podczas [&hellip;]","protected":false},"author":1,"featured_media":0,"comment_status":"closed","ping_status":"closed","sticky":false,"template":"","format":"standard","meta":{"_acf_changed":false,"_monsterinsights_skip_tracking":false,"_monsterinsights_sitenote_active":false,"_monsterinsights_sitenote_note":"","_monsterinsights_sitenote_category":0,"ngg_post_thumbnail":0,"footnotes":"","_wp_rev_ctl_limit":""},"categories":[8],"tags":[92,136],"acf":[],"_links":{"self":[{"href":"https:\/\/www.bibula.com\/index.php?rest_route=\/wp\/v2\/posts\/70966"}],"collection":[{"href":"https:\/\/www.bibula.com\/index.php?rest_route=\/wp\/v2\/posts"}],"about":[{"href":"https:\/\/www.bibula.com\/index.php?rest_route=\/wp\/v2\/types\/post"}],"author":[{"embeddable":true,"href":"https:\/\/www.bibula.com\/index.php?rest_route=\/wp\/v2\/users\/1"}],"replies":[{"embeddable":true,"href":"https:\/\/www.bibula.com\/index.php?rest_route=%2Fwp%2Fv2%2Fcomments&post=70966"}],"version-history":[{"count":0,"href":"https:\/\/www.bibula.com\/index.php?rest_route=\/wp\/v2\/posts\/70966\/revisions"}],"wp:attachment":[{"href":"https:\/\/www.bibula.com\/index.php?rest_route=%2Fwp%2Fv2%2Fmedia&parent=70966"}],"wp:term":[{"taxonomy":"category","embeddable":true,"href":"https:\/\/www.bibula.com\/index.php?rest_route=%2Fwp%2Fv2%2Fcategories&post=70966"},{"taxonomy":"post_tag","embeddable":true,"href":"https:\/\/www.bibula.com\/index.php?rest_route=%2Fwp%2Fv2%2Ftags&post=70966"}],"curies":[{"name":"wp","href":"https:\/\/api.w.org\/{rel}","templated":true}]}}