{"id":70937,"date":"2013-11-01T09:43:08","date_gmt":"2013-11-01T14:43:08","guid":{"rendered":"http:\/\/www.bibula.com\/?p=70937"},"modified":"2013-11-01T11:28:09","modified_gmt":"2013-11-01T16:28:09","slug":"ci-co-odeszli-wyjatkowe-wspomnienie-zmarlych","status":"publish","type":"post","link":"https:\/\/www.bibula.com\/?p=70937","title":{"rendered":"Ci, co odeszli. Wyj\u0105tkowe wspomnienie zmar\u0142ych"},"content":{"rendered":"<p><strong>Jak zwykle w okresie Wszystkich \u015awi\u0119tych wspominamy tych, kt\u00f3rzy odeszli w ci\u0105gu ostatnich dwunastu miesi\u0119cy. D\u0142uga to lista. Dlatego dokonuj\u0105c wyboru, kierujemy si\u0119 zasad\u0105 obowi\u0105zuj\u0105ca w naszej kulturze &#8211; o zmar\u0142ych wy\u0142\u0105cznie dobrze. Albo wcale<\/strong><\/p>\r\n<p>Pomijam zatem zmar\u0142ych w tym okresie dyktator\u00f3w i ludob\u00f3jc\u00f3w, utalentowanych kapusi\u00f3w czy seksualnych dewiant\u00f3w &#8211; cho\u0107 by\u0142y to postacie niew\u0105tpliwie interesuj\u0105ce. Ich los znalaz\u0142 si\u0119 w r\u0119kach Wy\u017cszej Instancji, a noty i tak opublikuj\u0105 inne czasopisma.<br \/> Pochylmy si\u0119 nad tymi, kt\u00f3rzy zas\u0142uguj\u0105 na pami\u0119\u0107, szacunek i modlitw\u0119, nawet je\u015bli nie zawsze by\u0142o nam z niekt\u00f3rymi z nich po drodze.<\/p>\r\n<p><strong>13 listopada 2012 r. zmar\u0142 Erazm Cio\u0142ek<\/strong> (ur. 24 czerwca 1937 r. w \u0141odzi) &#8211; <a id=\"anchorbbtBubble126\"><\/a>fotograf Solidarno\u015bci. To jego <a id=\"anchorbbtBubble130\"><\/a>zdj\u0119cia ze strajkuj\u0105cej Stoczni Gda\u0144skiej stanowi\u0142y ikonograficzn\u0105 podbudow\u0119 rodz\u0105cej si\u0119 legendy, a wsp\u00f3lne fotografie z czerwcowych wybor\u00f3w 1989 r. kandydat\u00f3w do Parlamentu i Wa\u0142\u0119sy sta\u0142y si\u0119 przepustk\u0105 do polityki i historii. Od tego roku Stowarzyszenie Dziennikarzy Polskich przyznawa\u0107 b\u0119dzie nagrod\u0119 jego imienia.<\/p>\r\n<p><strong>19 listopada 2012 r. odszed\u0142 Borys Natanowicz Strugacki <\/strong>(ur. 15 kwietnia 1933 r. w Leningradzie), m\u0142odszy brat Arkadego\u00a0 (1925-1991 r.), z kt\u00f3rym wsp\u00f3lnie stworzyli ca\u0142\u0105 seri\u0119 powie\u015bci fantastyczno-naukowych, w kt\u00f3rych w pozornie odleg\u0142ym od rzeczywisto\u015bci kostiumie m\u00f3wili o odwiecznym konflikcie dobra i z\u0142a, portretuj\u0105c np. w \u201ePrzenicowanym \u015bwiecie\u201d doskonale znane im mechanizmy totalitaryzmu.<\/p>\r\n<p><strong>29 listopada 2012 r. zmar\u0142 Jacek Wo\u017aniakowski <\/strong>(ur. 23 kwietnia 1920 r. w Bi\u00f3rkowie). Pisarz i dziennikarz. Jedna z legend krakowskich &#8211; prawnuk malarza Henryka Rodakowskiego, wnuk Jana Gwalberta Pawlikowskiego, \u017co\u0142nierz AK, redaktor miesi\u0119cznika \u201eZnak\u201d i tw\u00f3rca wydawnictwa tej <a id=\"anchorbbtBubble264\"><\/a>nazwy. Pierwszy prezydent Krakowa w III RP.<\/p>\r\n<p><strong>5 grudnia 2012 r. zmar\u0142 w wieku 105 lat Oscar Niemeyer<\/strong> (ur. 15 grudnia 1907 r. w Rio de Janeiro) &#8211; jeden z najwybitniejszych architekt\u00f3w XX w., przez wiele lat zwi\u0105zany z ruchem komunistycznym, tw\u00f3rca nowej stolicy swojego ojczystego kraju Brasilii. Rekordzista r\u00f3wnie\u017c w innych dziedzinach &#8211; kiedy po 76 latach po\u017cycia owdowia\u0142, w wieku 99 lat stan\u0105\u0142 ponownie na \u015blubnym kobiercu z m\u0142odsz\u0105 od siebie o 38 lat sekretark\u0105 Ver\u0105 Luci\u0105.<\/p>\r\n<p><strong>10 grudnia 2012 r. zosta\u0142 zamordowany ciosami no\u017ca przez swojego wsp\u00f3lnika Krzysztof Zalewsk<\/strong>i (ur. 17 grudnia 1966 r. w Warszawie) &#8211; dziennikarz, wybitny specjalista lotniczy, redaktor \u201eTechniki Wojskowej\u201d, w kadencji 2006-2010 radny PiS-u, ekspert wypowiadaj\u0105cy si\u0119 odwa\u017cnie w sprawie katastrofy smole\u0144skiej, jeden z bohater\u00f3w filmu Anity Gargas. Mimo \u017ce zab\u00f3jstwo, kt\u00f3re poprzedzi\u0142 wybuch pirotechniczny w siedzibie sp\u00f3\u0142ki, uznane zosta\u0142o za wynik spor\u00f3w finansowych, istniej\u0105 powa\u017cne poszlaki, aby wpisywa\u0107 t\u0119 \u015bmier\u0107 na rosn\u0105c\u0105 list\u0119 ofiar postsmole\u0144skich.<\/p>\r\n<p><strong>23 grudnia 2012 r. zmar\u0142 Micha\u0142 Bobrowski\u00a0<\/strong> (ur. 19 lipca 1927 r. w Warszawie), dziennikarz radiowy i satyryk, pomys\u0142odawca krakowskich \u201eSpotka\u0144 z ballad\u0105\u201d.<\/p>\r\n<p><strong>27 grudnia 2012 r. zmar\u0142 Norman Schwarzkopf <\/strong>(ur. 22 sierpnia 1934 r. w Tampie na Florydzie), ameryka\u0144ski genera\u0142, legendarny dow\u00f3dca wojska antysaddamowej koalicji w \u201ePustynnej Burzy\u201d 1991 r. Zas\u0142yn\u0105\u0142 z celnych powiedzonek, jedno z nich brzmia\u0142o \u201eNie trzeba bohatera, aby wysy\u0142a\u0107 ludzi do boju. Trzeba by\u0107 bohaterem, aby by\u0107 jednym z nich\u201d.<\/p>\r\n<p><strong>1 stycznia\u00a0 2013 r. zmar\u0142a Teresa Tora\u0144ska<\/strong> (ur. 1 stycznia 1944 r. w Wo\u0142kowysku), dziennikarka \u201eDu\u017cego Formatu\u201d. Mistrzyni celnych wywiad\u00f3w, w kt\u00f3rych nawet w starciu z przeciwnikami potrafi\u0142a zachowa\u0107 wiele obiektywizmu. Zauwa\u017cy\u0142em to, kiedy dosta\u0142a w redakcji \u201ezlecenie na mnie\u201d i wywi\u0105za\u0142a si\u0119 z niego, nie czyni\u0105c wi\u0119kszej krzywdy. S\u0142aw\u0119 przynios\u0142y jej wywiady z by\u0142ymi prominentami re\u017cimu komunistycznego pt. \u201eOni\u201d, kontynuowane w kolejnych tomach.<\/p>\r\n<p><strong>2 stycznia 2013 r. nasz zesp\u00f3\u0142 redakcyjny straci\u0142 Paw\u0142a Paliwod\u0119<\/strong> (ur. 6 lutego 1963 r.), \u015bwietnego publicyst\u0119 i wspania\u0142ego koleg\u0119, zaliczaj\u0105cego si\u0119 do najwi\u0119kszych erudyt\u00f3w w gronie spotykaj\u0105cym si\u0119 podczas kolegi\u00f3w na Filtrowej. Wcze\u015bniej, jako cz\u0142owiek niepokorny, z trudem mie\u015bci\u0142 si\u0119 na \u0142amach \u201e\u0179ycia\u201d czy \u201eDziennika\u201d, bezlito\u015bnie zwalczaj\u0105c polityczn\u0105 poprawno\u015b\u0107 i inne patologie epoki. W jego wypadku wierno\u015b\u0107 arystotelesowym zasadom przek\u0142ada\u0142a si\u0119 na wierno\u015b\u0107 Prawdzie.<\/p>\r\n<p><strong>13 stycznia 2013 r. zmar\u0142 Micha\u0142 Kulesza<\/strong> (ur. 15 czerwca 1948 r.), jeden z architekt\u00f3w odrodzonego polskiego samorz\u0105du. Prawnik. Typ pa\u0144stwowca, kt\u00f3ry s\u0142u\u017cb\u0119 krajowi przedk\u0142ada\u0142 ponad meandry codziennej polityki.<\/p>\r\n<p><strong>17 stycznia 2013 r. zmar\u0142a Jadwiga Kaczy\u0144ska\u00a0<\/strong> (ur. 31 grudnia 1926 w Starachowicach). Trudno w paru s\u0142owach wspomnie\u0107 wsp\u00f3\u0142czesn\u0105 \u201eMatk\u0119 Kr\u00f3low\u201d, kobiet\u0119, kt\u00f3ra urodzi\u0142a i wychowa\u0142a \u201edw\u00f3ch takich\u201d, co wprawdzie nie ukradli Ksi\u0119\u017cyca, ale radykalnie zmienili wsp\u00f3\u0142czesn\u0105 histori\u0119 Polski. Szukaj\u0105c w\u0142a\u015bciwych s\u0142\u00f3w, przychodzi mi jedynie do g\u0142owy m\u00f3j wiersz z \u201eGazety Polskiej Codziennie\u201d z po\u0142owy stycznia:<\/p>\r\n<p><em>DO MATKI POLKI A.D. 2013<\/em><\/p>\r\n<p>O Matko Polko! Jedna z matek wielu,<br \/> co przekaza\u0142y nam mi\u0142o\u015b\u0107 Ojczyzny,<br \/> By\u015bmy \u015bwiadomi \u017cycia swego celu<br \/> szli, nie zwa\u017caj\u0105c na rany i blizny.<br \/> Wytrwa\u0142a w trudzie, twarda w niepokoju,<br \/> gdy trzeba szare okruchy dnia sk\u0142ada\u0107.<br \/> Chocia\u017c \u015bmier\u0107 kr\u0105\u017cy i w czasie pokoju,<br \/> chocia\u017c powszednio\u015b\u0107 &#8211; szyderstwo i zdrada.<br \/> Cierpie\u0144 i b\u00f3lu ci nie oszcz\u0119dzono<br \/> &#8211; nad jednym synem ju\u017c kamie\u0144 grobowy,<br \/> a <a id=\"anchorbbtBubble774\"><\/a>przysz\u0142o\u015b\u0107 ci\u0105gle wielk\u0105 niewiadom\u0105,<br \/> jak d\u0142ugie, nocne Polak\u00f3w <a id=\"anchorbbtBubble782\"><\/a>rozmowy.<br \/> O Matko Polko, kr\u00f3lowo cierpienia,<br \/> zostawiasz wiar\u0119 w to, co wnet si\u0119 stanie,<br \/> w mi\u0142o\u015b\u0107 wyros\u0142\u0105 z twego po\u015bwi\u0119cenia<br \/> z nadziej\u0105 wszystkich nas na zmartwychwstanie.<\/p>\r\n<p><strong>22 stycznia 2013 r. odesz\u0142a Lucyna Winnicka<\/strong>\u00a0 (ur. 14 lipca 1928 r. w Warszawie), filmowa gwiazda PRL-u. S\u0142aw\u0119 przynios\u0142a jej\u00a0 tytu\u0142owa rola w \u201eMatce Joannie od Anio\u0142\u00f3w\u201d w re\u017cyserii Jerzego Kawalerowicza, <a id=\"anchorbbtBubble839\"><\/a>prywatnie jej m\u0119\u017ca. W latach 70. wycofa\u0142a si\u0119 ze sceny, po\u015bwi\u0119caj\u0105c si\u0119 dziennikarstwu, podr\u00f3\u017com i medycynie niekonwencjonalnej. Umar\u0142a w domu opieki w podwarszawskich Palmirach.<\/p>\r\n<p><strong>23 stycznia 2013 r. Pan powo\u0142a\u0142 do siebie kard. J\u00f3zefa Glempa<\/strong> (ur. 18 grudnia 1929 r. w Inowroc\u0142awiu), Prymasa Polski na trudne czasy. Przej\u0105\u0142 na siebie trudne dziedzictwo Stefana Wyszy\u0144skiego &#8211; Prymasa Tysi\u0105clecia i przeprowadzi\u0142 Ko\u015bci\u00f3\u0142 z mrok\u00f3w stanu wojennego do III RP, w Trzecie Tysi\u0105clecie. Wielu historyk\u00f3w uwa\u017ca, \u017ce koncyliacyjny charakter prymasa sprawi\u0142, i\u017c dramatyczne zawirowania nie spowodowa\u0142y w Polsce wielkiego rozlewu krwi. Heroicznie wyzna\u0142 w\u0142asne winy w sprawie ksi\u0119dza Popie\u0142uszki. W ostatnich latach zajmowa\u0142 si\u0119 promocj\u0105 budowy \u015awi\u0105tyni Opatrzno\u015bci Bo\u017cej.<\/p>\r\n<p><strong>26 stycznia 2013 r. w Chestera-sur-Lausanne (Szwajcaria) zmar\u0142 Stefan Kudelski <\/strong>(ur. 27 lutego 1929 r. w Warszawie). Naukowiec i wynalazca. Wyemigrowa\u0142 z rodzicami we wrze\u015bniu 1939 r. Tw\u00f3rca \u201enagry\u201d &#8211;\u00a0 rewelacyjnego magnetofonu, za\u0142o\u017cyciel wielkiej <a id=\"anchorbbtBubble978\"><\/a>firmy profesjonalnego sprz\u0119tu elektronicznego. Niestety, wolna Polska nie znalaz\u0142a sposobu ani nie wyrazi\u0142a ch\u0119ci, aby tacy ludzie stali si\u0119 ko\u0142em zamachowym jej gospodarki.<\/p>\r\n<p><strong>2 lutego 2013 r. zgina\u0142 od kuli szale\u0144ca (?), m\u0142odego \u017co\u0142nierza, 38-letni Chris Kyle<\/strong>, najs\u0142ynniejszy snajper ameryka\u0144ski, kt\u00f3ry w samym Iraku zlikwidowa\u0142 255 przeciwnik\u00f3w. \u015amier\u0107 autora autobiografii \u201eCel snajpera\u201d w zdumiewaj\u0105cy spos\u00f3b dowiod\u0142a, \u017ce kto kul\u0105 wojuje&#8230;<\/p>\r\n<p><strong>12 marca 2013 r. odszed\u0142\u00a0 <a id=\"anchorbbtBubble1042\"><\/a>Marek Skwarnicki <\/strong>(ur. 30 kwietnia 1930 r. w Grodnie), poeta i publicysta. Cz\u0142onek zespo\u0142u \u201eTygodnika Powszechnego\u201d, gdzie publikowa\u0142 felietony jako \u201eSpodek\u201d. Uwa\u017cany za bliskiego <a id=\"anchorbbtBubble1066\"><\/a>przyjaciela Jana Paw\u0142a II, uczestniczy\u0142 w jego dziesi\u0119ciu wielkich pielgrzymkach i z woli Karola Wojty\u0142y redagowa\u0142 s\u0142ynny poemat \u201eTryptyk Rzymski\u201d.<\/p>\r\n<p><strong>26 marca 2013 r. to dla Krakowa smutna data, zmarli bowiem Krzysztof Koz\u0142owski<\/strong> (ur. 18 sierpnia 1931 r. w Przyby\u0142owicach), kolega redakcyjny Skwarnickiego, filozof i publicysta, senator z ramienia OKP, wiceminister, a nast\u0119pnie minister spraw wewn\u0119trznych w rz\u0105dzie Tadeusza Mazowieckiego, realizator w praktyce polityki \u201egrubej kreski\u201d, oraz Jerzy Nowak (ur. 20 czerwca 1923 r. w Brzesku,) znakomity aktor, graj\u0105cy, jak sam twierdzi\u0142, \u201ena przemian \u017byd\u00f3w i gestapowc\u00f3w\u201d, niezapomniany w roli \u017byda Zuckera w \u201eZiemi obiecanej\u201d. Swoje zw\u0142oki zapisa\u0142 w testamencie Collegium Medicum Uniwersytetu Jagiello\u0144skiego.<\/p>\r\n<p><strong>1 kwietnia 2013 r. w swoim domu w Sob\u00f3tce pod Wroc\u0142awiem odesz\u0142a Barbara Piasecka-Johnson <\/strong>(ur. 25 lutego 1937\u00a0r. w Staniewiczach), wsp\u00f3\u0142czesna inkarnacja Kopciuszka, absolwentka historii sztuki, na emigracji w USA zatrudniona jako kucharka i pokoj\u00f3wka w rezydencji Sewarda J. Johnsona (1895-1983), gdzie <a id=\"anchorbbtBubble1212\"><\/a>szybko awansowa\u0142a na kuratora jego kolekcji dzie\u0142 sztuki, a nast\u0119pnie na trzeci\u0105 \u017con\u0119 starszego o 42 lata miliardera. Ma\u0142\u017ce\u0144stwo przetrwa\u0142o 12 lat. Po \u015bmierci Johnsona (mimo proces\u00f3w z jego dzie\u0107mi) znalaz\u0142a si\u0119 w dwudziestce najbogatszych <a id=\"anchorbbtBubble1247\"><\/a>kobiet \u015bwiata (maj\u0105tek ok.\u00a03\u00a0mld USD). Anga\u017cowa\u0142a si\u0119 (bez powodzenia) w ratowanie Stoczni Gda\u0144skiej i w dzia\u0142alno\u015b\u0107 licznych <a id=\"anchorbbtBubble1266\"><\/a>fundacji medycznych, a swoje zbiory sztuki przekaza\u0142a Zamkowi Kr\u00f3lewskiemu. Pochowana na cmentarzu \u015bw.\u00a0Wawrzy\u0144ca we Wroc\u0142awiu.<\/p>\r\n<p><strong>8 kwietnia 2013 r. zmar\u0142a Margaret Thatcher, z domu Roberts<\/strong>, (ur. 13 pa\u017adziernika 1925 r. w Grantham), najwybitniejsza kobieta polityk XX w., konserwatywna premier Wielkiej Brytanii w latach 1979-1990. Obok Ronalda Reagana i papie\u017ca Jana Paw\u0142a II uchodzi za g\u0142\u00f3wnego wsp\u00f3\u0142autora kl\u0119ski komunizmu. Nazywana przez Sowiet\u00f3w \u201e\u0179elazn\u0105 Lady\u201d, powstrzyma\u0142a dekadencj\u0119 Zjednoczonego Kr\u00f3lestwa. Znana z wielu s\u0142ynnych powiedze\u0144, m.in.: \u201eBy\u0107 pot\u0119\u017cnym to tak jak by\u0107 dam\u0105. Je\u015bli musisz zapewnia\u0107, \u017ce ni\u0105 jeste\u015b &#8211; to nie jeste\u015b\u201d. \u00a0<\/p>\r\n<p><strong>16 kwietnia 2013 r. \u015bmier\u0107 upomnia\u0142a si\u0119 o Witolda Gli\u0144skiego <\/strong>(ur. 22 listopada 1926 r. na Wile\u0144szczy\u017anie), polskiego zes\u0142a\u0144ca, wedle w\u0142asnych opowie\u015bci przyw\u00f3dcy niezwyk\u0142ej ucieczki z sowieckiego \u0142agru. Przyw\u0142aszczy\u0142 j\u0105 jakoby oficer S\u0142awomir Rawicz, autor ksi\u0105\u017cki \u201eD\u0142ugi marsz\u201d, b\u0119d\u0105cy podstaw\u0105 <a id=\"anchorbbtBubble1397\"><\/a>filmu prod. polsko-ameryka\u0144skiej \u201eNiepokonani\u201d.<\/p>\r\n<p><strong>6 maja 2013 r. zmar\u0142 Giulio Andreotti\u00a0<\/strong> (ur. 14 stycznia 1919 r. w Rzymie), polityk w\u0142oskiej Chrze\u015bcija\u0144skiej Demokracji, siedmiokrotny\u00a0 premier W\u0142och w latach 1972-1973, 1976-1979 i 1989-1992. W wyniku akcji \u201eczyste r\u0119ce\u201d pozbawiony w\u0142adzy i skazany na 24 lata wi\u0119zienia za korupcj\u0119 i wsp\u00f3\u0142prac\u0119 z mafi\u0105. Ostatecznie zosta\u0142 uniewinniony przez S\u0105d Najwy\u017cszy. Bohater filmu \u201eBoski\u201d zapisa\u0142 si\u0119 jako symbol w\u0142oskiego systemu politycznego.<\/p>\r\n<p><strong>9 maja 2013 r. odszed\u0142 Cezary Chlebowski <\/strong>(ur.15 lutego 1928 r. w Grod\u017acu). W m\u0142odo\u015bci harcerz, nast\u0119pnie dziennikarz i historyk, zas\u0142u\u017cony pracami dotycz\u0105cymi lat wojny i konspiracji (\u201eWachlarz\u201d, \u201ePozdr\u00f3wcie G\u00f3ry \u015awi\u0119tokrzyskie\u201d). Rozpracowany przez SB i szykanowany. Pod parasolem PAX-u m\u00f3g\u0142 kontynuowa\u0107 swoj\u0105 niezwykle wa\u017cn\u0105 dla pami\u0119ci narodowej dzia\u0142alno\u015b\u0107. Odznaczony przez Lecha Kaczy\u0144skiego Krzy\u017cem Komandorskim Orderu Odrodzenia Polski.<\/p>\r\n<p><strong>5 czerwca 2013 r. odszed\u0142 do Domu Ojca kard. Stanis\u0142aw Nagy<\/strong> (ur. 30 wrze\u015bnia 1921 r. w Bieruniu Starym), tytularny biskup Holaru (Islandia), wybitny intelektualista zwi\u0105zany z KUL-em, rektor wy\u017cszych seminari\u00f3w duchownych, ekspert w kwestiach jedno\u015bci chrze\u015bcijan. Mianowany kardyna\u0142em ju\u017c po uko\u0144czeniu 80. roku \u017cycia nie m\u00f3g\u0142 bra\u0107 udzia\u0142u w konklawe.<\/p>\r\n<p><strong>23 lipca 2013 r. zmar\u0142 Micha\u0142 Radgowski<\/strong> (ur. 25 sierpnia 1929 r.), wybitny dziennikarz, w latach 1957-1981 zwi\u0105zany z tygodnikiem \u201ePolityka\u201d i jedn\u0105 z os\u00f3b kszta\u0142tuj\u0105cych jej liberaln\u0105 lini\u0119, odszed\u0142 z redakcji w stanie wojennym razem z jedn\u0105 trzeci\u0105 zespo\u0142u. Autor opracowania \u201ePolityka i jej czasy\u201d.<\/p>\r\n<p><strong>29 lipca 2013 r. zmar\u0142 Jacek Korczakowski<\/strong> (ur. 4 sierpnia 1939 r. w Warszawie), tek\u015bciarz i poeta. Dzia\u0142acz ZAIKS-u oraz Zwi\u0105zku Polskich Autor\u00f3w i Kompozytor\u00f3w (ZAKR), w latach 2008-2012 prezes i sekretarz generalny. Autor piosenki \u201eSzeptem\u201d dla Ludmi\u0142y Jakubczak.<\/p>\r\n<p><strong>6 sierpnia 2013 r. odesz\u0142a w Domu Artyst\u00f3w Weteran\u00f3w w Skolimowie Lidia Korsak\u00f3wna<\/strong> (ur. 17 stycznia 1934 r. w Baranowiczach), <a id=\"anchorbbtBubble1675\"><\/a>dziewczyna\u00a0 z zespo\u0142u \u201eMazowsze\u201d, kt\u00f3ra po brawurowym debiucie w \u201ePrzygodzie na Mariensztacie\u201d zrobi\u0142a wielk\u0105 karier\u0119 piosenkarki i aktorki .W latach 1955-1987 zwi\u0105zana z warszawskim Teatrem Syrena. \u0179ona zmar\u0142ego w 1989 r. komika Kazimierza Brusikiewicza.<\/p>\r\n<p><strong>11 sierpnia 2013 r. zmar\u0142 W\u0142adys\u0142aw Radwa\u0144ski <\/strong>(ur. 25 maja 1932 r. w Krakowie), sportowiec, pi\u0142karz i hokeista, trener i pedagog, g\u0142owa niezwykle usportowionej rodziny, kt\u00f3rej prawdziwymi gwiazdami s\u0105 wnuczki &#8211; tenisistki Agnieszka i Urszula Radwa\u0144skie.<\/p>\r\n<p><strong>15 sierpnia 2013 r. zmar\u0142 S\u0142awomir Mro\u017cek<\/strong> (ur. 20 czerwca 1930 r. w Borz\u0119cinie), dramaturg, humorysta, rysownik i prozaik. Debiutowa\u0142 jako rysownik i autor kr\u00f3tkich opowiada\u0144, wsp\u00f3\u0142pracowa\u0142 z teatrem Bim-Bom. S\u0142aw\u0119 przynios\u0142y mu wczesne dramaty na czele z \u201eTangiem\u201d, w kt\u00f3rych absurd by\u0142 metod\u0105 gorzkiej <a id=\"anchorbbtBubble1790\"><\/a>satyry na otaczaj\u0105c\u0105 rzeczywisto\u015b\u0107. Po raz pierwszy wyemigrowa\u0142 w 1963 r., po czym jego ca\u0142e \u017cycie sta\u0142o si\u0119 pasmem podr\u00f3\u017cy, ucieczek i powrot\u00f3w &#8211; Francja, Stany, W\u0142ochy, Meksyk. Powr\u00f3t do Polski w 1996 r. i dziesi\u0119\u0107 lat p\u00f3\u017aniej kolejna ucieczka do Nicei, tam udar m\u00f3zgu i d\u0142ugotrwa\u0142a utrata mowy, kt\u00f3r\u0105 pokona\u0142 po trzech latach. Introwertyk i odludek, pozostaje najwybitniejszym polskim dramaturgiem II po\u0142. XX w. i \u015bwiatowym\u00a0 mistrzem teatru absurdu.<\/p>\r\n<p><strong>23 sierpnia 2013 r., w do\u015b\u0107 dziwnych okoliczno\u015bciach (wybudzony ze \u015bpi\u0105czki po operacji neurologicznej i powracaj\u0105cy do <a id=\"anchorbbtBubble1877\"><\/a>zdrowia), zmar\u0142 Konstanty Miodowicz<\/strong> (ur. 9 stycznia 1951 r. w Gniewkowie), syn przewodnicz\u0105cego OPZZ Alfreda. W opozycji do ojca, partyjnego lidera, zaanga\u017cowa\u0142 si\u0119 w dzia\u0142alno\u015b\u0107 antysystemow\u0105. Wsp\u00f3\u0142tworzy\u0142 (z Rokit\u0105) Wolno\u015b\u0107 i Pok\u00f3j. Jako szef kontrwywiadu budowa\u0142 polskie s\u0142u\u017cby specjalne. W <a id=\"anchorbbtBubble1917\"><\/a>Platformie Obywatelskiej odsuwany z wolna na boczny tor. By\u0142 \u017conaty z Ma\u0142gorzat\u0105, siostr\u0105 s\u0142ynnego barda Wojtka Belona.<\/p>\r\n<p><strong>23 wrze\u015bnia 2013 r. zmar\u0142 Stanis\u0142aw Szozda<\/strong> (ur. 25 wrze\u015bnia 1950 r. w Dobromierzu), obok Staszka Kr\u00f3laka i Ryszarda Szurkowskiego jedna z najwi\u0119kszych postaci polskiego kolarstwa &#8211; dwukrotny mistrz \u015bwiata i wicemistrz olimpijski, zwyci\u0119zca Wy\u015bcigu Pokoju w roku 1974. Karier\u0119 zako\u0144czy\u0142 w wieku 28 lat w wyniku kontuzji.<\/p>\r\n<p><strong>1 pa\u017adziernika 2013 r. rozesz\u0142a si\u0119 <a id=\"anchorbbtBubble1988\"><\/a>wiadomo\u015b\u0107 o \u015bmierci mojego ulubionego pisarza Toma Clancy<\/strong>. S\u0142aw\u0119 przynios\u0142o mu \u201ePolowanie na Czerwony Pa\u017adziernik\u201d, a nast\u0119pnie seria powie\u015bci z agentem Jackiem Ryanem, (kreowanym cz\u0119sto przez Harrisona Forda), kt\u00f3ry od prostego agenta CIA dochodzi do stanowiska prezydenta USA. Mistrz szybkiej akcji, ale w odr\u00f3\u017cnieniu od innych autor\u00f3w gor\u0105cy patriota i wyznawca konserwatywnego kanonu <a id=\"anchorbbtBubble2041\"><\/a>warto\u015bci. Strasznie przykre, \u017ce nie poznam dalszych przyg\u00f3d Ryana Juniora, kt\u00f3ry wbrew rz\u0105dz\u0105cemu prezydentowi wzi\u0105\u0142 si\u0119 za walk\u0119 z terroryzmem, chyba \u017ce &#8211; jak paru sensacyjnym autorom &#8211; Clancy\u2019emu przydarzy si\u0119 \u017cycie po \u017cyciu.<\/p>\r\n<p><strong>7\u00a0pa\u017adziernika 2013 r. zmar\u0142a \u201ekryminalistka PRL-u\u201d Irena Kuhn z domu Becker, znana pod pseudonimem Joanna Chmielewska <\/strong>(ur. 2 kwietnia 1932 r.). Jej proza nie zawiera\u0142a mo\u017ce szczeg\u00f3lnych warto\u015bci, a jej pami\u0119tniki nie przedstawiaj\u0105 prawdy ludzi i prawdy czasu, ale w literaturze liczy si\u0119 r\u00f3wnie\u017c sprawianie ludziom przyjemno\u015bci czytania, cho\u0107by ci\u0105gle tych samych zabawnych historii.<\/p>\r\n<p><strong>9 pa\u017adziernika 2013 r. odszed\u0142 Edmund Niziurski<\/strong> (ur. 10 lipca 1925 r. w Kielcach), mistrz literatury m\u0142odzie\u017cowej. Gdyby urodzi\u0142 si\u0119 w innym kraju, nie da\u0142by szans pani Rowling. Jego \u201eKsi\u0119ga urwis\u00f3w\u201d (1954 r.), kt\u00f3r\u0105 przeczyta\u0142em jako o\u015bmiolatek, wywar\u0142a na mnie wra\u017cenie jak ma\u0142o jaka ksi\u0105\u017cka. Mimo ram obowi\u0105zuj\u0105cego stalinizmu i \u00f3wczesnej dydaktyki. A\u017c \u017cal, \u017ce przesta\u0142em czyta\u0107 Niziurskiego, gdy tylko doros\u0142em.<\/p>\r\n<p><strong>20 pa\u017adziernika 2013 r. zmar\u0142a w Belgradzie w wieku 89 lat \u201epierwsza dama\u201d Jugos\u0142awii Jovanka Broz-Tito<\/strong>. Kole\u017canka z komunistycznej partyzantki prze\u017cy\u0142a m\u0119\u017ca o 33 lata. Pami\u0119tam, \u017ce na tle innych z rzadka pokazywanych towarzyszek ma\u0142\u017conek ol\u015bniewa\u0142a urod\u0105 i szykiem. Na podobnej zasadzie imponowa\u0142a nam ca\u0142a Jugos\u0142awia. Barak na skraju obozu z widokiem na Zach\u00f3d.<\/p>\r\n<p><strong>28\u00a0pa\u017adziernika 2013 r. ju\u017c po zestawieniu powy\u017cszej listy, w dniu swego patrona Tadeusza Judy (\u015bwi\u0119tego od spraw beznadziejnych), odszed\u0142 Tadeusz Mazowiecki<\/strong> (ur.\u00a018\u00a0kwietnia 1927 r. w P\u0142ocku) &#8211; dzia\u0142acz katolicki, dziennikarz, przewodnicz\u0105cy Komitetu Ekspert\u00f3w Stoczni Gda\u0144skiej w trakcie Wielkiego Strajku 1980 r. Pierwszy naczelny \u201eTygodnika Solidarno\u015b\u0107\u201d. Po wprowadzeniu stanu wojennego internowany. W 1989 r., dzi\u0119ki zabiegom Jaros\u0142awa Kaczy\u0144skiego, powo\u0142any na szefa rz\u0105du. Uwa\u017cany w\u00f3wczas za \u201epremiera najwi\u0119kszych nadziei\u201d. Niestety, z racji idei i praktyki \u201egrubej kreski\u201d w du\u017cym stopniu zmarnowanych.<\/p>\r\n<p>Autor: <a title=\"Marcin Wolski\" href=\"http:\/\/niezalezna.pl\/autor\/marcin-wolski\" rel=\"tag\">Marcin Wolski<\/a><br \/> \u0179r\u00f3d\u0142o: <a title=\"Gazeta Polska\" href=\"http:\/\/niezalezna.pl\/zrodlo\/gazeta-polska\" rel=\"tag\">Gazeta Polska<\/a><\/p>\r\n<p class=\"zrodlo\">Za: <a href=\"http:\/\/niezalezna.pl\/47798-ci-co-odeszli-wyjatkowe-wspomnienie-zmarlych\">niezalezna.pl (01.11.2013)<\/a><\/p>\r\n<blockquote>\r\n<h2>Ci, kt\u00f3rzy odeszli\u2026<\/h2>\r\n<p>Czas zadumy&#8230;<\/p>\r\n<p>Przed nami \u015awi\u0119to Wszystkich \u015awi\u0119tych, a po nim Dzie\u0144 Zaduszny. Jak co roku udamy si\u0119 na cmentarze, by odwiedza\u0107 i modli\u0107 si\u0119 nad grobami najbli\u017cszych. Ale w tych pierwszych dniach listopada nie powinni\u015bmy zapomina\u0107, \u017ce nasza rodzina stanowi cz\u0119\u015b\u0107 wi\u0119kszej ca\u0142o\u015bci &#8211; rodziny rodzin, jak\u0105 jest nar\u00f3d. Dlatego, wspominaj\u0105c tych, kt\u00f3rzy odeszli, pami\u0119tajmy o wybitnych synach i c\u00f3rkach naszego narodu. Tych zmar\u0142ych lub poleg\u0142ych w minionych wiekach, ale i tych, kt\u00f3rych po\u017cegnali\u015bmy ca\u0142kiem niedawno.<\/p>\r\n<p>W ostatnich dwunastu miesi\u0105cach odesz\u0142o wielu znanych i zas\u0142u\u017conych Polak\u00f3w. My w &#8222;Naszej Polsce\u201d szczeg\u00f3lnie mocno wspominamy strat\u0119 naszego wieloletniego rysownika <strong>Arkadiusza Gacparskiego<\/strong>, a tak\u017ce naszych przyjaci\u00f3\u0142 &#8211; niez\u0142omnych patriot\u00f3w i aktywnych dzia\u0142aczy politycznych: <strong>prof. Jerzego Przystawy<\/strong>, inicjatora ruchu JOW, oraz <strong>Krystyna Bernatowicza<\/strong>, pomys\u0142odawcy budowy pomnika \u017co\u0142nierzy NSZ. Wielkim b\u00f3lem napawa nas te\u017c odej\u015bcie dw\u00f3ch wspania\u0142ych Polek: <strong>Jadwigi Kaczy\u0144skiej,<\/strong> matki \u015bp. prezydenta RP, oraz <strong>Joanny Kukli\u0144skiej<\/strong>, wdowy po p\u0142k. Ryszardzie Kukli\u0144skim.<\/p>\r\n<p>Wiele wybitnych postaci straci\u0142 w ostatnim roku polski Ko\u015bci\u00f3\u0142. Oto najwa\u017cniejsze z nich: prymas-senior kardyna\u0142 <strong>J\u00f3zef Glemp<\/strong>, krakowski kardyna\u0142 <strong>Stanis\u0142aw Nagy<\/strong>, niez\u0142omny metropolita przemyski arcybiskup <strong>Ignacy Tokarczuk<\/strong>, kapucyn ojciec <strong>Medard Parysz<\/strong>, ostatni kapelan AK w Powstaniu Warszawskim, bliska wsp\u00f3\u0142pracowniczka kard. Stefana Wyszy\u0144skiego <strong>Maria Oko\u0144ska<\/strong>, publicystka, dzia\u0142aczka katolicka i dominikanka siostra <strong>Maria Kominek<\/strong>, redemptorysta z Radia Maryja ojciec <strong>Jan Mikrut<\/strong>, ostatni przyjaciel seminaryjny Jana Paw\u0142a II ksi\u0105dz infu\u0142at <strong>Kazimierz Suder<\/strong>, wybitni ksi\u0119\u017ca profesorowie: <strong>Jerzy Bajda<\/strong> z UKSW, <strong>J\u00f3zef Kudasiewicz<\/strong>, <strong>Marian Rusiecki<\/strong>, <strong>Stanis\u0142aw Bielecki<\/strong>, <strong>Antoni Jozafat Nowak<\/strong> &#8211; wszyscy z KUL.<\/p>\r\n<p>Znamienitych tw\u00f3rc\u00f3w &#8211; a zw\u0142aszcza tw\u00f3rczynie &#8211; straci\u0142a polska kultura: wielk\u0105 \u015bpiewaczk\u0119 i re\u017cyserk\u0119 operow\u0105 <strong>Mari\u0119 Fo\u0142tyn<\/strong>, niezapomniane aktorki &#8211; <strong>Lucyn\u0119 Winnick\u0105<\/strong> i <strong>Lidi\u0119 Korsak\u00f3wn\u0119<\/strong>, re\u017cyser filmow\u0105 <strong>Ew\u0119 Petelsk\u0105<\/strong>. A tak\u017ce wybitnych ludzi pi\u00f3ra: najs\u0142awniejszego polskiego dramaturga naszych czas\u00f3w <strong>S\u0142awomira Mro\u017cka<\/strong>, poet\u00f3w <strong>Marka Skwarnickiego<\/strong> i <strong>Bohdana Drozdowskiego<\/strong>, pisarza i dzia\u0142acza mniejszo\u015bci bia\u0142oruskiej <strong>Sokrata Janowicza<\/strong>, autor\u00f3w popularnych powie\u015bci &#8211; <strong>Joann\u0119 Chmielewsk\u0105 <\/strong>i <strong>Edmunda Niziurskiego<\/strong>. List\u0119 strat polskiej kultury trzeba uzupe\u0142ni\u0107 o takie nazwiska, jak krakowski aktor <strong>Jerzy Nowak<\/strong>, re\u017cyserzy teatralni &#8211; <strong>Henryk Baranowski<\/strong> i <strong>Krzysztof Nazar<\/strong>, popularny lektor telewizyjny i filmowy <strong>Lucjan Szo\u0142ajski<\/strong>. Zmarli te\u017c wybitni sportowcy: niezapomniany mistrz kolarski z lat 70. <strong>Stanis\u0142aw Szozda<\/strong>, pi\u0142karz i trener <strong>W\u0142adys\u0142aw Stachurski<\/strong>, mistrz \u015bwiata i Europy w lotnictwie <strong>Wac\u0142aw Nycz<\/strong>.<\/p>\r\n<p>W minionym roku odesz\u0142o wielu znanych historyk\u00f3w, szczeg\u00f3lnie tych, kt\u00f3rzy badali dzieje najnowsze: \u017co\u0142nierz i historyk AK <strong>Cezary Chlebowski<\/strong>, \u017co\u0142nierz i historyk &#8222;Szarych Szereg\u00f3w\u201d <strong>Jerzy Jabrzemski<\/strong>, profesorowie <strong>Krzysztof Dunin-W\u0105sowicz<\/strong>, <strong>Wojciech Wrzesi\u0144ski<\/strong>, <strong>Jacek Staszewski<\/strong>, <strong>Andrzej Garlicki<\/strong>, <strong>Adam Galos<\/strong>, <strong>Krystyna \u015areniowska<\/strong>, <strong>Marek Urba\u0144ski<\/strong>, polonijny historyk z Australii <strong>Lech Paszkowski<\/strong>.<\/p>\r\n<p>Odesz\u0142o wielu dziennikarzy i publicyst\u00f3w. Wspomnijmy zw\u0142aszcza tych, kt\u00f3rzy nie l\u0119kali si\u0119 broni\u0107 prawicowych pogl\u0105d\u00f3w: <strong>Marka Arpada Kowalskiego<\/strong>, <strong>Roberta Larkowskiego<\/strong>, <strong>Paw\u0142a Paliwod\u0119<\/strong>. W naszej pami\u0119ci pozostan\u0105 zdj\u0119cia kronikarza &#8222;Solidarno\u015bci\u201d, wspania\u0142ego fotoreportera <strong>Erazma Cio\u0142ka<\/strong>.<\/p>\r\n<p>Po\u017cegnali\u015bmy te\u017c znanego z patriotycznych przekona\u0144 by\u0142ego dow\u00f3dc\u0119 Si\u0142 Powietrznych, <strong>gen. Stanis\u0142awa Targosza<\/strong>, oraz zas\u0142u\u017conych dzia\u0142aczy antykomunistycznej opozycji z czas\u00f3w PRL: <strong>Ew\u0119 Su\u0142kowsk\u0105-Bierezin<\/strong> z \u0141odzi i <strong>Adama Ple\u015bnara<\/strong> z Wroc\u0142awia.<\/p>\r\n<p>Wieczne odpoczywanie racz im da\u0107, Panie!<\/p>\r\n<p>(PS)<\/p>\r\n<p><em>Artyku\u0142 ukaza\u0142 si\u0119 w najnowszym numerze tygodnika &#8222;Nasza Polska&#8221; Nr 44 (939) z 29 pa\u017adziernika 2013 r.<\/em><\/p>\r\n<p class=\"zrodlo\">Za: <a href=\"http:\/\/www.naszapolska.pl\/index.php\/categories\/spoleczenstwo\/18188-ci-ktorzy-odeszli\">Nasza Polska (31 pa\u017adziernik 2013)<\/a><\/p>\r\n<\/blockquote>\r\n<h6>\u00a0<\/h6>\r\n<blockquote>\r\n<h2 itemprop=\"name\">Lista os\u00f3b zamordowanych przez komunistycznych bandyt\u00f3w w latach\u00a0 1981 &#8211; 1989\u00a0<\/h2>\r\n<p><b>PAMI\u0118TAMY O WAS :<\/b><\/p>\r\n<p>\u00a0<b>CZEKALSKI J\u00d3ZEF<\/b>, l. 48.Zamordowany w dniu 16 grudnia 1981 r. podczas pacyfikacji strajku w KWK Wujek, postrza\u0142 klatki piersiowej i brzucha, postrza\u0142 lewej stopy;<\/p>\r\n<p>\u00a0<b>GIZA J\u00d3ZEF<\/b>, l. 28.Zamordowany w dniu 16 grudnia 1981 r. podczas pacyfikacji strajku w KWK Wujek, postrza\u0142 boczny szyi;<\/p>\r\n<p>\u00a0<b>GNIDA JOACHIM<\/b>, l. 28.Zmar\u0142 w dniu 25 stycznia 1982 r. w wyniku ran odniesionych w dniu 16 grudnia 1981 r. podczas pacyfikacji strajku w KWK Wujek, postrza\u0142 w g\u0142ow\u0119;<\/p>\r\n<p><b>\u00a0GZIK RYSZARD<\/b>, l. 35.Zamordowany w dniu 16 grudnia 1981 r. podczas pacyfikacji strajku w KWK Wujek, postrza\u0142 w g\u0142ow\u0119;<\/p>\r\n<p>\u00a0<b>KUPCZAK BOGUMI\u0141<\/b>, l. 28.Zamordowany w dniu 16 grudnia 1981 r. podczas pacyfikacji strajku w KWK Wujek, postrza\u0142 brzucha;<\/p>\r\n<p>\u00a0<b>PE\u0141KA ANDRZEJ<\/b>, l. 20.Zamordowany w dniu 16 grudnia 1981 r. podczas pacyfikacji w KWK Wujek, postrza\u0142 w g\u0142ow\u0119;<\/p>\r\n<p>\u00a0<b>STAWISI\u0143SKI JAN<\/b>, l. 22.Zmar\u0142 w dniu 25 stycznia 1982 r. w wyniku ran odniesionych w dniu 16 grudnia 1981 r. podczas pacyfikacji strajku w KWK Wujek, postrza\u0142 w g\u0142ow\u0119;<\/p>\r\n<p>\u00a0<b>WILK ZBIGNIEW<\/b>, l. 20.Zamordowany w dniu 16 grudnia 1981 r. podczas pacyfikacji strajku w KWK Wujek, postrza\u0142 w plecy i postrza\u0142 od ty\u0142u w okolicy l\u0119d\u017awiowej;<\/p>\r\n<p><b>\u00a0ZAJ\u0104C ZENON<\/b>, l. 22.Zamordowany w dniu 16 grudnia 1981 r. podczas pacyfikacji strajku w KWK Wujek, postrza\u0142 w klatk\u0119 piersiow\u0105;<\/p>\r\n<p>\u00a0<b>BROWARCZYK ANTONI<\/b>, l. 23.Zamordowany strza\u0142em w g\u0142ow\u0119 podczas rozp\u0119dzania demonstracji w Gda\u0144sku, w dniu 17 grudnia 1981 r.;<\/p>\r\n<p><b>\u00a0KOSECKI TADEUSZ<\/b>.- Zmar\u0142 na zawa\u0142 serca, pobity przez ZOMO w czasie pacyfikacji strajku na Politechnice Wroc\u0142awskiej w dniu 17 grudnia 1981 r.;<\/p>\r\n<p>\u00a0<b>ADAMOWICZ MICHA\u0141<\/b>, l. 28.Zmar\u0142 w dniu 5 wrze\u015bnia 1982 r. w wyniku ran postrza\u0142owych odniesionych w czasie demonstracji w dniu 31 sierpnia w Lubinie;<\/p>\r\n<p>\u00a0<b>POZNIAK MIECZYS\u0141AW<\/b>, l. 26.Zmar\u0142 w dniu 31 sierpnia w Lubinie, w wyniku rany postrza\u0142owej brzucha odniesionej w czasie demonstracji w Lubinie;<\/p>\r\n<p><b>\u00a0TRAJKOWSKI ANDRZEJ<\/b>, l. 32.Zmar\u0142 w dniu 31 sierpnia w Lubinie, w wyniku rany postrza\u0142owej g\u0142owy odniesionej w czasie demonstracji w Lubinie;<\/p>\r\n<p>\u00a0<b>BARCHA\u0143SKI EMIL<\/b>, l. 17.Ucze\u0144, wi\u0119zie\u0144 polityczny. \u015awiadek w sprawie dzia\u0142aczy RMP &#8211; odwo\u0142a\u0142 swoje wcze\u015bniejsze zeznania jako wymuszone biciem i straszeniem przez funkcjonariuszy, kt\u00f3rych mia\u0142 wskaza\u0107 na rozprawie 17 czerwca 1982. 3 czerwca 1982 zagin\u0105\u0142; 5 czerwca z Wis\u0142y wy\u0142owiono jego cia\u0142o.<\/p>\r\n<p>\u00a0<b>CIELECKI WOJCIECH,<\/b> l. 19. Zatrzymany 2 kwietnia 1982 r. przez patrol wojskowy na ulicy w Bia\u0142ej Podlaskiej. Podczas pr\u00f3by ucieczki zosta\u0142 zastrzelony przez pijanego starszego sier\u017canta LWP Andrzeja Ku\u015bpita. Zab\u00f3jc\u0119 S\u0105d Warszawskiego Okr\u0119gu Wojskowego skaza\u0142 na kar\u0119 12 lat pozbawienia wolno\u015bci.<\/p>\r\n<p>\u00a0<b>CIE\u015aLEWICZ WOJCIECH<\/b>, l. 29.Zmar\u0142 w dniu 2 marca 1982 r. w wyniku pobicia przez ZOMO podczas demonstracji w Poznaniu, w dniu 13 lutego 1982 r.;<\/p>\r\n<p>\u00a0<b>DURDA W\u0141ADYS\u0141AW<\/b>, Zmar\u0142 w nocy z 3 na 4 maja 1982 r. zatruty gazami \u0142zawi\u0105cymi u\u017cytymi do rozp\u0119dzania demonstracji w dniu 3 maja 1982 r., w Szczecinie. Milicja odm\u00f3wi\u0142a wezwania pogotowia;<\/p>\r\n<p>\u00a0<b>GRUDZI\u0143SKI ADAM<\/b>, l. 36.Zmar\u0142 na serce po pobiciu w obozie internowania w Zal\u0119\u017cu, w pa\u017adzierniku 1982 r.;<\/p>\r\n<p><b>\u00a0JURGIELEWICZ ZDZIS\u0141AW<\/b>, l. 29.Zmar\u0142 w dniu 21 wrze\u015bnia 1982 r. po pobiciu w dniu 12 wrze\u015bnia 1982 r. w KM MO, w Gi\u017cycku;<\/p>\r\n<p><b>\u00a0KAMI\u0143SKI WAC\u0141AW<\/b>, l. 32.Zmar\u0142 w dniu 28 listopada 1982 r., trafiony petard\u0105 w czasie demonstracji w dniu 11 listopada 1982 r., w Gda\u0144sku;<\/p>\r\n<p><b>\u00a0KO\u0141ODZIEJCZYK WANDA<\/b>, l. 59.Przewieziona do szpitala w stanie agonalnym ze \u015bladami pobicia z aresztu \u015bledczego na ul. Rakowieckiej w Warszawie, zmar\u0142a w dniu 4 stycznia 1982 r.;<\/p>\r\n<p>\u00a0<b>KOT STANIS\u0141AW<\/b>.Po pobiciu przez patrol ZOMO w dniu 31 marca 1982 r. zmar\u0142 w dniu 3 kwietnia 1982 r. w Rzeszowie;<\/p>\r\n<p>\u00a0<b>KR\u00d3LIK STANIS\u0141AW<\/b>, l. 39.Pobity w czasie demonstracji w dniu 10 listopada 1982 r. w Warszawie, zmar\u0142 w dniu 16 listopada 1982 r.;<\/p>\r\n<p><b>\u00a0LENARTOWICZ JOANNA<\/b>, l. 19.Zmar\u0142a w dniu 5 maja 1982 r. po pobiciu w czasie rozp\u0119dzania demonstracji w dniu 3 maja 1982 r. w Warszawie;<\/p>\r\n<p><b>\u00a0LISOWSKI W\u0141ODZIMIERZ<\/b>, l. 67.Zmar\u0142 w dniu 13 lipca 1982 r. po pobiciu podczas demonstracji w dniu 13 maja 1982 r. w Krakowie;<\/p>\r\n<p>\u00a0<b>MAJCHRZAK PIOTR<\/b>, l. 19.Zmar\u0142 w dniu 18 maja 1982 r. po pobiciu przez ZOMO podczas demonstracji w dniu 13 maja 1982 r. w Poznaniu;<\/p>\r\n<p><b>\u00a0MAJEWSKI KAZIMIERZ<\/b>, l. 46.Na skutek inwigilacji, gr\u00f3\u017ab i nak\u0142aniania do wsp\u00f3\u0142pracy z SB pope\u0142ni\u0142 samob\u00f3jstwo w dniu 29 pa\u017adziernika 1982 r. w Jeleniej G\u00f3rze;<\/p>\r\n<p><b>\u00a0MICHALCZYK KAZIMIERZ<\/b>, l. 27.Zmar\u0142 w dniu 2 wrze\u015bnia 1982 r. w wyniku obra\u017ce\u0144 poniesionych w czasie rozp\u0119dzania demonstracji we Wroc\u0142awiu w dniu 31 sierpnia 1982 r.;<\/p>\r\n<p>\u00a0<b>RACZEK STANIS\u0141<\/b>AW, l. 35.Zmar\u0142 w dniu 7 wrze\u015bnia 1982 r. po pobiciu w czasie demonstracji w Kielcach w dniu 31 sierpnia 1982 r.;<\/p>\r\n<p>\u00a0<b>RADOMSKI MIECZYS\u0141AW<\/b>, l. 56.Zmar\u0142 w dniu 3 maja 1992 r. w czasie zaj\u015b\u0107 ulicznych w Warszawie;<\/p>\r\n<p>\u00a0<b>ROKITOWSKI MIECZYS\u0141AW<\/b>, l. 47.Zmar\u0142 w dniu 3 kwietnia 1982 r. po pobiciu w areszcie \u015bledczym w Zal\u0119\u017cu;<\/p>\r\n<p>\u00a0<b>SADOWSKI PIOTR<\/b>, l. 32.Zmar\u0142 w dniu 31 sierpnia 1982 r. trafiony petard\u0105 podczas demonstracji w Gda\u0144sku;<\/p>\r\n<p><b>\u00a0SZULECKI ADAM<\/b>, l. 32.Zmar\u0142 w dniu 9 maja 1982 r. po pobiciu w czasie demonstracji w dniu 3 maja 1982 r. w Warszawie;<\/p>\r\n<p><b>\u00a0WILKOMIRSKI EUGENIUSZ<\/b>, l. 52.Zmar\u0142 w dniu 3 wrze\u015bnia 1982 r. po pobiciu przez ZOMO w czasie demonstracji w Cz\u0119stochowie w dniu 1 wrze\u015bnia 1982 r.;<\/p>\r\n<p>\u00a0<b>W\u0141OSIK BOGDAN<\/b>, l. 20. Zamordowany 13 pa\u017adziernika 1982 r. przez funkcjonariusza SB Andrzeja Augustyna podczas demonstracji w Nowej Hucie. Morderca zosta\u0142 w 1992 r. skazany na 10 lat wi\u0119zienia, zwolniony po odbyciu po\u0142owy kary.<\/p>\r\n<p>\u00a0<b>WOZNIAK TADEUSZ<\/b>, l. 49.Zmar\u0142 w dniu 1 wrze\u015bnia 1982 r. po pobiciu przez ZOMO podczas demonstracji w dniu 31 sierpnia 1982 r. we Wroc\u0142awiu;<\/p>\r\n<p><b>\u00a0ZDUNEK FRANCISZEK<\/b>, l. 49.Przewodniczacy Komitetu Budowy Kaplicy w Sobolewie w woj. lubelskim. Zastrzelony przez sier\u017canta MO;<\/p>\r\n<p>\u00a0<b>BLESZCZYNSKI ZENON<\/b>, l. 24.Zmar\u0142 w nocy z 13 na 14 stycznia 1983 r. po pobiciu w areszcie \u015bledczym w dniu 28 grudnia 1982 r.;<\/p>\r\n<p>\u00a0<b>DRABOWSKA JANINA<\/b>, l. 63.Zmar\u0142a we wrze\u015bniu 1983 r. na skutek obrz\u0119ku p\u0142uc spowodowanego dzia\u0142aniem gaz\u00f3w \u0142zawi\u0105cych u\u017cytych do rozp\u0119dzania demonstracji w Nowej Hucie w dniu 31 sierpnia 1983 r.;<\/p>\r\n<p>\u00a0<b>GRZYWNA ANDRZEJ<\/b>, l. 62.Zmar\u0142 w nocy z 29 na 30 sierpnia 1983 r. po pobiciu pa\u0142k\u0105 po g\u0142owie w milicyjnym areszcie;<\/p>\r\n<p><b>\u00a0KOWALSKI RYSZARD<\/b>, l. 44.Przewodnicz\u0105cy KZ NSZZ &#8222;Solidarno\u015b\u0107&#8221; w Hucie Katowice, dwukrotny wi\u0119zie\u0144 polityczny. Zagin\u0105\u0142 w dniu 7 lutego 1983 r. Cia\u0142o wy\u0142owiono z rzeki w dniu 31 marca 1983 r.;<\/p>\r\n<p>\u00a0<b>LARYSZ J\u00d3ZEF<\/b>, l. 41.Przewodnicz\u0105cy Komisji Zak\u0142adowej NSZZ &#8222;Solidarno\u015b\u0107&#8221; w zak\u0142adach ELWRO. Internowany, zwolniony z pracy. Zmar\u0142 w dniu 7 marca 1983 r. po kolejnym przes\u0142uchaniu w KW MO;<\/p>\r\n<p>\u00a0<b>LYSKAWA BERNARD<\/b>, l. 56.Zmar\u0142 na zawa\u0142 serca uciekaj\u0105c przed ZOMO po demonstracji w Krakowie w dniu 1 maja 1983 r.;<\/p>\r\n<p><b>\u00a0MIASKO ZDZIS\u0141AW<\/b>, l. 29.Zmar\u0142 w dniu 3 czerwca 1983 r. po pobiciu na posterunku MO w Nowej Mi\u0142osnej;<\/p>\r\n<p>\u00a0<b>MARZEC JERZY,<\/b> l. 21.Zagin\u0105\u0142 w dniu 21 czerwca 1983 r. po uroczysto\u015bciach powitania Papie\u017ca. Cia\u0142o znaleziono nad Odr\u0105 w dniu 22 czerwca 1983 r. Powodem \u015bmierci by\u0142o zach\u0142y\u015bni\u0119cie si\u0119 krwi\u0105;<\/p>\r\n<p>\u00a0<b>PODBORACZY\u0143SKI BOGUS\u0141AW<\/b>, l. 21.Dzia\u0142acz NSZZ &#8222;Solidarno\u015b\u0107&#8221;. Prawdopodobnie zatrzymany przez funkcjonariuszy MO, cia\u0142o wydobyto z rzeki w dniu 30 kwietnia 1983 r.;<\/p>\r\n<p>\u00a0<b>PRZEMYK GRZEGORZ<\/b>, l. 19.Zmar\u0142 w dniu 14 maja 1983 r. w wyniku obra\u017ce\u0144 po pobiciu przez milicjant\u00f3w na Komisariacie MO przy ul. Jezuickiej w Warszawie w dniu 12 maja 1983 r.;<\/p>\r\n<p><b>\u00a0STEFA\u0143SKI JACEK<\/b>, l. 25.Zmar\u0142 w dniu 9 wrze\u015bnia 1983 r. Pobity w dniu 2 wrze\u015bnia 1983 r. na ulicy przez &#8222;nieznanych sprawc\u00f3w&#8221;. Brata Jacka i \u015bwiadk\u00f3w wydarzenia funkcjonariusze MSW nak\u0142aniali szanta\u017cem do zaniechania wyja\u015bnienia sprawy;<\/p>\r\n<p>\u00a0<b>SYMONIUK ZBIGNIEW<\/b>, l. 33.Cz\u0142onek Komitetu Obrony Wi\u0119zionych za Przekonania. Internowany, wi\u0119zie\u0144 polityczny. Zmar\u0142 w dniu 8 stycznia 1983 r. Wg oficjalnej wersji pope\u0142ni\u0142 samob\u00f3jstwo w czasie odbywania kary 2 lat pozbawienia wolno\u015bci w wi\u0119zieniu w Bia\u0142ymstoku;<\/p>\r\n<p>\u00a0<b>SMAGUR RYSZARD<\/b>, l. 29.Zmar\u0142 w dniu 1 maja 1983 r. w Krakowie po trafieniu petard\u0105 w czasie demonstracji;<\/p>\r\n<p>\u00a0<b>SZYMANSKI ZBIGNIEW<\/b>.Zmar\u0142 w kwietniu 1983 r. po pobiciu przez ZOMO -wc\u00f3w : R. Rudowczaka i J. Niemca;<\/p>\r\n<p>\u00a0<b>WASILUK HENRYK<\/b>, l. 28.Wi\u0119zie\u0144 polityczny. Zmar\u0142 w dniu 25 listopada 1983 r. Po zwolnieniu z wi\u0119zienia pope\u0142ni\u0142 samob\u00f3jstwo przez samospalenie.<\/p>\r\n<p>\u00a0<b>WEDROWNY JERZY<\/b>, l. 28.Aresztowany za udzia\u0142 w manifestacji w dniu 31 sierpnia 1983 r. Zmar\u0142 w areszcie \u015bledczym we wrze\u015bniu 1983 r. w niewyja\u015bnionych okoliczno\u015bciach, przed terminem rozprawy;<\/p>\r\n<p>\u00a0<b>WITKOWSKI W\u0141ODZIMIERZ<\/b>, l. 31.Zagin\u0105\u0142 podczas manifestacji w dniu 31 sierpnia 1983 r. we Wroc\u0142awiu. Zw\u0142oki znaleziono w dniu 7 wrze\u015bnia 1983 r. wisz\u0105ce na drzewie pod Ole\u015bnic\u0105;<\/p>\r\n<p>\u00a0<b>ZIO\u0141KOWSKI JAN<\/b>, l. 56.Wsp\u00f3\u0142pracownik Komitetu Budowy Pomnika Ofiar Czerwca 1956 r. Zmar\u0142 w dniu 5 marca 1983 r. pobity w czasie przes\u0142uchania w V komisariacie MO w Poznaniu;<\/p>\r\n<p><b>\u00a0BARTOSZCZE PIOTR<\/b>, l. 34.Dzia\u0142acz NSZZ &#8222;Solidarno\u015b\u0107&#8221; Rolnik\u00f3w Indywidualnych. Zmar\u0142 w nocy z 7 na 8 lutego 1984 r. Cia\u0142o znaleziono w dniu 8 lutego 1984 r. w studzience melioracyjnej na polu ze \u015bladami bicia i duszenia;<\/p>\r\n<p>\u00a0<b>FRACZEK LECH<\/b>.Zmar\u0142 w dniu 25 maja 1984 r. po pobiciu w dniu 5 kwietnia 1984 r. na posterunku MO;<\/p>\r\n<p>\u00a0<b>FRAS TADEUSZ<\/b>, l. 33.Nauczyciel, przewodnicz\u0105cy NSZZ &#8222;Solidarno\u015b\u0107&#8221; w szkole. Zmar\u0142 w dniu 7 wrze\u015bnia 1984 r. Cia\u0142o znaleziono na przedmie\u015bciu Krakowa. Wg oficjalnej wersji wyskoczy\u0142 z II pi\u0119tra. Sekcja zw\u0142ok ujawni\u0142a \u015blady bicia i duszenia;<\/p>\r\n<p><b>\u00a0GEBOSZ ANDRZEJ<\/b>, l. 31.Zmar\u0142 w dniu 26 pa\u017adziernika 1984 r. po pobiciu podczas przes\u0142uchania w DUSW \u0141\u00f3d\u017a &#8211; \u015ar\u00f3dmie\u015bcie;<\/p>\r\n<p><b>\u00a0HAC ALEKSANDER<\/b>, l. 44.Przewodnicz\u0105cy KZ NSZZ &#8222;Solidarno\u015b\u0107&#8221; w Fabryce Samochod\u00f3w Ci\u0119\u017carowych w Lublinie. Zmar\u0142 w dniu 18 pa\u017adziernika 1984 r. Znaleziony w dniu 16 pa\u017adziernika 1984 r. w piwnicy domu przy ul. Kr\u00f3lewskiej z ci\u0119\u017ckimi obra\u017ceniami g\u0142owy;<\/p>\r\n<p>\u00a0<b>HNAT EDYTA<\/b>, l. 8. Uczennica, Zmar\u0142a w dniu 29 marca 1984 r. Zgin\u0119\u0142a w parku od strza\u0142u oddanego z okien mieszkania przez sier\u017canta MO Halonia;<\/p>\r\n<p><b>JERZ JACEK ANTONI<\/b> lat 38 Zamordowany w Radomiu w dniu 31 stycznia 1983, kilka tygodni po zwolnieniu z ponad rocznego internowania (w Kwidzynie ci\u0119\u017cko pobity podczas pacyfikacji obozu przez ZOMO, przeszed\u0142 \u015bcie\u017cki zdrowia), wg IPN istnieje prawdopodobie\u0144stwo otrucia Furosemidem.<\/p>\r\n<p><b>\u00a0JASI\u0143SKI KRZYSZTOF<\/b>, l. 25.Dzia\u0142acz NSZZ &#8222;Solidarno\u015b\u0107&#8221;. Internowany. Zmar\u0142 w dniu 10 listopada 1984 r. Zw\u0142oki znaleziono na przystanku PKS w Elbl\u0105gu z licznymi urazami;<\/p>\r\n<p>\u00a0<b>KULKA STANIS\u0141AW<\/b>, l. 47.W dniu 15 listopada 1984 r. zosta\u0142 zastrzelony na szosie przez milicjanta Jana \u0179urka;<\/p>\r\n<p>\u00a0<b>LAWRYNOWICZ HENRYK<\/b>, l. 42.W dniu 8 listopada 1984 r. zosta\u0142 zatrzymany na Komisariacie Kolejowym. Zmar\u0142 w dniu 9 listopada 1984 r. Lekarz stwierdzi\u0142 krwiaka skroni i liczne obra\u017cenia;<\/p>\r\n<p><b>\u00a0LAZARSKI KAZIMIERZ<\/b>, l. 58.Pobity we w\u0142asnym mieszkaniu przez funkcjonariuszy MO. Zmar\u0142 w dniu 24 wrze\u015bnia 1984 r. S\u0105d Rejonowy w Ole\u015bnicy skaza\u0142 funkcjonariuszy Ryszarda Boryga, Zbigniewa Kr\u00f3laka i J\u00f3zefa Jarosika na kary od 1 do 2 lat pozbawienia wolno\u015bci;<\/p>\r\n<p>\u00a0<b>POPIE\u0141USZKO JERZY<\/b>, l. 37.Kap\u0142an, Kapelan NSZZ &#8222;Solidarno\u015b\u0107&#8221;. Porwany przez funkcjonariuszy bezpieki i bestialsko zamordowany w nieznanych okoliczno\u015bciach w pa\u017adzierniku 1984 r.<\/p>\r\n<p><b>\u00a0ROMANOWSKI JAROS\u0141AW<\/b>, l. 23.Zmar\u0142 w dniu 12 maja 1984 r. Zatrzymany przez MO. Wg oficjalnej wersji powiesi\u0142 si\u0119 w areszcie;<\/p>\r\n<p>\u00a0<b>STRUSKI KRZYSZTOF<\/b>, l. 28. Zmar\u0142 w dniu 14 listopada. Zatrzymany przez funkcjonariuszy MO zosta\u0142 wyrzucony z milicyjnego samochodu;<\/p>\r\n<p>\u00a0<b>SZTENCEL PAWE\u0141<\/b>, l. 19.Zmar\u0142 w dniu 22 grudnia 1984 r. na astm\u0119 sercow\u0105 w areszcie \u015bledczym przy ul. Smutnej w \u0141odzi.<\/p>\r\n<p>\u00a0<b>TOKARCZYK ZBIGNIEW<\/b>, l. 31.Dzia\u0142acz NSZZ &#8222;Solidarno\u015b\u0107&#8221; i KPN. Internowany i szykanowany przez SB. Zmar\u0142 w nocy z 22 na 23 lutego 1984 r. Cia\u0142o znaleziono ko\u0142o domu denata. Sekcja wykaza\u0142a urazy w\u0105troby i p\u0142uc oraz \u015blady cios\u00f3w;<\/p>\r\n<p>\u00a0<b>WALCZAK BOGUS\u0141AW<\/b>, l. 57.Zmar\u0142 w marcu 1984 r. Zosta\u0142 zatrzymany przez patrol MO w dniu 8 marca 1984 r. \u0179onie wydano cia\u0142o w dniu 16 marca 1984 r. twierdz\u0105c, \u017ce znaleziono je na ulicy;<\/p>\r\n<p>\u00a0<b>ANTONOWICZ MARCIN<\/b>, l. 19.Zmar\u0142 w dniu 2 listopada 1985 r. Zosta\u0142 zatrzymany przez patrol MO w dniu 19 pa\u017adziernika 1985 r. W milicyjnym samochodzie dozna\u0142 \u015bmiertelnych uraz\u00f3w g\u0142owy;<\/p>\r\n<p>\u00a0<b>BUDNY JAN<\/b>.Zmar\u0142 w dniu 14 lutego 1985 r. Zatrzymany przez funkcjonariuszy MO Witolda Jab\u0142o\u0144skiego i Kazimierza Klonowskiego w dniu 11 lutego 1985 r. Pobity w czasie przes\u0142uchania. W szpitalu stwierdzono krwiaka m\u00f3zgu, kt\u00f3ry by\u0142 przyczyn\u0105 zgonu;<\/p>\r\n<p><b>\u00a0BULKO ZDZIS\u0141AW<\/b>, l. 30.Zmar\u0142 w dniu 17 grudnia 1985 r. Znaleziony w rowie pod Zamo\u015bciem z ci\u0119\u017ckimi obra\u017ceniami. Zwolnieni przez niego z pracy za pija\u0144stwo i kradzie\u017ce trzej ORMO-wcy grozili mu zemst\u0105;<\/p>\r\n<p>\u00a0<b>CZARNY MIKO\u0141AJ<\/b>, l. 56.Zmar\u0142 w dniu 14 lutego 1985 r. Zosta\u0142 zatrzymany przez MO. Zmar\u0142 w wyniku uraz\u00f3w czaszki. Wg oficjalnej wersji spad\u0142 ze schod\u00f3w;<\/p>\r\n<p><b>\u00a0FRANZ ROMAN<\/b>, l. 32.Zmar\u0142 w dniu 8 stycznia 1985 r. Zosta\u0142 zatrzymany przez milicj\u0119 na Komisariacie Kolejowym. Znaleziony martwy na \u0142awce ko\u0142o dworca PKP. Sekcja wykaza\u0142a st\u0142uczenie m\u00f3zgu;<\/p>\r\n<p><b>KRAWIEC JAN<\/b>, l. 22.Zmar\u0142 30 pa\u017adziernika 1985 r. W dniu 30 pa\u017adziernika 1985 r. zosta\u0142 zatrzymany na Komendzie MO w Miechowie. Wg oficjalnej wersji pope\u0142ni\u0142 samob\u00f3jstwo w areszcie przez powieszenie. Cia\u0142o nosi\u0142o \u015blady uraz\u00f3w piersi, brzucha i g\u0142owy;<\/p>\r\n<p>\u00a0<b>KRZYWDA JACEK<\/b>, l. 37.Zmar\u0142 w dniu 26 czerwca 1985 r. Zosta\u0142 pobity w bramie domu, w kt\u00f3rym mieszka\u0142, przez patrol MO;<\/p>\r\n<p><b>SAMSONOWICZ JAN &#8211;<\/b>jeden z inicjator\u00f3w powstania Ruchu M\u0142odej Polski, dzia\u0142acz NSZZ &#8222;Solidarno\u015b\u0107&#8221;. Zamordowany przez S\u0142u\u017cb\u0119 Bezpiecze\u0144stwa 30 czerwca 1983 w Gda\u0144sku ;<\/p>\r\n<p><b>\u00a0KASPROWSKI DARIUSZ<\/b>, l. 23.Zmar\u0142 w dniu 9 grudnia 1985 r. Wg. oficjalnej wersji powiesi\u0142 si\u0119, w ZK w Koronowie. Na ciele stwierdzono liczne urazy szyi, ramion i plec\u00f3w;<\/p>\r\n<p><b>\u00a0MARTIN LES\u0141AW<\/b>, l. 37.Cz\u0142onek Komisji Rewizyjnej Zarzadu Regionu NSZZ &#8222;Solidarno\u015b\u0107&#8221;. Zamordowany w dniu 23 stycznia 1985 r. Zosta\u0142 zrzucony przez &#8222;nieznanych sprawc\u00f3w&#8221; z k\u0142adki dla pieszych nad ulic\u0105, z wysoko\u015bci 20m;<\/p>\r\n<p><b>\u00a0PRZEPI\u00d3RZYNSKI WITOLD<\/b>,cz\u0142onek NSZZ &#8222;Solidarno\u015b\u0107&#8221;. Zagin\u0105\u0142 w dniu 9 maja 1985 r. Zw\u0142oki znaleziono w dniu 17 maja 1985 r. w kanale portowym ze \u015bladami silnych obra\u017ce\u0144;<\/p>\r\n<p><b>\u00a0SZUSTER ALEKSANDER<\/b>, l. 25.Zmar\u0142 w dniu 30 stycznia 1985 r. po pobiciu na Komisariacie MO w \u015awidniku. Przyczyn\u0105 \u015bmierci by\u0142o z\u0142amanie podstawy czaszki;<\/p>\r\n<p><b>\u015aLUSARSKI RYSZARD<\/b>, l. 25.Zmar\u0142 w dniu 4 marca 1985 r. po pobiciu przez funkcjonariuszy MO w mieszkaniu, na ulicy i w komisariacie. \u015amier\u0107 nast\u0105pi\u0142a w wyniku zmia\u017cd\u017cenia w\u0105troby, nerek i p\u0119kni\u0119cia jelit.<\/p>\r\n<p><b>\u00a0BEDNAREK MARIAN<\/b>, l. 35.Zmar\u0142 w dniu 27 grudnia 1986 r. po pobiciu na komisariacie MO;<\/p>\r\n<p>\u00a0<b>SZKARLAT ZBIGNIEW<\/b>, l. 43.Dzia\u0142acz NSZZ &#8222;Solidarno\u015b\u0107&#8221;, wi\u0119zie\u0144 polityczny. Zmar\u0142 w dniu 9 lutego 1986 r. Znaleziony na ulicy w dniu 2 lutego 1986 r. ci\u0119\u017cko pobity, stwierdzono p\u0119kni\u0119cie czaszki i uszkodzenie m\u00f3zgu;<\/p>\r\n<p><b>\u00a0LUKS GRZEGORZ<\/b>, l. 19.Zmar\u0142 w dniu 14 stycznia 1987 r. Zosta\u0142 zbity i skopany przez patrol MO w nocy z 29 na 30 sierpnia 1986 r. Przy niedostatecznej pomocy lekarskiej, zmar\u0142 w wyniku powik\u0142a\u0144 po pourazowej torbieli trzustki;<\/p>\r\n<p>\u00a0<b>KALINOWSKI WAC\u0141AW<\/b>. Zmar\u0142 w dniu 27 marca 1987 r. W dniu 22 marca 1987 r. zosta\u0142 pobity w samochodzie milicyjnym;<\/p>\r\n<p><b>\u00a0STRZELECKI JAN<\/b>, l. 69.Zmar\u0142 w dniu 11 lipca 1988 r. Znaleziony ci\u0119\u017cko pobity nad Wis\u0142\u0105 w dniu 30 czerwca 1988 r.;<\/p>\r\n<p>\u00a0<b>NIEDZIELAK STEFAN<\/b>. Proboszcz parafii \u015aw. Karola Boromeusza. Zmar\u0142 w dniu 20 stycznia 1989 r. Cia\u0142o znaleziono w mieszkaniu. Jako przyczyn\u0119 \u015bmierci sekcja wykaza\u0142a liczne urazy i rozerwanie wi\u0105zade\u0142 kr\u0119gu szyjnego;<\/p>\r\n<p>\u00a0<b>SUCHOWOLEC STANIS\u0141AW<\/b>. Proboszcz parafii Naj\u015bwi\u0119tszej Marii Panny na Dojlidach. Zmar\u0142 w dniu 30 stycznia 1989 r. Prze\u015bladowany przez esbeckich bandyt\u00f3w. Wg oficjalnej wersji \u015bmier\u0107 nast\u0105pi\u0142a w wyniku zatrucia tlenkiem metali spowodowanego po\u017carem w pokoju ksi\u0119dza.<\/p>\r\n<p><b>\u00a0ZYCH SYLWESTER<\/b>, l. 39.Wikariusz parafii \u015aw. Jakuba. Wi\u0119zie\u0144 polityczny. Zmar\u0142 11 lipca 1989 r. Cia\u0142o znaleziono na dworcu PKS.<\/p>\r\n<p>&nbsp;<\/p>\r\n<p>Prosz\u0105 o pami\u0119\u0107 i modlitw\u0119. Jeste\u015bmy im to winni.<\/p>\r\n<p>Og\u00f3ln\u0105 liczb\u0119 ofiar z lat 1981-89 \u00a0(poza osobami, kt\u00f3re zgin\u0119\u0142y w wyniku bezpo\u015brednich akcji ZOMO i wojska, odci\u0119cia telefon\u00f3w, zablokowania transportu i ba\u0142aganu wywo\u0142anego przez komisarzy wojskowych podczas stanu wojennego) ocenia si\u0119 na kilkaset os\u00f3b.<\/p>\r\n<p>Do dnia dzisiejszego nie znamy pe\u0142nej listy zamordowanych, a winni \u015bmierci naszych rodak\u00f3w oraz mocodawcy tych zbrodni, nie zostali ukarani. Stworzono nam pa\u0144stwo, w kt\u00f3rym mordercy i prze\u015bladowcy Polak\u00f3w \u017cyj\u0105 obok, otrzymuj\u0105 godziwe emerytury i s\u0105 kreowani na \u201eludzi honoru\u201d.\u00a0 Niech ta ha\u0144ba nie da nam spokojnie \u017cy\u0107, za\u015b tym, kt\u00f3rzy stworzyli to pa\u0144stwo i zadrwili z nadziei Polak\u00f3w, niech ci\u0105\u017cy na wieki.<\/p>\r\n<p>Przypominam t\u0119 list\u0119 od wielu lat. Prosz\u0119 Pa\u0144stwa o jej uzupe\u0142nianie, o nazwiska os\u00f3b zamordowanych w latach 1981-1989.<\/p>\r\n<p><strong><em>Aleksander \u015acios<\/em><\/strong><\/p>\r\n<p class=\"zrodlo\">Za: <a href=\"http:\/\/bezdekretu.blogspot.com\/2013\/11\/lista-osob-zamordowanych-przez.html\">Aleksander \u015acios &#8211; Bez Dekretu (1 listopada 2013)<\/a><\/p>\r\n<\/blockquote>\r\n<h6>\u00a0<\/h6>\r\n<blockquote>\r\n<p><strong>ZOBACZ FILMY\/Galerie zdj\u0119\u0107 z polskich cmentarzy:<\/strong><\/p>\r\n<ul>\r\n<li><a href=\"http:\/\/www.polishclub.org\/2013\/10\/31\/polskie-cmentarze\/\">Polskie cmentarze &#8211; <em>zbi\u00f3r film\u00f3w z polskich cmentarzy<\/em><\/a><\/li>\r\n<li><a href=\"http:\/\/cmentarze.szczecin.pl\/cmentarze\/chapter_11984.asp\">Cmentarz Centralny w Szczecinie &#8211; <em>galeria zdj\u0119\u0107<\/em><\/a><\/li>\r\n<\/ul>\r\n<\/blockquote>","protected":false},"excerpt":{"rendered":"Jak zwykle w okresie Wszystkich \u015awi\u0119tych wspominamy tych, kt\u00f3rzy odeszli w ci\u0105gu ostatnich dwunastu miesi\u0119cy. D\u0142uga to lista. Dlatego dokonuj\u0105c wyboru, kierujemy si\u0119 zasad\u0105 obowi\u0105zuj\u0105ca w naszej kulturze &#8211; o zmar\u0142ych wy\u0142\u0105cznie dobrze. Albo wcale Pomijam zatem zmar\u0142ych w tym okresie dyktator\u00f3w i ludob\u00f3jc\u00f3w, utalentowanych kapusi\u00f3w czy seksualnych dewiant\u00f3w &#8211; cho\u0107 by\u0142y to postacie niew\u0105tpliwie [&hellip;]","protected":false},"author":1,"featured_media":0,"comment_status":"closed","ping_status":"closed","sticky":false,"template":"","format":"standard","meta":{"_acf_changed":false,"_monsterinsights_skip_tracking":false,"_monsterinsights_sitenote_active":false,"_monsterinsights_sitenote_note":"","_monsterinsights_sitenote_category":0,"ngg_post_thumbnail":0,"footnotes":"","_wp_rev_ctl_limit":""},"categories":[9],"tags":[184],"acf":[],"_links":{"self":[{"href":"https:\/\/www.bibula.com\/index.php?rest_route=\/wp\/v2\/posts\/70937"}],"collection":[{"href":"https:\/\/www.bibula.com\/index.php?rest_route=\/wp\/v2\/posts"}],"about":[{"href":"https:\/\/www.bibula.com\/index.php?rest_route=\/wp\/v2\/types\/post"}],"author":[{"embeddable":true,"href":"https:\/\/www.bibula.com\/index.php?rest_route=\/wp\/v2\/users\/1"}],"replies":[{"embeddable":true,"href":"https:\/\/www.bibula.com\/index.php?rest_route=%2Fwp%2Fv2%2Fcomments&post=70937"}],"version-history":[{"count":0,"href":"https:\/\/www.bibula.com\/index.php?rest_route=\/wp\/v2\/posts\/70937\/revisions"}],"wp:attachment":[{"href":"https:\/\/www.bibula.com\/index.php?rest_route=%2Fwp%2Fv2%2Fmedia&parent=70937"}],"wp:term":[{"taxonomy":"category","embeddable":true,"href":"https:\/\/www.bibula.com\/index.php?rest_route=%2Fwp%2Fv2%2Fcategories&post=70937"},{"taxonomy":"post_tag","embeddable":true,"href":"https:\/\/www.bibula.com\/index.php?rest_route=%2Fwp%2Fv2%2Ftags&post=70937"}],"curies":[{"name":"wp","href":"https:\/\/api.w.org\/{rel}","templated":true}]}}