{"id":70882,"date":"2013-10-30T11:49:54","date_gmt":"2013-10-30T16:49:54","guid":{"rendered":"http:\/\/www.bibula.com\/?p=70882"},"modified":"2013-10-30T11:49:54","modified_gmt":"2013-10-30T16:49:54","slug":"muzeum-polskie-w-rapperswilu-zostanie-zamkniete","status":"publish","type":"post","link":"https:\/\/www.bibula.com\/?p=70882","title":{"rendered":"Muzeum Polskie w Rapperswilu zostanie zamkni\u0119te"},"content":{"rendered":"<p><strong>W\u0142adze miasta w szwajcarskim Rapperswilu postanowi\u0142y zamkn\u0105\u0107 funkcjonuj\u0105ce od 1870 r. Muzem Polskie mieszcz\u0105ce si\u0119 na tamtejszym zamku. Polsk\u0105 plac\u00f3wk\u0119 stworzy\u0142 hr. W\u0142adys\u0142aw Bro\u00c3\u00abl-Plater przy pomocy grupy szwajcarskich przyjaci\u00f3\u0142 skupionych wok\u00f3\u0142 pisarza Gotfryda Kellera. Ludzie Ci nie\u015bli pomoc powsta\u0144com styczniowym. Pomagali im te\u017c w tworzeniu polskich o\u015brodk\u00f3w kultury i historii. <br \/><\/strong><\/p>\r\n<p>Dzi\u0119ki darom p\u0142yn\u0105cym z ca\u0142ego \u015bwiata Muzeum w Rapperswilu wzros\u0142o do rangi Polskiego Muzeum Narodowego. W\u015br\u00f3d licznych zbior\u00f3w znajduje si\u0119 tam wystawa polskich mundur\u00f3w i uzbrojenia od czas\u00f3w \u015aredniowiecza do XIX w. Demonstrowane by\u0142y pokoje Ko\u015bciuszki i Mickiewicza, ekspozycja pami\u0105tek po Radiu Wolna Europa.<\/p>\r\n<p>&#8211; <em>Wydaje si\u0119, \u017ce sprawa obecno\u015bci Muzeum Polskiego na zamku w Rapperswilu jest przes\u0105dzona. \u0179a\u0142ujemy bardzo, \u017ce wbrew ci\u0105gle powtarzanym przez w\u0142adze miasta i gminy Rapperswil zapewnieniom o pozostawieniu Muzeum na zamku, w\u0142odarze miasta w ci\u0105gu kilku miesi\u0119cy zmienili zdanie<\/em> &#8211; napisano na stronie internetowej Muzeum.<\/p>\r\n<p>Wyra\u017cono jednocze\u015bnie \u201ezdziwienie i za\u017cenowanie tak stronniczym przedstawieniem w prasie\u201d instytucji, kt\u00f3ra przez ponad 140 lat propagowa\u0142a wolno\u015b\u0107, a wi\u0119c warto\u015b\u0107 wa\u017cn\u0105 r\u00f3wnie\u017c dla Szwajcar\u00f3w. Zaznaczono, \u017ce \u201esprzeciw budzi lekcewa\u017c\u0105ce potraktowanie muzeum, kt\u00f3re przez lata z naukow\u0105 dok\u0142adno\u015bci\u0105 dokumentowa\u0142o histori\u0119 zwi\u0105zk\u00f3w Szwajcarii z Polsk\u0105 i krajami Europy Wschodniej a tak\u017ce zgromadzi\u0142o wa\u017cne dla naukowc\u00f3w archiwa\u201d.<\/p>\r\n<p>Zdaniem dyrekcji plac\u00f3wki oraz tamtejszej Polonii \u201elikwidacja Muzeum jest aktem pokory w\u0142adz miasta i gminy wobec ambicji lokalnego oligarchy, kt\u00f3ry pos\u0142uguj\u0105c si\u0119 niegodnymi uczciwego obywatela metodami, od lat szykanuje Muzeum Polskie\u201d. Podkre\u015bla si\u0119 te\u017c, \u017ce \u201emuzeum jest instytucj\u0105 kulturaln\u0105 o znaczeniu mi\u0119dzynarodowym, kt\u00f3r\u0105 Szwajcarzy i Polacy (w du\u017cej cz\u0119\u015bci r\u00f3wnie\u017c rapperswilczycy) zbudowali wsp\u00f3lnie. &#8222;Dzi\u0119ki Muzeum Polskiemu i dzi\u0119ki polskim emigrantom, miasto Rapperswil jest znane na wszystkich kontynentach \u015bwiata&#8221; \u00a0&#8211; przypomniano.<\/p>\r\n<p><strong><em>Franciszek L.\u00c4\u2020wik\u00a0<\/em><\/strong> <\/p>","protected":false},"excerpt":{"rendered":"W\u0142adze miasta w szwajcarskim Rapperswilu postanowi\u0142y zamkn\u0105\u0107 funkcjonuj\u0105ce od 1870 r. Muzem Polskie mieszcz\u0105ce si\u0119 na tamtejszym zamku. Polsk\u0105 plac\u00f3wk\u0119 stworzy\u0142 hr. W\u0142adys\u0142aw Bro\u00c3\u00abl-Plater przy pomocy grupy szwajcarskich przyjaci\u00f3\u0142 skupionych wok\u00f3\u0142 pisarza Gotfryda Kellera. Ludzie Ci nie\u015bli pomoc powsta\u0144com styczniowym. Pomagali im te\u017c w tworzeniu polskich o\u015brodk\u00f3w kultury i historii. Dzi\u0119ki darom p\u0142yn\u0105cym z ca\u0142ego [&hellip;]","protected":false},"author":1,"featured_media":0,"comment_status":"closed","ping_status":"closed","sticky":false,"template":"","format":"standard","meta":{"_acf_changed":false,"_monsterinsights_skip_tracking":false,"_monsterinsights_sitenote_active":false,"_monsterinsights_sitenote_note":"","_monsterinsights_sitenote_category":0,"ngg_post_thumbnail":0,"footnotes":"","_wp_rev_ctl_limit":""},"categories":[129],"tags":[65,239],"acf":[],"_links":{"self":[{"href":"https:\/\/www.bibula.com\/index.php?rest_route=\/wp\/v2\/posts\/70882"}],"collection":[{"href":"https:\/\/www.bibula.com\/index.php?rest_route=\/wp\/v2\/posts"}],"about":[{"href":"https:\/\/www.bibula.com\/index.php?rest_route=\/wp\/v2\/types\/post"}],"author":[{"embeddable":true,"href":"https:\/\/www.bibula.com\/index.php?rest_route=\/wp\/v2\/users\/1"}],"replies":[{"embeddable":true,"href":"https:\/\/www.bibula.com\/index.php?rest_route=%2Fwp%2Fv2%2Fcomments&post=70882"}],"version-history":[{"count":0,"href":"https:\/\/www.bibula.com\/index.php?rest_route=\/wp\/v2\/posts\/70882\/revisions"}],"wp:attachment":[{"href":"https:\/\/www.bibula.com\/index.php?rest_route=%2Fwp%2Fv2%2Fmedia&parent=70882"}],"wp:term":[{"taxonomy":"category","embeddable":true,"href":"https:\/\/www.bibula.com\/index.php?rest_route=%2Fwp%2Fv2%2Fcategories&post=70882"},{"taxonomy":"post_tag","embeddable":true,"href":"https:\/\/www.bibula.com\/index.php?rest_route=%2Fwp%2Fv2%2Ftags&post=70882"}],"curies":[{"name":"wp","href":"https:\/\/api.w.org\/{rel}","templated":true}]}}