{"id":70839,"date":"2013-10-29T11:31:27","date_gmt":"2013-10-29T16:31:27","guid":{"rendered":"http:\/\/www.bibula.com\/?p=70839"},"modified":"2013-10-29T14:20:08","modified_gmt":"2013-10-29T19:20:08","slug":"biskupi-europy-czlowiek-jest-winny-zmianom-klimatu","status":"publish","type":"post","link":"https:\/\/www.bibula.com\/?p=70839","title":{"rendered":"Biskupi Europy: cz\u0142owiek jest winny zmianom klimatu"},"content":{"rendered":"<p><strong>Komisja Episkopat\u00f3w Wsp\u00f3lnoty Europejskiej uzna\u0142a, \u017ce zmiany klimatyczne s\u0105 faktem niepodwa\u017calnym. Odpowiada za nie cz\u0142owiek, w zwi\u0105zku z tym konieczne s\u0105 dzia\u0142ania zmierzaj\u0105ce do ograniczenia jego negatywnego wp\u0142ywu na \u015brodowisko. Biskupi poparli polityk\u0119 unijn\u0105 w kwestii zwalczania skutk\u00f3w ocieplenia, nak\u0142adaj\u0105c\u0105 na pa\u0144stwa surowe ograniczenia. <br \/><\/strong><\/p>\r\n<p>Hierarchowie europejscy uczestniczyli w jednodniowej konferencji w Brukseli zorganizowanej przez Komisj\u0119 Konferencji Ko\u015bcio\u0142\u00f3w Europejskich we wsp\u00f3\u0142pracy z Biurem Doradc\u00f3w ds. Polityki Europejskiej i Komisj\u0105 Episkopat\u00f3w Wsp\u00f3lnoty Europejskiej.<\/p>\r\n<p>Uczestnicy ekumenicznego seminarium po\u015bwi\u0119conego ochronie \u015brodowiska i zmianom klimatycznym skrytykowali obecny spos\u00f3b gospodarowania zasobami mineralnymi i konsumpcyjny styl \u017cycia. Wielu duchownych wezwa\u0142o do dzia\u0142a\u0144 na rzecz solidarno\u015bci i globalnej sprawiedliwo\u015bci w zwalczania skutk\u00f3w ocieplenia.<\/p>\r\n<p>Prof. Goose z katolickiego uniwersytetu w Leuven podkre\u015bli\u0142, \u017ce jest <em>niezaprzeczalnym faktem, i\u017c cz\u0142owiek przede wszystkim odpowiada za zmiany klimatyczne<\/em>. Janna Sch\u00f6nfelda ze stowarzyszenia skupiaj\u0105cego 17 g\u0142\u00f3wnych organizacji humanitarnych w Europie zarzuci\u0142a krajom UE emisj\u0105 najwi\u0119kszej ilo\u015bci CO2 po USA. Doda\u0142a, \u017ce <em>Wsp\u00f3lnota Europejska, jako jeden z najbogatszych region\u00f3w \u015bwiata, ma moralny obowi\u0105zek przeciwdzia\u0142a\u0107 zmianom klimatycznym<\/em>.<\/p>\r\n<p>Z kolei mgr. Gomes, biskup pomocniczy archidiecezji Dhaka w Bangladeszu, skupi\u0142 si\u0119 na podkre\u015bleniu niesprawiedliwo\u015bci i cierpienia ubogich narod\u00f3w dotkni\u0119tych zmianami klimatycznymi. Skrytykowa\u0142 rozwi\u0105zania, jakie proponuj\u0105 kraje najbogatsze.<\/p>\r\n<p>Wszyscy uczestnicy zgodzili si\u0119 co do promocji program\u00f3w, ograniczaj\u0105cych skutki rzekomego ocieplenia klimatu, spowodowanego przez dzia\u0142alno\u015b\u0107 cz\u0142owieka. Potwierdzili tak\u017ce gotowo\u015b\u0107 \u015bcis\u0142ej wsp\u00f3\u0142pracy w zakresie redakcji dokument\u00f3w ko\u0144cowych z konferencji klimatycznej, kt\u00f3ra ma si\u0119 niebawem odby\u0107 w Warszawie. Hierarchowie poparli raport panelu ONZ powo\u0142anego do badania wp\u0142ywu cz\u0142owieka na zmiany klimatyczne &#8211; IPCC &#8211; kt\u00f3ry nie reprezentuje wszystkich \u015brodowisk naukowych. Raporty panelu s\u0142u\u017c\u0105 jako uzasadnienie decyzji politycznych wielu pa\u0144stw, w tym Unii Europejskiej.<\/p>\r\n<p>Naukowcy, jak w ka\u017cdej dziedzinie, s\u0105 podzieleni co do tego, czy cz\u0142owiek rzeczywi\u015bcie ma wp\u0142yw na zmiany klimatyczne, czy te\u017c dokonuj\u0105 si\u0119 one niezale\u017cnie od jego dzia\u0142alno\u015bci. Jest wiele bada\u0144 potwierdzaj\u0105cych, i\u017c cz\u0142owiek nie ma wp\u0142ywu na zmiany. \u015awiadczy o tym chocia\u017cby fakt, i\u017c emisja dwutlenku w\u0119gla przez ludzi i zmiany temperatury globu nie id\u0105 w parze. Zmiany s\u0105 raczej wynikiem dzia\u0142alno\u015bci S\u0142o\u0144ca i innych gwiazd.<\/p>\r\n<p>\u0179r\u00f3d\u0142o: comece.org, catholicculture.org., AS<\/p>\r\n<p class=\"zrodlo\">Za: <a href=\"http:\/\/www.pch24.pl\/biskupi-europy--czlowiek-jest-winny-zmianom-klimatu,18697,i.html\">Polonia Christiana &#8211; pch24.pl (2013-10-28)<\/a><\/p>\r\n<blockquote>\r\n<p><strong>KOMENTARZ <em>BIBU\u0141Y<\/em><\/strong>: No i jak tu zachowa\u0107 resztki szacunku do tych\u017ce biskup\u00f3w, nakarmionych pseudo-nauk\u0105 i id\u0105cych w \u015blady globalist\u00f3w i ekoterroryst\u00f3w?&#8230;<\/p>\r\n<\/blockquote>\r\n<h6>\u00a0<\/h6>\r\n<blockquote>\r\n<h2>Teoria globalnego ocieplenia to pseudonauka<\/h2>\r\n<p><strong>Korzenie ruchu ekologicznego i polityczne machinacje nap\u0119dzaj\u0105ce \u015bwiatow\u0105 polityk\u0119 w dziedzinie tzw. globalnego ocieplenia &#8211; to g\u0142\u00f3wne w\u0105tki najnowszej publikacji Ruperta Darwalla pt. \u201eThe Age of Global Warming: History\u201d. Darwall doskonale pokazuje, w jaki spos\u00f3b nauka o klimacie przerodzi\u0142a si\u0119 w pseudonauk\u0119, kt\u00f3ra sta\u0142a si\u0119 narz\u0119dziem manipulacji mi\u0119dzynarodowych decydent\u00f3w. <br \/><\/strong><\/p>\r\n<p>Darwall szczeg\u00f3\u0142owo opisa\u0142 si\u0142y, kt\u00f3re kszta\u0142tuj\u0105 debat\u0119 publiczn\u0105 w kwestii tzw. zmian klimatycznych. Publikacja wyra\u017anie odcina si\u0119 od ustale\u0144 mi\u0119dzynarodowego panelu ONZ ds. zmian klimatycznych, kt\u00f3ry daje wytyczne politykom dot. realizacji kosztownych program\u00f3w, maj\u0105cych niwelowa\u0107 negatywne skutki globalnego ocieplenia, za kt\u00f3re wini si\u0119 przede wszystkim cz\u0142owieka.<\/p>\r\n<p>Darwall prze\u015bledzi\u0142 debat\u0119 publiczn\u0105 na temat rzekomego globalnego ocieplenia pocz\u0105wszy od czas\u00f3w dw\u00f3ch angielskich intelektualist\u00f3w: Thomasa Malthusa i Williama Stanleya Jevonsa, kt\u00f3rzy obawiali si\u0119, \u017ce w pewnym momencie zabraknie zasob\u00f3w naturalnych i \u017cywno\u015bci dla szybko rosn\u0105cej liczby ludno\u015bci.<\/p>\r\n<p>Malthus opowiedzia\u0142 si\u0119 za radykalnym zmniejszeniem przyrostu naturalnego, by nie zbrak\u0142o \u017cywno\u015bci dla ludzi. M\u00f3wi\u0142, \u017ce liczba ludno\u015bci ro\u015bnie wyk\u0142adniczo, a zasoby \u017cywno\u015bci &#8211; arytmetycznie.<\/p>\r\n<p>Z kolei ekonomista Jevons obawia\u0142 si\u0119 radykalnego ograniczenia zasob\u00f3w naturalnych, w szczeg\u00f3lno\u015bci w\u0119gla kamiennego, kt\u00f3ry by\u0142 g\u0142\u00f3wn\u0105 si\u0142\u0105 nap\u0119dow\u0105 Imperium Brytyjskiego. Jevons wychodzi\u0142 z za\u0142o\u017cenia, \u017ce nowe technologie zwi\u0119ksz\u0105 zu\u017cycie w\u0119gla i zagro\u017c\u0105 rentowno\u015bci gospodarki w d\u0142u\u017cszym okresie.<\/p>\r\n<p>Takie my\u015blenie zrodzi\u0142o ruch anty-wzrostowy, kt\u00f3ry ostatecznie doprowadzi\u0142 do powstania wsp\u00f3\u0142czesnego ruchu ekologicznego. Nowi intelektuali\u015bci dok\u0142adali do tego ruchu swoje kwestie. I tak Rachel Carson zwr\u00f3ci\u0142a uwag\u0119 na problem \u00a0zanieczyszczenia \u015brodowiska, b\u0119d\u0105cego produktem ubocznym wzrostu gospodarczego i konsumpcji. Z kolei Barbara Ward rozpropagowa\u0142a poj\u0119cie \u201ezr\u00f3wnowa\u017conego rozwoju\u201d.<\/p>\r\n<p>Darwall w swojej publikacji dokona\u0142 przegl\u0105du nauki, zajmuj\u0105cej si\u0119 kwestiami rzekomego ocieplenia klimatu. Powo\u0142uj\u0105c si\u0119 na filozofa nauki Karla Poppera, zauwa\u017cy\u0142, \u017ce wsp\u00f3\u0142cze\u015bni klimatolodzy sprzeniewierzyli si\u0119 nauce. Jak mawia\u0142 Popper, nauka \u0142atwo mo\u017ce obali\u0107 fa\u0142szerstwa. Teorie mog\u0105 bowiem by\u0107 testowane i obalane. W ko\u0144cu jednak mo\u017cna zbli\u017cy\u0107 si\u0119 do prawdy.<\/p>\r\n<p>Tymczasem naukowcy, zajmuj\u0105cy si\u0119 kwestiami tzw. globalnego ocieplenia nie dzia\u0142aj\u0105 w ten spos\u00f3b. Ich teorie opieraj\u0105 si\u0119 na przewidywaniach przysz\u0142o\u015bci, kt\u00f3ra nie jest poznawalna. A zatem ich hipotezy trudno obali\u0107, przynajmniej w chwili obecnej.<\/p>\r\n<p>Darwall wykazuje, \u017ce odej\u015bcie od koncepcji Poppera zmieni\u0142o nauk\u0119 globalnego ocieplenia w drastyczny spos\u00f3b. Teorie opieraj\u0105 si\u0119 na modelach statystycznych, a statystyki stale s\u0105 manipulowane, gdy si\u0119 okazuje, \u017ce nie potwierdzaj\u0105 s\u0142uszno\u015bci modelu.<\/p>\r\n<p>W rezultacie w klimatologii liczy si\u0119 tzw. konsensus naukowy i autorytet najlepszych naukowc\u00f3w. Dlatego teorie globalnego ocieplenia mog\u0105 by\u0107 w dowolny spos\u00f3b manipulowane, zgodnie z zapotrzebowaniem polityk\u00f3w.<\/p>\r\n<p>Darwall przypomina ostrze\u017cenie prezydenta Eisenhowera, kt\u00f3ry obawia\u0142 si\u0119 zdominowania spraw narodowych przez potencjalnie niebezpieczne zasady, narzucone innym cz\u0142onkom spo\u0142ecze\u0144stwa przez r\u00f3\u017cnego rodzaju \u201eekspert\u00f3w\u201d.<\/p>\r\n<p>Darwall w swojej ksi\u0105\u017cce opisuje interakcje zachodz\u0105ce pomi\u0119dzy ekonomi\u0105, nauk\u0105, ochron\u0105 \u015brodowiskai polityk\u0105. Ujawnia, jak w\u0142a\u015bciwie czyje\u015b \u201ewymys\u0142y\u201d doprowadzi\u0142y do wydania &#8211; zw\u0142aszcza w Europie &#8211; ogromnych sum pieni\u0119dzy podatnik\u00f3w na realizacj\u0119 wydumanych program\u00f3w walki ze skutkami ocieplenia klimatu. Darwall zauwa\u017ca, \u017ce tego typu polityka utrudnia wzrost gospodarczy, zmniejsza dobrobyt i zagra\u017ca pomy\u015blno\u015bci ludzi.<\/p>\r\n<p>Rupert Darwall to znany publicysta angloj\u0119zyczny. Ekonomista i historyk, absolwent uniwersytetu w Cambridge. Jest autorem kilku publikacji, m.in.: &#8222;Paralysis or Power? &#8211; The Centre Right in the 21st Century (CPS 2002)\u201d, &#8222;A Better Way to Help the Low Paid &#8211; US lessons for the UK tax credit system (CPS 2006)\u201d, i &#8222;Reluctant Manager\u201d.<\/p>\r\n<p>\u0179r\u00f3d\u0142o: The Washington Times, AS.<\/p>\r\n<p class=\"zrodlo\">Za: <a href=\"http:\/\/www.pch24.pl\/teoria-globalnego-ocieplenia-to-pseudonauka,18742,i.html\">Polonia Christiana &#8211; pch24.pl (2013-10-29)<\/a><\/p>\r\n<\/blockquote>","protected":false},"excerpt":{"rendered":"Komisja Episkopat\u00f3w Wsp\u00f3lnoty Europejskiej uzna\u0142a, \u017ce zmiany klimatyczne s\u0105 faktem niepodwa\u017calnym. Odpowiada za nie cz\u0142owiek, w zwi\u0105zku z tym konieczne s\u0105 dzia\u0142ania zmierzaj\u0105ce do ograniczenia jego negatywnego wp\u0142ywu na \u015brodowisko. Biskupi poparli polityk\u0119 unijn\u0105 w kwestii zwalczania skutk\u00f3w ocieplenia, nak\u0142adaj\u0105c\u0105 na pa\u0144stwa surowe ograniczenia. Hierarchowie europejscy uczestniczyli w jednodniowej konferencji w Brukseli zorganizowanej przez Komisj\u0119 [&hellip;]","protected":false},"author":1,"featured_media":0,"comment_status":"closed","ping_status":"closed","sticky":false,"template":"","format":"standard","meta":{"_acf_changed":false,"_monsterinsights_skip_tracking":false,"_monsterinsights_sitenote_active":false,"_monsterinsights_sitenote_note":"","_monsterinsights_sitenote_category":0,"ngg_post_thumbnail":0,"footnotes":"","_wp_rev_ctl_limit":""},"categories":[3],"tags":[146,23,93,33],"acf":[],"_links":{"self":[{"href":"https:\/\/www.bibula.com\/index.php?rest_route=\/wp\/v2\/posts\/70839"}],"collection":[{"href":"https:\/\/www.bibula.com\/index.php?rest_route=\/wp\/v2\/posts"}],"about":[{"href":"https:\/\/www.bibula.com\/index.php?rest_route=\/wp\/v2\/types\/post"}],"author":[{"embeddable":true,"href":"https:\/\/www.bibula.com\/index.php?rest_route=\/wp\/v2\/users\/1"}],"replies":[{"embeddable":true,"href":"https:\/\/www.bibula.com\/index.php?rest_route=%2Fwp%2Fv2%2Fcomments&post=70839"}],"version-history":[{"count":0,"href":"https:\/\/www.bibula.com\/index.php?rest_route=\/wp\/v2\/posts\/70839\/revisions"}],"wp:attachment":[{"href":"https:\/\/www.bibula.com\/index.php?rest_route=%2Fwp%2Fv2%2Fmedia&parent=70839"}],"wp:term":[{"taxonomy":"category","embeddable":true,"href":"https:\/\/www.bibula.com\/index.php?rest_route=%2Fwp%2Fv2%2Fcategories&post=70839"},{"taxonomy":"post_tag","embeddable":true,"href":"https:\/\/www.bibula.com\/index.php?rest_route=%2Fwp%2Fv2%2Ftags&post=70839"}],"curies":[{"name":"wp","href":"https:\/\/api.w.org\/{rel}","templated":true}]}}