{"id":70621,"date":"2013-10-05T09:21:46","date_gmt":"2013-10-05T14:21:46","guid":{"rendered":"http:\/\/www.bibula.com\/?p=70621"},"modified":"2013-10-05T09:21:46","modified_gmt":"2013-10-05T14:21:46","slug":"50-rocznica-zawiazania-coetus-internationalis-patrum","status":"publish","type":"post","link":"https:\/\/www.bibula.com\/?p=70621","title":{"rendered":"50 rocznica zawi\u0105zania <em>Coetus Internationalis Patrum<\/em>"},"content":{"rendered":"<p><strong>2 pa\u017adziernika br., w \u015bwi\u0119to Anio\u0142\u00f3w Str\u00f3\u017c\u00f3w, min\u0119\u0142a 50. rocznica zawi\u0105zania <i>Coetus Internationalis Patrum<\/i> (\u0142ac. \u2018mi\u0119dzynarodowa grupa ojc\u00f3w\u2019) &#8211; nieformalnego zespo\u0142u biskup\u00f3w, kt\u00f3rzy podczas II Soboru Watyka\u0144skiego usi\u0142owali przeciwstawi\u0107 si\u0119 wp\u0142ywowemu lobby modernistycznemu zwanemu \u201esojuszem re\u0144skim\u201d, kt\u00f3rego jednym z czo\u0142owych przedstawicieli by\u0142 kard. Augustyn Bea &#8211; by\u0142y spowiednik papie\u017ca Piusa XII i przewodnicz\u0105cy Sekretariatu ds. Jedno\u015bci Chrze\u015bcijan.<\/strong><\/p>\r\n<table class=\"outset\" style=\"width: 313px; height: 205px;\" align=\"left\">\r\n<tbody>\r\n<tr>\r\n<td><img fetchpriority=\"high\" decoding=\"async\" alt=\"\" src=\"http:\/\/news.fsspx.pl\/wp-content\/uploads\/coetus_internationalis_patrum-300x176.jpg\" width=\"300\" height=\"176\" \/><\/td>\r\n<\/tr>\r\n<tr>\r\n<td>\r\n<p class=\"zrodlo\">Cz\u0142onkowie Coetus Internationalis Patrum na placu \u015awi\u0119tego Piotra<\/p>\r\n<\/td>\r\n<\/tr>\r\n<\/tbody>\r\n<\/table>\r\n<p>W Adwencie 1962 r. zacz\u0119\u0142a obradowa\u0107 Komisja Centralna. Jej zadaniem by\u0142o przygotowanie dokument\u00f3w, nad kt\u00f3rymi mieli debatowa\u0107 ojcowie soborowi. Ju\u017c podczas pierwszego posiedzenia abp Lefebvre by\u0142 zmuszony zg\u0142osi\u0107 swoje obiekcje. Jak napisa\u0142 ks. Ram\u00f3n Angl\u00c3\u00a9s, autor jego biografii, \u201eArcybiskup publicznie skar\u017cy\u0142 si\u0119 na obecno\u015b\u0107 w podkomisjach niekatolik\u00f3w i os\u00f3b o w\u0105tpliwych przekonaniach, takich jak K\u00fcng, Ratzinger (w czarnym garniturze i pod krawatem), Rahner, Congar, Schillebeeckx i sp\u00f3\u0142ka\u201d. Reakcj\u0105 na ich dzia\u0142alno\u015b\u0107 by\u0142o w\u0142a\u015bnie zawi\u0105zanie <i>Coetus Internationalis Patrum<\/i>. Do za\u0142o\u017cycieli tego sprzeciwiaj\u0105cego si\u0119 modernistycznym reformom w Ko\u015bciele stronnictwa, w kt\u00f3rego sk\u0142ad wesz\u0142o 250 spo\u015br\u00f3d 2,5 tys. ojc\u00f3w soborowych, nale\u017celi m.in. Alfred kard. Ottaviani &#8211; sekretarz Najwy\u017cszej \u015awi\u0119tej Kongregacji \u015awi\u0119tego Oficjum, Franciszek kard. Spellman &#8211; arcybiskup Nowego Jorku, abp Kazimierz Morcillo Gonz\u00e1lez &#8211; ordynariusz Madrytu, abp Gerald de Proen\u00c3\u00a7a Sigaud &#8211; arcybiskup Diamantiny w Brazylii oraz jego rodak, bp Antoni de Castro Mayer z Campos.<\/p>\r\n<p>O <i>Coetus<\/i> tak w swojej ksi\u0105\u017cce <i>Ko\u015bci\u00f3\u0142 przesi\u0105kni\u0119ty modernizmem<\/i> pisa\u0142 abp Marceli Lefebvre, ojciec soborowy, cz\u0142onek tego stronnictwa i p\u00f3\u017aniejszy za\u0142o\u017cyciel Bractwa Kap\u0142a\u0144skiego \u015awi\u0119tego Piusa X: \u201eBy\u0142o nas 250 przychylnych utrzymaniu Tradycji i wrogich zbyt wielkim zmianom w Ko\u015bciele; wrogich fa\u0142szywej odnowie, fa\u0142szywemu ekumenizmowi, fa\u0142szywej kolegialno\u015bci. (\u2026) Z\u0142o zosta\u0142o nieco ograniczone. Lecz nie uda\u0142o nam si\u0119 przeszkodzi\u0107 przej\u015bciu niekt\u00f3rych projekt\u00f3w, a w szczeg\u00f3lno\u015bci deklaracji o wolno\u015bci religijnej, kt\u00f3rej tekst by\u0142 poprawiany a\u017c pi\u0119\u0107 razy\u201d.<\/p>","protected":false},"excerpt":{"rendered":"2 pa\u017adziernika br., w \u015bwi\u0119to Anio\u0142\u00f3w Str\u00f3\u017c\u00f3w, min\u0119\u0142a 50. rocznica zawi\u0105zania Coetus Internationalis Patrum (\u0142ac. \u2018mi\u0119dzynarodowa grupa ojc\u00f3w\u2019) &#8211; nieformalnego zespo\u0142u biskup\u00f3w, kt\u00f3rzy podczas II Soboru Watyka\u0144skiego usi\u0142owali przeciwstawi\u0107 si\u0119 wp\u0142ywowemu lobby modernistycznemu zwanemu \u201esojuszem re\u0144skim\u201d, kt\u00f3rego jednym z czo\u0142owych przedstawicieli by\u0142 kard. Augustyn Bea &#8211; by\u0142y spowiednik papie\u017ca Piusa XII i przewodnicz\u0105cy Sekretariatu ds. [&hellip;]","protected":false},"author":1,"featured_media":0,"comment_status":"closed","ping_status":"closed","sticky":false,"template":"","format":"standard","meta":{"_acf_changed":false,"_monsterinsights_skip_tracking":false,"_monsterinsights_sitenote_active":false,"_monsterinsights_sitenote_note":"","_monsterinsights_sitenote_category":0,"ngg_post_thumbnail":0,"footnotes":"","_wp_rev_ctl_limit":""},"categories":[3],"tags":[33],"acf":[],"_links":{"self":[{"href":"https:\/\/www.bibula.com\/index.php?rest_route=\/wp\/v2\/posts\/70621"}],"collection":[{"href":"https:\/\/www.bibula.com\/index.php?rest_route=\/wp\/v2\/posts"}],"about":[{"href":"https:\/\/www.bibula.com\/index.php?rest_route=\/wp\/v2\/types\/post"}],"author":[{"embeddable":true,"href":"https:\/\/www.bibula.com\/index.php?rest_route=\/wp\/v2\/users\/1"}],"replies":[{"embeddable":true,"href":"https:\/\/www.bibula.com\/index.php?rest_route=%2Fwp%2Fv2%2Fcomments&post=70621"}],"version-history":[{"count":0,"href":"https:\/\/www.bibula.com\/index.php?rest_route=\/wp\/v2\/posts\/70621\/revisions"}],"wp:attachment":[{"href":"https:\/\/www.bibula.com\/index.php?rest_route=%2Fwp%2Fv2%2Fmedia&parent=70621"}],"wp:term":[{"taxonomy":"category","embeddable":true,"href":"https:\/\/www.bibula.com\/index.php?rest_route=%2Fwp%2Fv2%2Fcategories&post=70621"},{"taxonomy":"post_tag","embeddable":true,"href":"https:\/\/www.bibula.com\/index.php?rest_route=%2Fwp%2Fv2%2Ftags&post=70621"}],"curies":[{"name":"wp","href":"https:\/\/api.w.org\/{rel}","templated":true}]}}