{"id":70601,"date":"2013-10-02T21:35:29","date_gmt":"2013-10-03T02:35:29","guid":{"rendered":"http:\/\/www.bibula.com\/?p=70601"},"modified":"2013-10-02T12:36:03","modified_gmt":"2013-10-02T17:36:03","slug":"swiatowy-kongres-zydow-zadowolony-z-deklaracji-prezydium-konferencji-episkopatu-polski","status":"publish","type":"post","link":"https:\/\/www.bibula.com\/?p=70601","title":{"rendered":"\u015awiatowy Kongres \u017byd\u00f3w zadowolony z deklaracji Prezydium Konferencji Episkopatu Polski."},"content":{"rendered":"<p><strong>Prezes WJC, <span style=\"text-decoration: underline;\"><a title=\"Ronald S. Lauder w imieniu \u015awiatowej Organizacji \u017byd\u00f3w \" href=\"http:\/\/www.worldjewishcongress.org\/en\/news\/13982\/wjc_welcomes_support_of_polish_bishops_for_overturning_of_religious_slaughter_ban\">Ronald S. Lauder w imieniu \u015awiatowej Organizacji \u017byd\u00f3w<\/a><\/span> przyj\u0105\u0142 z zadowoleniem wiadomo\u015b\u0107 o poparciu jakie udzieli\u0142o Prezydium Konferencji Episkopatu Polski \u017cydowskim staraniom o zniesienie zakazu uboju rytualnego w Polsce.<\/strong><\/p>\r\n<p>2 wrze\u015bnia 2013 Ojciec \u015awi\u0119ty Franciszek przyj\u0105\u0142 na audiencji delegacj\u0119 \u015awiatowego Kongresu \u017byd\u00f3w w czasie kt\u00f3rej <a title=\"prezes Lauder poskar\u017cy\u0142 si\u0119 na zakaz uboju rytualnego w Polsce.\" href=\"http:\/\/www.polskatimes.pl\/artykul\/983090,papiez-franciszek-zaniepokojony-zakazem-uboju-rytualnego-w-polsce,id,t.html\"><span style=\"text-decoration: underline;\">prezes Lauder poskar\u017cy\u0142 si\u0119 na zakaz uboju rytualnego w Polsce<\/span>.<\/a> Wg komunikatu Kongresu wydanym po spotkaniu \u201e<em>Papie\u017c\u00a0wyrazi\u0142 zaniepokojenie zakazem uboju rytualnego w Polsce i poleci\u0142 kardyna\u0142owi Kurtowi Kochowi, przewodnicz\u0105cemu komisji do spraw relacji z judaizmem, zbada\u0107 t\u0119 spraw\u0119 i zwo\u0142a\u0107 spotkanie ju\u017c w przysz\u0142ym tygodniu\u201d<\/em>.<\/p>\r\n<p>12 lipca Sejm RP odrzuci\u0142 rz\u0105dowy projekt ustawy dopuszczaj\u0105cej ub\u00f3j rytualny zwierz\u0105t. Zatrudniony przez Zwi\u0105zek \u017byd\u00f3w mec. Roman Giertych wyja\u015bni\u0142 w tej sprawie \u201eRzeczypospolitej\u201d:\u00a0<em>&#8211; Jako katolik nie mog\u0119 nie poprze\u0107 stara\u0144 wsp\u00f3lnoty religijnej, kt\u00f3ra od wielu wiek\u00f3w kultywuje w Polsce bez \u017cadnych przeszk\u00f3d swoje tradycje, a kt\u00f3ra zosta\u0142a postawiona w trudnej sytuacji w wyniku zakazu uboju rytualnego. Mam nadziej\u0119, \u017ce Trybuna\u0142 (a by\u0107 mo\u017ce jeszcze wcze\u015bniej Sejm) pozwoli na to, aby wolno\u015b\u0107 religijna by\u0142a kultywowana bez \u017cadnych ideologicznych ogranicze\u0144 &#8211; <\/em>powiedzia\u0142 Giertych.<\/p>\r\n<p>25 wrze\u015bnia Prezydium Konferencji Episkopatu Polski wyda\u0142o o\u015bwiadczenie, \u017ce podziela trosk\u0119 \u017cydowskich gmin wyznaniowych oraz wyznawc\u00f3w islamu.<\/p>\r\n<p>&#8211;\u00a0<em>Sprawa wkracza bowiem na wa\u017cny teren prawa cz\u0142owieka do wolno\u015bci religijnej oraz do stosowania jej zasad tak\u017ce w sferze obyczaj\u00f3w, b\u0119d\u0105cych wyrazem kultu religijnego. Prezydium Konferencji Episkopatu Polski zwraca uwag\u0119 na to, \u017ce w ca\u0142ej wielowiekowej historii prawodawstwa polskiego nigdy nie by\u0142o kwestionowane prawo do wolno\u015bci religijnej, w tym prawo do zachowania w\u0142asnych tradycji i zwyczaj\u00f3w<\/em> &#8211; <span style=\"text-decoration: underline;\"><a title=\"czytamy w o\u015bwiadczeniu KEP\" href=\"http:\/\/www.opoka.org.pl\/aktualnosci\/news.php?s=opoka&amp;id=49417\">czytamy w o\u015bwiadczeniu KEP<\/a><\/span>.<\/p>\r\n<p><strong><em>opr. wg\/PCO<\/em><\/strong><\/p>","protected":false},"excerpt":{"rendered":"Prezes WJC, Ronald S. Lauder w imieniu \u015awiatowej Organizacji \u017byd\u00f3w przyj\u0105\u0142 z zadowoleniem wiadomo\u015b\u0107 o poparciu jakie udzieli\u0142o Prezydium Konferencji Episkopatu Polski \u017cydowskim staraniom o zniesienie zakazu uboju rytualnego w Polsce. 2 wrze\u015bnia 2013 Ojciec \u015awi\u0119ty Franciszek przyj\u0105\u0142 na audiencji delegacj\u0119 \u015awiatowego Kongresu \u017byd\u00f3w w czasie kt\u00f3rej prezes Lauder poskar\u017cy\u0142 si\u0119 na zakaz uboju rytualnego [&hellip;]","protected":false},"author":1,"featured_media":0,"comment_status":"closed","ping_status":"closed","sticky":false,"template":"","format":"standard","meta":{"_acf_changed":false,"_monsterinsights_skip_tracking":false,"_monsterinsights_sitenote_active":false,"_monsterinsights_sitenote_note":"","_monsterinsights_sitenote_category":0,"ngg_post_thumbnail":0,"footnotes":"","_wp_rev_ctl_limit":""},"categories":[5],"tags":[176,301,18,101],"acf":[],"_links":{"self":[{"href":"https:\/\/www.bibula.com\/index.php?rest_route=\/wp\/v2\/posts\/70601"}],"collection":[{"href":"https:\/\/www.bibula.com\/index.php?rest_route=\/wp\/v2\/posts"}],"about":[{"href":"https:\/\/www.bibula.com\/index.php?rest_route=\/wp\/v2\/types\/post"}],"author":[{"embeddable":true,"href":"https:\/\/www.bibula.com\/index.php?rest_route=\/wp\/v2\/users\/1"}],"replies":[{"embeddable":true,"href":"https:\/\/www.bibula.com\/index.php?rest_route=%2Fwp%2Fv2%2Fcomments&post=70601"}],"version-history":[{"count":0,"href":"https:\/\/www.bibula.com\/index.php?rest_route=\/wp\/v2\/posts\/70601\/revisions"}],"wp:attachment":[{"href":"https:\/\/www.bibula.com\/index.php?rest_route=%2Fwp%2Fv2%2Fmedia&parent=70601"}],"wp:term":[{"taxonomy":"category","embeddable":true,"href":"https:\/\/www.bibula.com\/index.php?rest_route=%2Fwp%2Fv2%2Fcategories&post=70601"},{"taxonomy":"post_tag","embeddable":true,"href":"https:\/\/www.bibula.com\/index.php?rest_route=%2Fwp%2Fv2%2Ftags&post=70601"}],"curies":[{"name":"wp","href":"https:\/\/api.w.org\/{rel}","templated":true}]}}