{"id":70501,"date":"2013-09-27T08:48:38","date_gmt":"2013-09-27T13:48:38","guid":{"rendered":"http:\/\/www.bibula.com\/?p=70501"},"modified":"2013-09-27T08:54:06","modified_gmt":"2013-09-27T13:54:06","slug":"kanada-miedzynarodowa-konferencja-fatima-sciezka-ku-pokojowi-z-udzialem-ks-stehlina-fsspx","status":"publish","type":"post","link":"https:\/\/www.bibula.com\/?p=70501","title":{"rendered":"Kanada: Mi\u0119dzynarodowa konferencja Fatima \u2013 \u015bcie\u017cka ku pokojowi z udzia\u0142em ks. Stehlina FSSPX"},"content":{"rendered":"<p>W dniach 8-13 wrze\u015bnia br. w Niagara Falls w kanadyjskiej prowincji Ontario odby\u0142a si\u0119 mi\u0119dzynarodowa konferencja pod nazw\u0105 <i>Fatima: Path to Peace! <\/i>Organizatorem tego spotkania by\u0142o za\u0142o\u017cone w 1978 r. i kierowane przez ks. Miko\u0142aja Gr\u00fcnera stowarzyszenie Centrum Fatimskie, b\u0119d\u0105ce r\u00f3wnie\u017c wydawc\u0105 kwartalnika \u201eFatima Crusader\u201d (ang. Krzy\u017cowiec Fatimski), kt\u00f3ry w Kanadzie i USA ma ponad milion czytelnik\u00f3w.<\/p>\r\n<table class=\"outset\" style=\"width: 316px; height: 212px;\" align=\"left\">\r\n<tbody>\r\n<tr>\r\n<td><img decoding=\"async\" alt=\"\" src=\"http:\/\/news.fsspx.pl\/wp-content\/uploads\/Fatima.PathtoPeace.Stehlin-300x183.png\" \/><\/td>\r\n<\/tr>\r\n<tr>\r\n<td>\r\n<p class=\"zrodlo\">Ks. Karol Stehlin FSSPX przemawia podczas konferencji <em>Fatima: Path to Peace!<\/em><\/p>\r\n<\/td>\r\n<\/tr>\r\n<\/tbody>\r\n<\/table>\r\n<p>\u00a0W tegorocznej trzynastej ju\u017c konferencji wzi\u0119li udzia\u0142 m.in.: Ignacy J\u00f3zef III Younan &#8211; syryjskokatolicki patriarcha Antiochii; ks. pra\u0142. Patryk Perez &#8211; teolog, badacz modernizmu w Ko\u015bciele, propagator or\u0119dzia fatimskiego i specjalista w zakresie liturgii rzymskiej; wspomniany wy\u017cej ks. Miko\u0142aj Gr\u00fcner; ks. Pawe\u0142 Kramer &#8211; biblista, badacz objawie\u0144 Matki Bo\u017cej, autor publikacji nt. katolickiego tradycjonalizmu i wydawca przegl\u0105du \u201eThe Devil\u2019s Final Battle\u201d; ks. Karol Stehlin &#8211; prze\u0142o\u017cony Bractwa Kap\u0142a\u0144skiego \u015awi\u0119tego Piusa X w Europie Wschodniej i ekspert w dziedzinie mariologii; Ronald (Ron) Paul &#8211; cz\u0142onek Izby Reprezentant\u00f3w USA, kt\u00f3ry dwukrotnie (w 2008 i 2012 r.) ubiega\u0142 si\u0119 o nominacj\u0119 Partii Republika\u0144skiej w wyborach prezydenckich, cz\u0142onek zboru baptystycznego; dr Piotr Chojnowski &#8211; filozof i politolog, specjalista z dziedziny tomizmu i katolickiej nauki spo\u0142ecznej; Jan Vennari &#8211; pisarz, naukowiec, katecheta i wydawca miesi\u0119cznika \u201eCatholic Family News\u201d; Krzysztof Ferrara &#8211; prawnik i katolicki publicysta; dr Robert Sungenis &#8211; katolicki teolog, apologeta, prezes Catholic Apologetics International; Micha\u0142 Matt &#8211; publicysta i wydawca dwutygodnika \u201eThe Remnant\u201d; dr Pawe\u0142 A. Byrne &#8211; neonatolog i pediatra, specjalista w dziedzinie etyki medycznej, by\u0142y prezes Catholic Medical Association; Marian (Mario) Berghezio, cz\u0142onek Parlamentu Europejskiego z ramienia w\u0142oskiej Ligii P\u00f3\u0142nocnej, propagator or\u0119dzia fatimskiego; Brian McCall &#8211; prawnik i pisarz zajmuj\u0105cy si\u0119 m.in. etyk\u0105 w biznesie oraz Wilhelm F. Jasper &#8211; redaktor \u201eThe New American\u201d, dziennikarz \u015bledczy, przez dwie dekady reporter przy ONZ.<\/p>\r\n<p><span class=\"pullquote\"><!-- Pora wr\u00f3ci\u0107 do w\u0142a\u015bciwego przes\u0142ania konferencji i podkre\u015bli\u0107 to, czego ona rzeczywi\u015bcie dotyczy: pokoju na \u015bwiecie, mo\u017cliwego do osi\u0105gni\u0119cia dzi\u0119ki po\u015bwi\u0119ceniu Rosji Niepokalanemu Sercu Maryi, kt\u00f3ra sama domaga\u0142a si\u0119 tego podczas objawie\u0144 w Fatimie --><\/span>Konferencja w Niagara Falls odbywa\u0142a si\u0119 w cieniu wojny domowej w Syrii i dyplomatycznych zmaga\u0144 mocarstw w sprawie zbrojnej interwencji oraz papieskiego apelu o zachowanie pokoju. W zwi\u0105zku z tym, a tak\u017ce w zwi\u0105zku z udzia\u0142em w konferencji patriarchy Ignacego J\u00f3zefa III oraz dr Ronalda Paula &#8211; zdecydowanego przeciwnika militarnej interwencji USA na Bliskim Wschodzie &#8211; konferencja wzbudzi\u0142a wi\u0119ksze ni\u017c dot\u0105d zainteresowanie medi\u00f3w \u015bwieckich. Niestety, wi\u0119kszo\u015b\u0107 dziennikarzy nie skupi\u0142a si\u0119 na tre\u015bci i przes\u0142aniu konferencji, ale pr\u00f3bowa\u0142a j\u0105 storpedowa\u0107, m.in. za pomoc\u0105 nacisk\u00f3w na prelegent\u00f3w, by odm\u00f3wili w niej udzia\u0142u, oraz zarzut\u00f3w wobec cz\u0142onk\u00f3w Centrum Fatimskiego o ich rzekomy antysemityzm.<\/p>\r\n<p>W wigili\u0119 \u015bwi\u0119ta Narodzenia Naj\u015bwi\u0119tszej Maryi Panny, zapraszaj\u0105c do udzia\u0142u w konferencji, ks. Gr\u00fcner powiedzia\u0142 m.in.: \u201ePo licznych perturbacjach spowodowanych przez rozhisteryzowane liberalne media pora wr\u00f3ci\u0107 do w\u0142a\u015bciwego przes\u0142ania konferencji i podkre\u015bli\u0107 to, czego ona rzeczywi\u015bcie dotyczy: pokoju na \u015bwiecie, mo\u017cliwego do osi\u0105gni\u0119cia dzi\u0119ki po\u015bwi\u0119ceniu Rosji Niepokalanemu Sercu Maryi, kt\u00f3ra sama domaga\u0142a si\u0119 tego podczas objawie\u0144 w Fatimie. Oto, co \u0142\u0105czy katolickich prelegent\u00f3w &#8211; i nie ma znaczenia, jakie maj\u0105 pogl\u0105dy na inne kwestie\u201d.<\/p>\r\n<p>Ks. Karol Stehlin, kt\u00f3ry ju\u017c po raz drugi wzi\u0105\u0142 udzia\u0142 w konferencji organizowanej przez Centrum Fatimskie, wyg\u0142osi\u0142 wyk\u0142ad zatytu\u0142owany <i>\u015aw. Maksymilian Maria Kolbe, Fatima i osobiste po\u015bwi\u0119cenie si\u0119 Matce Bo\u017cej<\/i> (osoby w\u0142adaj\u0105ce j\u0119zykiem angielskim mog\u0105 <span style=\"text-decoration: underline;\"><strong>wys\u0142ucha\u0107 go <a href=\"http:\/\/www.fatimathepathtopeace.org\/index.php?option=com_content&amp;view=article&amp;id=136&amp;Itemid=8\">na stronie internetowej po\u015bwi\u0119conej tej konferencji<\/a><\/strong><\/span>) oraz poprowadzi\u0142 procesj\u0119 ku czci Naj\u015bwi\u0119tszej Maryi Panny ulicami Niagara Falls (\u017ar\u00f3d\u0142a: fatima.org, fatimapathtopeace.org, wrzesie\u0144 2013).<\/p>\r\n","protected":false},"excerpt":{"rendered":"W dniach 8-13 wrze\u015bnia br. w Niagara Falls w kanadyjskiej prowincji Ontario odby\u0142a si\u0119 mi\u0119dzynarodowa konferencja pod nazw\u0105 Fatima: Path to Peace! Organizatorem tego spotkania by\u0142o za\u0142o\u017cone w 1978 r. i kierowane przez ks. Miko\u0142aja Gr\u00fcnera stowarzyszenie Centrum Fatimskie, b\u0119d\u0105ce r\u00f3wnie\u017c wydawc\u0105 kwartalnika \u201eFatima Crusader\u201d (ang. Krzy\u017cowiec Fatimski), kt\u00f3ry w Kanadzie i USA ma ponad [&hellip;]","protected":false},"author":1,"featured_media":0,"comment_status":"closed","ping_status":"closed","sticky":false,"template":"","format":"standard","meta":{"_acf_changed":false,"_monsterinsights_skip_tracking":false,"_monsterinsights_sitenote_active":false,"_monsterinsights_sitenote_note":"","_monsterinsights_sitenote_category":0,"ngg_post_thumbnail":0,"footnotes":"","_wp_rev_ctl_limit":""},"categories":[3],"tags":[200,82,32],"acf":[],"_links":{"self":[{"href":"https:\/\/www.bibula.com\/index.php?rest_route=\/wp\/v2\/posts\/70501"}],"collection":[{"href":"https:\/\/www.bibula.com\/index.php?rest_route=\/wp\/v2\/posts"}],"about":[{"href":"https:\/\/www.bibula.com\/index.php?rest_route=\/wp\/v2\/types\/post"}],"author":[{"embeddable":true,"href":"https:\/\/www.bibula.com\/index.php?rest_route=\/wp\/v2\/users\/1"}],"replies":[{"embeddable":true,"href":"https:\/\/www.bibula.com\/index.php?rest_route=%2Fwp%2Fv2%2Fcomments&post=70501"}],"version-history":[{"count":0,"href":"https:\/\/www.bibula.com\/index.php?rest_route=\/wp\/v2\/posts\/70501\/revisions"}],"wp:attachment":[{"href":"https:\/\/www.bibula.com\/index.php?rest_route=%2Fwp%2Fv2%2Fmedia&parent=70501"}],"wp:term":[{"taxonomy":"category","embeddable":true,"href":"https:\/\/www.bibula.com\/index.php?rest_route=%2Fwp%2Fv2%2Fcategories&post=70501"},{"taxonomy":"post_tag","embeddable":true,"href":"https:\/\/www.bibula.com\/index.php?rest_route=%2Fwp%2Fv2%2Ftags&post=70501"}],"curies":[{"name":"wp","href":"https:\/\/api.w.org\/{rel}","templated":true}]}}