{"id":70367,"date":"2013-09-20T09:19:34","date_gmt":"2013-09-20T14:19:34","guid":{"rendered":"http:\/\/www.bibula.com\/?p=70367"},"modified":"2013-09-20T09:20:01","modified_gmt":"2013-09-20T14:20:01","slug":"matka-polska-nie-chciala-przyjac-swojego-syna","status":"publish","type":"post","link":"https:\/\/www.bibula.com\/?p=70367","title":{"rendered":"Matka Polska nie chcia\u0142a przyj\u0105\u0107 swojego syna"},"content":{"rendered":"<p><em><strong>Trzeba by\u0142o nadzwyczajnych stara\u0144, \u017ceby niewinnie skazany Polak m\u00f3g\u0142 wr\u00f3ci\u0107 na ojczyzny \u0142ono<\/strong><\/em><\/p>\r\n<p>Ten wpis, \u017ceby nie pisa\u0107 sobie a muzom, pisz\u0119 w formie listu otwartego do Ministra Praw Zagranicznych, Ministra Sprawiedliwo\u015bci, Prokuratora Generalnego orza Rzecznika Praw Obywatelskich. Odpowiedz\u0105 albo nie, ale niech nie m\u00f3wi\u0105, \u017ce nie wiedzieli\u2026<\/p>\r\n<blockquote>\r\n<p>Rawa Mazowiecka, 17 wrze\u015bnia 2013 roku<\/p>\r\n<p>&nbsp;<\/p>\r\n<p>Pan Rados\u0142aw Sikorski<\/p>\r\n<p>Minister Spraw Zagranicznych<\/p>\r\n<p>&nbsp;<\/p>\r\n<p>Pan Marek Biernacki<\/p>\r\n<p>Minister `Sprawiedliwo\u015bci<\/p>\r\n<p>&nbsp;<\/p>\r\n<p>Pan Andrzej Seremet<\/p>\r\n<p>Prokurator Generalny<\/p>\r\n<p>&nbsp;<\/p>\r\n<p>Pani Irena Lipowicz<\/p>\r\n<p>Rzecznik Praw Obywatelskich<\/p>\r\n<p>&nbsp;<\/p>\r\n<p>&nbsp;<\/p>\r\n<p>Szanowni Pani Ministrowie, Panie Prokuratorzy Generalny, Pani Rzecznik!<\/p>\r\n<p>1. Kiedy us\u0142ysza\u0142em o tej niesamowitej historii, nie chcia\u0142em wierzy\u0107, ze wydarzy\u0142a si\u0119 naprawd\u0119.<\/p>\r\n<p>Ma\u0142\u017ce\u0144stwo W., z podkarpackiej wioski, wraz z pi\u0119cioletnim synem, wyjecha\u0142o do USA, w odwiedziny do krewnych. W czasie wyjazdu pan W. zosta\u0142 zatrzymany przez ameryka\u0144sk\u0105 policj\u0119, pod zarzutem przemytu jakiej\u015b substancji, kt\u00f3rej posiadanie jest zabronione w kilku stanach USA, a w Polsce jest legalne.<\/p>\r\n<p>Za posiadanie tej substancji pan W. zosta\u0142 aresztowany i w ekspresowym trybie skazany na\u2026. 20 lat wi\u0119zienia!<\/p>\r\n<p>Demokracja ameryka\u0144ska si\u0119 nie cacka\u2026<\/p>\r\n<p>Zrozpaczona \u017cona z przera\u017conym dzieckiem wr\u00f3ci\u0142a do Polski, pan W. zosta\u0142 w ameryka\u0144skim wi\u0119zieniu. Tragedia, rozpacz, zdruzgotane \u017cycie\u2026<\/p>\r\n<p>2. USA, gdyby jej obywatela skazano w podobny spos\u00f3b, wys\u0142a\u0142aby po niego F-16.<\/p>\r\n<p>Rzeczpospolita Polska, z mocy Konstytucji te\u017c obowi\u0105zana jest otacza\u0107 opieka obywateli polskich, przebywaj\u0105cych za granic\u0105. Pana W. nie otoczy\u0142a, ani ambasador, ani pies z kulawa nog\u0105 si\u0119 o niego nie upomnia\u0142.<\/p>\r\n<p>Pan W. od ponad 3 lat gnije w ameryka\u0144ski wi\u0119zieniu.<\/p>\r\n<p>3. Po trzech lata ameryka\u0144ska Temida nagle zmi\u0119k\u0142a, czy to z lito\u015bci, czy to z wygody &#8211; pal sze\u015b\u0107, niech \u015bmierdz\u0105cy Polak wraca, sk\u0105d przyjecha\u0142 &#8211; i zgodzi\u0142a si\u0119 wyda\u0107 Macieja W. do Polski, pod warunkiem, \u017ce polski wymiar sprawiedliwo\u015bci przyjmie go do odbywania kary w Polsce.<\/p>\r\n<p>Zrozpaczonej, rozdartej rodzinie mi\u00f3d na serce si\u0119 wyla\u0142, ale przedwcze\u015bnie\u2026<\/p>\r\n<p>Ameryka chcia\u0142a wyda\u0107 skazanego Polaka, ale Matka Polska nie chcia\u0142a go przyj\u0105\u0107.<\/p>\r\n<p>4. \u015aci\u015blej &#8211; nie chcia\u0142 go przyj\u0105\u0107 polski wymiar sprawiedliwo\u015bci.<\/p>\r\n<p><span class=\"pullquote\"><!-- Pytanie do Pan\u00f3w Ministr\u00f3w, Pana Prokuratora Generalnego i pani Rzecznik - jak to jest, z t\u0105 opiek\u0105 nad Polakami za granic\u0105 --><\/span><\/p>\r\n<p>Niech pan W. dalej gnije w ameryka\u0144skim kryminale, niech \u017cona wylewa \u0142zy, dziecko usycha z t\u0119sknoty &#8211; polski s\u0105d orzek\u0142, \u017ce na przeniesienie pana W. z ameryka\u0144skiego do polskiego wi\u0119zienia zgody nie wyra\u017ca.<\/p>\r\n<p>Procedura jest taka, \u017ce obywatela polskiego, skazanego za granic\u0105, przejmuje do odbycia kary w Polsce Minister Sprawiedliwo\u015bci, pod warunkiem, \u017ce s\u0105d okr\u0119gowy orzeknie o dopuszczalno\u015bci przej\u0119cia. Stanowisko s\u0105du jest dla ministra wi\u0105\u017c\u0105ce.<\/p>\r\n<p>Spraw\u0105 zajmowa\u0142 si\u0119 S\u0105d Okr\u0119gowy w Kro\u015bnie i postanowieniem z dnia 15 marca 2013 roku stwierdzi\u0142 niedopuszczalno\u015b\u0107 przej\u0119cia, bo\u2026 przest\u0119pstwo za kt\u00f3re pana W. skazali w Ameryce, nie jest przest\u0119pstwem wed\u0142ug prawa w Polsce.<\/p>\r\n<p>5. Prawda, \u017ce pora\u017caj\u0105ca logika? Obywatel Rzeczypospolitej Polskiej, syn polskich rodzic\u00f3w. m\u0105\u017c polskiej obywatelki i ojciec polskiego dziecka, ma zgni\u0107 w ameryka\u0144skim wi\u0119zieniu, bo\u2026. w \u015bwietle polskiego prawa jest niewinny!.<\/p>\r\n<p>Gdyby pan W. zosta\u0142 skazany za oceanem za gwa\u0142t, morderstwo czy fa\u0142szowanie dolar\u00f3w &#8211; m\u00f3g\u0142by by\u0107 wydany do odbycia kary w Polsce. Poniewa\u017c jednak zosta\u0142 skazany za niewinno\u015b\u0107 (wg polskiego prawa) &#8211; to ojczyzna go si\u0119 wyrzeka.<\/p>\r\n<p>6. S\u0105d nie zgodzi\u0142 si\u0119 na powr\u00f3t pana W. do Polski? Bo jest konwencja polsko-ameryka\u0144ska o przekazywaniu os\u00f3b skazanych, z 1993 roku, wed\u0142ug kt\u00f3rej przekazanie mo\u017ce nast\u0105pi\u0107 jedynie wtedy, gdy gdy dzia\u0142anie lub zaniechanie, stanowi\u0105ce podstaw\u0119 skazania, stanowi przest\u0119pstwo w rozumieniu prawa pa\u0144stwa wykonania lub stanowi\u0142oby przest\u0119pstwo w przypadku pope\u0142nienia na jego terytorium.<\/p>\r\n<p>Opr\u00f3cz konwencji polsko ameryka\u0144skiej jest jednak jeszcze Konstytucja Rzeczypospolitej, w kt\u00f3rej roi si\u0119 od artyku\u0142\u00f3w, jak to Rzeczpospolita otacza opiek\u0105 swoich obywateli, jak chroni ma\u0142\u017ce\u0144stwo, rodzin\u0119, prawa cz\u0142owieka, prawa dziecka.<\/p>\r\n<p>Matka Polska nie mo\u017ce si\u0119 wyrzec swojego syna, zw\u0142aszcza niewinnego, kt\u00f3rego niczego sprzecznego z polskim prawem nie pope\u0142ni\u0142.!<\/p>\r\n<p>7. Na szcz\u0119\u015bcie sprawa przyj\u0119\u0142a pomy\u015blny obr\u00f3t. W spraw\u0119, na moj\u0105 pro\u015bb\u0119, zaanga\u017cowali si\u0119 senatorowie Prawa i Sprawiedliwo\u015bci, by\u0142o w tej sprawie o\u015bwiadczenie senatorskie, kt\u00f3re zdaje si\u0119 dotar\u0142o do \u015bwiadomo\u015bci s\u0119dzi\u00f3w z Podkarpacia. S\u0105d Apelacyjny w Rzeszowie uchyli\u0142 postanowienie kro\u015bnie\u0144skiego s\u0105du, a S\u0105du Okr\u0119gowy, przy ponownym rozpoznaniu sprawy, 3 wrze\u015bnia, zdecydowa\u0142, ze pan W. zostanie jednak przyj\u0119ty na ojczyzny \u0142ono.<\/p>\r\n<p>Pani W. p\u0142aka\u0142a do s\u0142uchawki, gdy m\u00f3wi\u0142a mi o tym postanowieniu, a mnie chcia\u0142o si\u0119 p\u0142aka\u0107 razem z ni\u0105. Tym razem ze szcz\u0119\u015bcia.<\/p>\r\n<p>8. Dzi\u0119kuj\u0119 S\u0105dowi Apelacyjnemu w Rzeszowie i S\u0105dowi Okr\u0119gowemu w Kro\u015bnie za to postanowienie, z ca\u0142ego serca dzi\u0119kuj\u0119, bo spa\u0107 przez t\u0119 spraw\u0119 nie mog\u0142em.<\/p>\r\n<p>9. Nie napisz\u0119, co powinno si\u0119 sta\u0107, gdy pan W. wr\u00f3ci do Polski, \u017ceby Amerykanie si\u0119 rozmy\u015blili. Mam natomiast pytanie do Pan\u00f3w Ministr\u00f3w, Pana Prokuratora Generalnego i pani Rzecznik &#8211; jak to jest, z ta opiek\u0105 nad Polakami za granic\u0105. Dlaczego nikt si\u0119 o skazanego Polaka nie upomina\u0142? Dlaczego trzeba nadzwyczajnych wprost zabieg\u00f3w, \u017ceby Rzeczpospolita Polska zgodzi\u0142a si\u0119 \u0142askawie przyj\u0105\u0107 w swojego syna w swoje granice?<\/p>\r\n<p>10. Ilu jeszcze podobnie skazanych, niewinnych Polak\u00f3w wisi u klamki Ojczyzny, kt\u00f3ra nie chce ich przyj\u0105\u0107?<\/p>\r\n<p><strong><em>Janusz Wojciechowski<\/em> <\/strong><\/p>\r\n<\/blockquote>","protected":false},"excerpt":{"rendered":"Trzeba by\u0142o nadzwyczajnych stara\u0144, \u017ceby niewinnie skazany Polak m\u00f3g\u0142 wr\u00f3ci\u0107 na ojczyzny \u0142ono Ten wpis, \u017ceby nie pisa\u0107 sobie a muzom, pisz\u0119 w formie listu otwartego do Ministra Praw Zagranicznych, Ministra Sprawiedliwo\u015bci, Prokuratora Generalnego orza Rzecznika Praw Obywatelskich. Odpowiedz\u0105 albo nie, ale niech nie m\u00f3wi\u0105, \u017ce nie wiedzieli\u2026 Rawa Mazowiecka, 17 wrze\u015bnia 2013 roku &nbsp; [&hellip;]","protected":false},"author":1,"featured_media":0,"comment_status":"closed","ping_status":"closed","sticky":false,"template":"","format":"standard","meta":{"_acf_changed":false,"_monsterinsights_skip_tracking":false,"_monsterinsights_sitenote_active":false,"_monsterinsights_sitenote_note":"","_monsterinsights_sitenote_category":0,"ngg_post_thumbnail":0,"footnotes":"","_wp_rev_ctl_limit":""},"categories":[129],"tags":[92,169,221],"acf":[],"_links":{"self":[{"href":"https:\/\/www.bibula.com\/index.php?rest_route=\/wp\/v2\/posts\/70367"}],"collection":[{"href":"https:\/\/www.bibula.com\/index.php?rest_route=\/wp\/v2\/posts"}],"about":[{"href":"https:\/\/www.bibula.com\/index.php?rest_route=\/wp\/v2\/types\/post"}],"author":[{"embeddable":true,"href":"https:\/\/www.bibula.com\/index.php?rest_route=\/wp\/v2\/users\/1"}],"replies":[{"embeddable":true,"href":"https:\/\/www.bibula.com\/index.php?rest_route=%2Fwp%2Fv2%2Fcomments&post=70367"}],"version-history":[{"count":0,"href":"https:\/\/www.bibula.com\/index.php?rest_route=\/wp\/v2\/posts\/70367\/revisions"}],"wp:attachment":[{"href":"https:\/\/www.bibula.com\/index.php?rest_route=%2Fwp%2Fv2%2Fmedia&parent=70367"}],"wp:term":[{"taxonomy":"category","embeddable":true,"href":"https:\/\/www.bibula.com\/index.php?rest_route=%2Fwp%2Fv2%2Fcategories&post=70367"},{"taxonomy":"post_tag","embeddable":true,"href":"https:\/\/www.bibula.com\/index.php?rest_route=%2Fwp%2Fv2%2Ftags&post=70367"}],"curies":[{"name":"wp","href":"https:\/\/api.w.org\/{rel}","templated":true}]}}