{"id":70112,"date":"2013-09-04T08:06:24","date_gmt":"2013-09-04T13:06:24","guid":{"rendered":"http:\/\/www.bibula.com\/?p=70112"},"modified":"2013-09-04T08:06:24","modified_gmt":"2013-09-04T13:06:24","slug":"fidelitier-fsspx-i-lotewscy-grekokatolicy","status":"publish","type":"post","link":"https:\/\/www.bibula.com\/?p=70112","title":{"rendered":"Fidelitier: FSSPX i \u0142otewscy grekokatolicy"},"content":{"rendered":"<p>Na \u0142amach dwumiesi\u0119cznika \u201eFideliter\u201d, wydawanego przez francuski dystrykt Bractwa Kap\u0142a\u0144skiego \u015awi\u0119tego Piusa X, ukaza\u0142 si\u0119 artyku\u0142 ks. Miko\u0142aja Portaila na temat ryskich grekokatolik\u00f3w. Przyczynkiem do jego napisania sta\u0142a si\u0119 kolejna wizyta we Francji (trzecia od 2006 r.) przedstawicieli tej wsp\u00f3lnoty &#8211; ojc\u00f3w Walerego i Konstantyna, brata oraz dw\u00f3ch si\u00f3str zakonnych &#8211; kt\u00f3rzy na co dzie\u0144 mieszkaj\u0105 i pos\u0142uguj\u0105 w Rydze.<\/p>\r\n<table class=\"outset\" style=\"width: 313px; height: 229px;\" align=\"left\">\r\n<tbody>\r\n<tr>\r\n<td><img decoding=\"async\" alt=\"\" src=\"http:\/\/news.fsspx.pl\/wp-content\/uploads\/lettonie_2013_01-300x200.jpg\" \/><\/td>\r\n<\/tr>\r\n<tr>\r\n<td>\r\n<p class=\"zrodlo\">Bizantyjskie nieszpory celebrowane w klasztorze dominikan\u00f3w w Avrill\u00c3\u00a9 we Francji<\/p>\r\n<\/td>\r\n<\/tr>\r\n<\/tbody>\r\n<\/table>\r\n<p>Przedstawiaj\u0105c sytuacj\u0119 katolik\u00f3w obrz\u0105dku bizantyjskiego na \u0141otwie, ks. Portail napisa\u0142, \u017ce istniej\u0105ce tam przed II wojn\u0105 \u015bwiatow\u0105 parafie zosta\u0142y zlikwidowane po aneksji tego kraju przez Zwi\u0105zek Sowiecki, a wi\u0119kszo\u015b\u0107 duchownych i wielu wiernych zosta\u0142o deportowanych w g\u0142\u0105b Rosji. W Rydze oraz w litewskim Kownie istnia\u0142y wprawdzie katolickie seminaria duchowne (jedyne na terytorium ZSRS), ale znajdowa\u0142y si\u0119 one pod \u015bcis\u0142\u0105 kontrol\u0105 komunistycznych s\u0142u\u017cb bezpiecze\u0144stwa i kszta\u0142ci\u0142y jedynie duchownych obrz\u0105dku \u0142aci\u0144skiego. Znale\u017ali si\u0119 jednak kap\u0142ani &#8211; w\u015br\u00f3d nich o. Walery &#8211; kt\u00f3rzy podj\u0119li si\u0119 nauczania wiernych i formowania przysz\u0142ych kap\u0142an\u00f3w, tworz\u0105c dla nich rodzaj tajnych komplet\u00f3w, a ukrai\u0144scy biskupi greckokatoliccy zdecydowali, \u017ce kandydaci do kap\u0142a\u0144stwa w celu uzyskania \u015bwi\u0119ce\u0144 powinni wst\u0119powa\u0107 do seminari\u00f3w prawos\u0142awnych.<\/p>\r\n<p>Po odzyskaniu przez \u0141otw\u0119 niepodleg\u0142o\u015bci katolicy obrz\u0105dku bizantyjsko-ukrai\u0144skiego otrzymali na sw\u00f3j u\u017cytek kaplic\u0119 przy jednym z \u0142aci\u0144skich ko\u015bcio\u0142\u00f3w i utworzyli licz\u0105c\u0105 kilkana\u015bcie os\u00f3b parafi\u0119 pw. Przemienienia Pa\u0144skiego. Ojcu Waleremu, mimo powa\u017cnych trudno\u015bci materialnych, kt\u00f3re by\u0142y udzia\u0142em tak\u017ce jego rodziny (ksi\u0119\u017ca uniccy mog\u0105 mie\u0107 \u017cony) uda\u0142o si\u0119 za\u0142o\u017cy\u0107 niewielki klasztor pod regu\u0142\u0105 studyck\u0105. Nawi\u0105zano tak\u017ce kontakt z ks. Janem Markiem Rulleau FSSPX, kt\u00f3ry odbywa\u0142 podr\u00f3\u017ce misyjne do kraj\u00f3w Europy Wschodniej oraz z ks. \u0141ukaszem Weberem ze szwajcarskiego dystryktu Bractwa \u015bw. Piusa X, kt\u00f3ry odwiedzi\u0142 \u0141otw\u0119 w 1999 r. Niebawem szwajcarskie stowarzyszenie \u201eHereditas\u201d zacz\u0119\u0142o \u015bwiadczy\u0107 pomoc tej niewielkiej, czterdziestoosobowej wsp\u00f3lnocie (po\u0142owa wiernych to konwertyci nawr\u00f3ceni przez o. Walerego).<\/p>\r\n<p>Poprzedni ordynariusz ryski, kard. Jan Pujtas wyda\u0142 ustn\u0105 zgod\u0119 na to, by siostry zamieszka\u0142y przy jednym z ko\u015bcio\u0142\u00f3w, jednak ze wzgl\u0119du na ich kontakty z FSSPX obawia\u0142 si\u0119 wyda\u0107 zgody na kanoniczn\u0105 erekcj\u0119 klasztoru. W 2009 r. jego nast\u0119pca, abp Zbigniew Stankiewicz, za\u017c\u0105da\u0142 od duchownych i si\u00f3str zerwania wi\u0119zi z Bractwem i zadeklarowania wierno\u015bci wszystkim postanowieniom II Soboru Watyka\u0144skiego. Tak si\u0119 nie sta\u0142o.<\/p>\r\n<p>Po 10 latach walki z biurokracj\u0105 o. Walery uzyska\u0142 pozwolenie na budow\u0119 kaplicy (prace maj\u0105 si\u0119 zako\u0144czy\u0107 w tym roku), a w planach ma wzniesienie dwupi\u0119trowego ko\u015bcio\u0142a, w kt\u00f3rym b\u0119dzie sk\u0142adana Naj\u015bwi\u0119tsza Ofiara w rycie \u015bw. Piusa V (zachodnim) i \u015bw. Jana Chryzostoma (wschodnim), oraz niewielkiej szko\u0142y.<\/p>\r\n<p>Z \u0142otewskimi grekokatolikami w sta\u0142ym kontakcie s\u0105 r\u00f3wnie\u017c ksi\u0119\u017ca z Bractwa Przemienienia Pa\u0144skiego z M\u00c3\u00a9rigny &#8211; jest to instytut utworzony w 1970 r. przez ks. Bernarda Lecareux, korzystaj\u0105cy z pos\u0142ugi biskup\u00f3w Bractwa \u015aw. Piusa X i kontynuuj\u0105cy apostolskie dzie\u0142o beatyfikowanego przed kilkoma dniami ks. W\u0142adymira Ghiki, konwertyty z prawos\u0142awia.<\/p>\r\n<p>Podczas podr\u00f3\u017cy po Francji \u0142otewscy duchowni, brat i siostry zakonne odwiedzili Pary\u017c, M\u00c3\u00a9rigny, Avrill\u00c3\u00a9 oraz Nantes, gdzie kap\u0142ani sprawowali liturgi\u0119 bizantyjsk\u0105 dla 250 wiernych. Ryt, w kt\u00f3rym celebruj\u0105 oo. Walery i Konstantyn, to ryt bizantyjski bez skr\u00f3t\u00f3w, dodatk\u00f3w i zmian (<i>nec minus, nec plus, nec aliter<\/i>) &#8211; zgodnie z zaleceniem papie\u017ca \u015bw. Piusa X, kt\u00f3ry zgodzi\u0142 si\u0119 r\u00f3wnie\u017c na odnowienie regu\u0142y studyckiej.<\/p>\r\n<p>(\u017ar\u00f3d\u0142o: \u201eFideliter\u201d nr 213, laportelatine.org, 2 wrze\u015bnia 2013).<\/p>","protected":false},"excerpt":{"rendered":"Na \u0142amach dwumiesi\u0119cznika \u201eFideliter\u201d, wydawanego przez francuski dystrykt Bractwa Kap\u0142a\u0144skiego \u015awi\u0119tego Piusa X, ukaza\u0142 si\u0119 artyku\u0142 ks. Miko\u0142aja Portaila na temat ryskich grekokatolik\u00f3w. Przyczynkiem do jego napisania sta\u0142a si\u0119 kolejna wizyta we Francji (trzecia od 2006 r.) przedstawicieli tej wsp\u00f3lnoty &#8211; ojc\u00f3w Walerego i Konstantyna, brata oraz dw\u00f3ch si\u00f3str zakonnych &#8211; kt\u00f3rzy na co dzie\u0144 [&hellip;]","protected":false},"author":1,"featured_media":0,"comment_status":"closed","ping_status":"closed","sticky":false,"template":"","format":"standard","meta":{"_acf_changed":false,"_monsterinsights_skip_tracking":false,"_monsterinsights_sitenote_active":false,"_monsterinsights_sitenote_note":"","_monsterinsights_sitenote_category":0,"ngg_post_thumbnail":0,"footnotes":"","_wp_rev_ctl_limit":""},"categories":[3],"tags":[66,32,234],"acf":[],"_links":{"self":[{"href":"https:\/\/www.bibula.com\/index.php?rest_route=\/wp\/v2\/posts\/70112"}],"collection":[{"href":"https:\/\/www.bibula.com\/index.php?rest_route=\/wp\/v2\/posts"}],"about":[{"href":"https:\/\/www.bibula.com\/index.php?rest_route=\/wp\/v2\/types\/post"}],"author":[{"embeddable":true,"href":"https:\/\/www.bibula.com\/index.php?rest_route=\/wp\/v2\/users\/1"}],"replies":[{"embeddable":true,"href":"https:\/\/www.bibula.com\/index.php?rest_route=%2Fwp%2Fv2%2Fcomments&post=70112"}],"version-history":[{"count":0,"href":"https:\/\/www.bibula.com\/index.php?rest_route=\/wp\/v2\/posts\/70112\/revisions"}],"wp:attachment":[{"href":"https:\/\/www.bibula.com\/index.php?rest_route=%2Fwp%2Fv2%2Fmedia&parent=70112"}],"wp:term":[{"taxonomy":"category","embeddable":true,"href":"https:\/\/www.bibula.com\/index.php?rest_route=%2Fwp%2Fv2%2Fcategories&post=70112"},{"taxonomy":"post_tag","embeddable":true,"href":"https:\/\/www.bibula.com\/index.php?rest_route=%2Fwp%2Fv2%2Ftags&post=70112"}],"curies":[{"name":"wp","href":"https:\/\/api.w.org\/{rel}","templated":true}]}}