{"id":701,"date":"2006-11-03T00:00:00","date_gmt":"2006-11-03T00:00:00","guid":{"rendered":""},"modified":"2016-11-03T09:59:30","modified_gmt":"2016-11-03T13:59:30","slug":"znany-dziennikarz-poprowadzil-spotkania-zydowskiego-nowego-jorku","status":"publish","type":"post","link":"https:\/\/www.bibula.com\/?p=701","title":{"rendered":"Znany dziennikarz poprowadzi\u0142 &#8222;Spotkania \u017cydowskiego Nowego Jorku&#8221;"},"content":{"rendered":"<p>Dan Rather, znany dziennikarz zwi\u0105zany ze stacj\u0105 telewizyjn\u0105 CBS, prowadz\u0105cy przez wiele lat wiadomo\u015bci wieczorne <em>CBS Evening News<\/em>, uczestniczy\u0142 2 listopada br. w siedemnastym ju\u017c, corocznym &#8222;Spotkaniu \u017cydowskiego Nowego Jorku&#8221; [sic!] (<em>17th annual tour of Jewish New York<\/em>). Wraz z przedstawicielami dyplomatycznymi z pi\u0119\u0107dziesi\u0119ciu kraj\u00f3w, w tym ambasadorami i konsulami Chin, Grecji, Indii, Meksyku, Turcji, Austrii, Niemiec, Filipin, Dan Rather zwiedzi\u0142 Muzeum \u017bydowskie na Pi\u0105tej Avenue i &#8222;seminarium \u017cydowskie&#8221; <em>Jewish Theological Seminary of America<\/em>. Nast\u0119pnie przedstawi\u0142 zgromadzonym go\u015bciom multimedialn\u0105 prezentacj\u0119 ukazuj\u0105c\u0105 u\u017cycie radia, telewizji i filmu do &#8222;walki z antysemityzmem, dalszego rozszerzania praw obywatelskich i przyczyniania si\u0119 do pog\u0142\u0119biania warto\u015bci ameryka\u0144skiej demokracji&#8221;. Podczas spotkania wyg\u0142osi\u0142 przem\u00f3wienie m.in. dyrektor Ameryka\u0144skiego Kongresu \u017byd\u00f3w, David Harris.<\/p>\r\n<p>Dan Rather w swej d\u0142ugiej karierze dziennikarskiej da\u0142 si\u0119 pozna\u0107 ze swojej stronniczo\u015bci i skrajnie liberalnej prezentacji wydarze\u0144. By\u0142 [i pozosta\u0142 &#8211; jak wida\u0107] gwiazd\u0105 wielu liberalnych \u015brodowisk, kt\u00f3re najcz\u0119\u015bciej pos\u0142uguj\u0105c si\u0119 retoryk\u0105 &#8222;walki o demokracj\u0119 i wolno\u015b\u0107 s\u0142owa&#8221;, w rezultacie brutalnie zwalczaj\u0105 wolno\u015b\u0107 wypowiedzi. \u015arodowiska te, kontroluj\u0105ce niemal ca\u0142e spektrum przekazu medialnego &#8211; od radia przez stacje telewizyjne i publikacje drukowane, a ostatnio tak\u017ce skutecznie infekuj\u0105ce Internet &#8211; sprawuj\u0105 w ten spos\u00f3b niemal ca\u0142kowit\u0105 kontrol\u0119 nad spo\u0142ecze\u0144stwami.<\/p>\r\n<p>ZOB. R\u00d3WNIE\u017b:<\/p>\r\n<ul>\r\n\t<li><a class=\"content_sz\" href=\"http:\/\/www.bibula.com\/?p=00471\">Gazeta <em>The Independent<\/em>: &#8222;Jeste\u015bmy gazet\u0105 pro-izraelsk\u0105&#8221;<\/a><\/li>\r\n<\/ul>\r\n<p>&nbsp;<\/p>","protected":false},"excerpt":{"rendered":"Dan Rather, znany dziennikarz zwi\u0105zany ze stacj\u0105 telewizyjn\u0105 CBS, prowadz\u0105cy przez wiele lat wiadomo\u015bci wieczorne CBS Evening News, uczestniczy\u0142 2 listopada br. w siedemnastym ju\u017c, corocznym &#8222;Spotkaniu \u017cydowskiego Nowego Jorku&#8221; [sic!] (17th annual tour of Jewish New York). Wraz z przedstawicielami dyplomatycznymi z pi\u0119\u0107dziesi\u0119ciu kraj\u00f3w, w tym ambasadorami i konsulami Chin, Grecji, Indii, Meksyku, Turcji, [&hellip;]","protected":false},"author":1,"featured_media":0,"comment_status":"closed","ping_status":"open","sticky":false,"template":"","format":"standard","meta":{"_acf_changed":false,"_monsterinsights_skip_tracking":false,"_monsterinsights_sitenote_active":false,"_monsterinsights_sitenote_note":"","_monsterinsights_sitenote_category":0,"ngg_post_thumbnail":0,"footnotes":"","_wp_rev_ctl_limit":""},"categories":[7],"tags":[53,159,221],"acf":[],"_links":{"self":[{"href":"https:\/\/www.bibula.com\/index.php?rest_route=\/wp\/v2\/posts\/701"}],"collection":[{"href":"https:\/\/www.bibula.com\/index.php?rest_route=\/wp\/v2\/posts"}],"about":[{"href":"https:\/\/www.bibula.com\/index.php?rest_route=\/wp\/v2\/types\/post"}],"author":[{"embeddable":true,"href":"https:\/\/www.bibula.com\/index.php?rest_route=\/wp\/v2\/users\/1"}],"replies":[{"embeddable":true,"href":"https:\/\/www.bibula.com\/index.php?rest_route=%2Fwp%2Fv2%2Fcomments&post=701"}],"version-history":[{"count":0,"href":"https:\/\/www.bibula.com\/index.php?rest_route=\/wp\/v2\/posts\/701\/revisions"}],"wp:attachment":[{"href":"https:\/\/www.bibula.com\/index.php?rest_route=%2Fwp%2Fv2%2Fmedia&parent=701"}],"wp:term":[{"taxonomy":"category","embeddable":true,"href":"https:\/\/www.bibula.com\/index.php?rest_route=%2Fwp%2Fv2%2Fcategories&post=701"},{"taxonomy":"post_tag","embeddable":true,"href":"https:\/\/www.bibula.com\/index.php?rest_route=%2Fwp%2Fv2%2Ftags&post=701"}],"curies":[{"name":"wp","href":"https:\/\/api.w.org\/{rel}","templated":true}]}}