{"id":69868,"date":"2013-08-20T10:39:08","date_gmt":"2013-08-20T15:39:08","guid":{"rendered":"http:\/\/www.bibula.com\/?p=69868"},"modified":"2013-08-20T10:39:08","modified_gmt":"2013-08-20T15:39:08","slug":"zmarl-ks-pralat-wladyslaw-kolodziej","status":"publish","type":"post","link":"https:\/\/www.bibula.com\/?p=69868","title":{"rendered":"Zmar\u0142 ks. pra\u0142at W\u0142adys\u0142aw Ko\u0142odziej"},"content":{"rendered":"<p>Na stronie internetowej archidiecezji pozna\u0144skiej pojawi\u0142a si\u0119 bardzo smutna wiadomo\u015b\u0107, \u017ce wczoraj, w poniedzia\u0142ek 19 sierpnia, zmar\u0142 ks. pra\u0142at W\u0142adys\u0142aw Ko\u0142odziej, wieloletni oficja\u0142 Metropolitalnego S\u0105du Duchownego, a w latach 1999-2003 opiekun Pozna\u0144skiego \u015arodowiska Wiernych Tradycji \u0141aci\u0144skiej i celebrans indultowych Mszy \u015bw. sprawowanych w klasycznym rycie rzymskim. Wdzi\u0119czn\u0105 pami\u0119\u0107 i modlitw\u0119 (do kt\u00f3rej gor\u0105co zach\u0119cam) winni s\u0105 temu kap\u0142anowi zar\u00f3wno katoliccy tradycjonali\u015bci ze \u015brodowiska indultowego, jak i wielu spo\u015br\u00f3d tych, kt\u00f3rzy dzi\u015b zwi\u0105zani s\u0105 z pozna\u0144sk\u0105 kaplic\u0105 Bractwa Kap\u0142a\u0144skiego \u015aw. Piusa X. <\/p>\r\n<p>W tej smutnej chwili przypominam fragmenty mego artyku\u0142u opisuj\u0105cego histori\u0119 pozna\u0144skiego \u015brodowiska katolickich tradycjonalist\u00f3w od chwili powstania na pocz\u0105tku lat dziewi\u0119\u0107dziesi\u0105tych XX w. do roku 2003, gdy sta\u0142o si\u0119 jasne, \u017ce nowy ordynariusz, abp. Stanis\u0142aw G\u0105decki, nie ma najmniejszego zamiaru zapewni\u0107 im jakiejkolwiek opieki duszpasterskiej i ci, kt\u00f3rzy jej pragn\u0105 musz\u0105 zwr\u00f3ci\u0107 si\u0119 do ksi\u0119\u017cy nale\u017c\u0105cych do FSSPX. W swoim tek\u015bcie opublikowanym na \u0142amach miesi\u0119cznika \u201eZawsze wierni\u201d, zawar\u0142em kilka akapit\u00f3w dotycz\u0105cych m.in. osoby zmar\u0142ego. Oto one:\u00a0 <\/p>\r\n<blockquote>\r\n<p>[W 1999 r.] w zwi\u0105zku ze \u015bmierci\u0105 ks. dr. Jerzego Szelmeczki SI metropolita pozna\u0144ski by\u0142 zmuszony powo\u0142a\u0107 nowego celebransa Mszy \u201eindultowych\u201d. O ch\u0119tnego do sprawowania w rycie klasycznym i opieki nad do\u015b\u0107 pr\u0119\u017cnym, a na dodatek aktywnym politycznie \u015brodowiskiem nie by\u0142o \u0142atwo. W ko\u0144cu na osobiste pro\u015bby bp. Zdzis\u0142awa Fortuniaka i ks. kan. Jana Stanis\u0142awskiego obowi\u0105zk\u00f3w tych podj\u0105\u0142 si\u0119 ks. pra\u0142. W\u0142adys\u0142aw Ko\u0142odziej, oficja\u0142 pozna\u0144skiego S\u0105du Metropolitalnego. Udzielona mu nominacja okaza\u0142a si\u0119 dla wiernych &#8211; mimo ich pocz\u0105tkowych obaw, przydzielono im bowiem \u201ekurialist\u0119\u201d, a nie do\u015bwiadczonego duszpasterza &#8211; nader szcz\u0119\u015bliwa. Ksi\u0105dz Ko\u0142odziej przez ca\u0142y czas swej pos\u0142ugi wykazywa\u0142 si\u0119 wobec cz\u0142onk\u00f3w \u015brodowiska \u201eindultowego\u201d szczero\u015bci\u0105 i \u017cyczliwo\u015bci\u0105, ale tak\u017ce &#8211; dzi\u0119ki autorytetowi, kt\u00f3rym cieszy\u0142 si\u0119 w archidiecezji &#8211; by\u0142 znakomitym rzecznikiem ich sprawy przed w\u0142adzami duchownymi i miejscowym klerem. <\/p>\r\n<p>Pierwszym znacz\u0105cym owocem tej decyzji by\u0142a milcz\u0105ca zgoda pozna\u0144skiej kurii na propozycj\u0119 zorganizowania w Poznaniu obchod\u00f3w 900. rocznicy wyzwolenia Grobu Bo\u017cego w Jerozolimie, przypadaj\u0105cej w lipcu 1999 r. Jej g\u0142\u00f3wnym punktem by\u0142a tradycyjna Msza \u015bw. sprawowana przez ks. pra\u0142. Ko\u0142odzieja w ko\u015bciele pw. \u015awi\u0119tego Antoniego Padewskiego, sanktuarium Matki Bo\u017cej w Cudy Wielmo\u017cnej &#8211; Pani Poznania, jednej z najwa\u017cniejszych i najpi\u0119kniejszych \u015bwi\u0105ty\u0144 stolicy Wielkopolski. Odby\u0142a si\u0119 r\u00f3wnie\u017c zorganizowana we wsp\u00f3\u0142pracy z Pozna\u0144skim Towarzystwem Przyjaci\u00f3\u0142 Nauk sesja naukowa po\u015bwi\u0119cona wyprawom krzy\u017cowym, kt\u00f3rej g\u0142\u00f3wn\u0105 prelegentk\u0105 by\u0142a uznana polska mediewistka prof. Alicja Kar\u0142owska\u00ad\u201d\u2018Kamzowa. Patronat nad uroczysto\u015bciami obj\u0119\u0142a prof. Alicja Grze\u015bkowiak &#8211; marsza\u0142ek Sejmu i dama zakonu bo\u017cogrobc\u00f3w, w komitecie honorowym znalaz\u0142o si\u0119 trzech pozna\u0144skich kawaler\u00f3w malta\u0144skich (w\u015br\u00f3d nich Marcin Libicki &#8211; wiceprzewodnicz\u0105cy Zgromadzenia Parlamentarnego Rady Europy), a tak\u017ce: Marek Jurek &#8211; cz\u0142onek Krajowej Rady Radiofonii i Telewizji, prof. Stefan Stuligrosz &#8211; tw\u00f3rca ch\u00f3ru \u201ePozna\u0144skie s\u0142owiki\u201d, kt\u00f3ry zapewni\u0142 liturgii znakomit\u0105 opraw\u0119, prezydent Poznania oraz jego zast\u0119pcy, wojewoda wielkopolski, przewodnicz\u0105cy rady miasta, a nawet znany pozna\u0144ski biznesmen Jan Kulczyk. W komitecie organizacyjnym zasiad\u0142o za\u015b kilku pozna\u0144skich radnych. <\/p>\r\n<p>(\u2026) Kolejnym dowodem \u017cyczliwo\u015bci nowego celebransa by\u0142a decyzja abp. Mariana Przykuckiego, emerytowanego ordynariusza szczeci\u0144sko\u00ad\u201d\u2018kamie\u0144skiego, kt\u00f3ry na osobist\u0105 pro\u015bb\u0119 ks. pra\u0142. Ko\u0142odzieja i wbrew opinii nieprzychylnego sprawie nuncjusza abp. Kowalczyka zgodzi\u0142 si\u0119 udzieli\u0107 \u015bwi\u0119ce\u0144 kap\u0142a\u0144skich grupie diakon\u00f3w Bractwa Kap\u0142a\u0144skiego \u015aw. Piotra, a w\u015br\u00f3d nich Polakowi, ks. Tomaszowi Dawidowskiemu. Zgoda abp. Przykuckiego znakomicie wpisa\u0142a si\u0119 w dzia\u0142ania pozna\u0144skich wiernych, maj\u0105ce na celu umo\u017cliwienie ksi\u0119\u017com tego instytutu &#8211; w bli\u017cszej lub dalszej perspektywie &#8211; pracy duszpasterskiej w naszym kraju. Uroczysto\u015b\u0107 odby\u0142a si\u0119 1 lipca 2000 r. w ko\u015bciele Matki Boskiej Zwyci\u0119skiej w bawarskim Wigratzbad. Wiadomo\u015b\u0107 o tym, \u017ce biskup z Polski &#8211; ojczyzny Jana Paw\u0142a II, maj\u0105cej stanowi\u0107 wzorcowy przyk\u0142ad \u201eudanych posoborowych reform liturgicznych\u201d, gdzie katoliccy tradycjonali\u015bci mieli by\u0107 zjawiskiem tyle\u017c egzotycznym, co niemal nieistniej\u0105cym &#8211; odprawi\u0142 Msz\u0119 \u015bw. w rycie klasycznym, z\u0142ama\u0142a pewnego rodzaju tabu. Nie tylko wprawi\u0142a w irytacj\u0119 nuncjusza, a w konsternacj\u0119 wielu cz\u0142onk\u00f3w Konferencji Episkopatu Polski, ale na dodatek odbi\u0142a si\u0119 szerokim echem w katolickich \u015brodowiskach Europy Zachodniej. Przekonali si\u0119 o tym pytani o spraw\u0119 pozna\u0144scy delegaci na zorganizowan\u0105 w Rzymie z okazji Roku Jubileuszowego konferencji Mi\u0119dzynarodowej Federacji <i>Una Voce<\/i>. <\/p>\r\n<p>Zgodna wsp\u00f3\u0142praca wiernych z wyznaczonym przez arcybiskupa celebransem, kt\u00f3ry cieszy\u0142 si\u0119 niema\u0142ym autorytetem, ale tak\u017ce odpowiednimi koneksjami &#8211; a co za tym idzie, spor\u0105 swobod\u0105 w decydowaniu o bie\u017c\u0105cych sprawach \u015brodowiska &#8211; zaowocowa\u0142a z\u0142agodzeniem rygor\u00f3w ustanowionych przez abp. Strob\u0119 i podtrzymywanych, cho\u0107 ju\u017c mniej zdecydowanie, przez abp. Paetza. Dzia\u0142o si\u0119 to niejako metod\u0105 fakt\u00f3w dokonanych, bowiem ks. pra\u0142. Ko\u0142odziej uzna\u0142, \u017ce skoro zosta\u0142 mianowany \u201eopiekunem\u201d \u015brodowiska, to nie po to, by nie wychodzi\u0107 naprzeciw jego potrzebom. Odt\u0105d nie tylko \u0142atwiej i bez niepotrzebnych upokorze\u0144 mo\u017cna by\u0142o uzyska\u0107 zgod\u0119 na przyjmowanie sakrament\u00f3w w rycie klasycznym (przede wszystkim \u015blub\u00f3w i chrzt\u00f3w), ale tak\u017ce zwi\u0119kszy\u0142a si\u0119 cz\u0119stotliwo\u015b\u0107 sprawowania Mszy \u015bw., co z czasem by\u0142o uzale\u017cnione jedynie od kwestii znalezienia dyspozycyjnego celebransa. W\u0142a\u015bnie dlatego ks. pra\u0142. Ko\u0142odzieja, na pro\u015bb\u0119 wiernych, zacz\u0119li wspomaga\u0107 ks. kan. Stefan Patryjas, emerytowany proboszcz parafii pw. \u015awi\u0119tego Jana Bosko w Luboniu, ks. W\u0142odzimierz Wygocki, kt\u00f3ry ju\u017c wcze\u015bniej ch\u0119tnie s\u0142u\u017cy\u0142 pozna\u0144skim \u201eindultowcom\u201d, oraz ks. Andrzej Szczeszy\u0144ski, proboszcz parafii w Wielowsi. W Grodzie Przemys\u0142a zn\u00f3w go\u015bcili ksi\u0119\u017ca spoza archidiecezji, w tym r\u00f3wnie\u017c pracuj\u0105cy w Wiedniu ks. Dawidowski. W lipcu 2000 r. odprawi\u0142 on w Poznaniu swoje uroczyste prymicje, a w lutym 2001 r. g\u0142osi\u0142 nauki i sprawowa\u0142 Msze \u015bw. podczas zorganizowanych przez pozna\u0144skich tradycjonalist\u00f3w wyjazdowych rekolekcji w benedykty\u0144skim przeoracie w Lubiniu. Nast\u0119pnie, w marcu tego samego roku, w uzgodnieniu z wiernymi i na pro\u015bb\u0119 ks. Arnolda Devillersa, prze\u0142o\u017conego generalnego petryst\u00f3w, przyby\u0142 do Polski ks. J\u00f3zef Bisig, kt\u00f3ry w Poznaniu zosta\u0142 przyj\u0119ty przez wikariusza generalnego bp. Zdzis\u0142awa Fortuniaka. Podczas spotkania ustalono, \u017ce wraz z nowym rokiem akademickim ks. Dawidowski podejmie uzupe\u0142niaj\u0105ce studia magisterskie na Wydziale Teologicznym Uniwersytetu im. Adama Mickiewicza i b\u0119dzie s\u0142u\u017cy\u0107 pomoc\u0105 pra\u0142atowi Ko\u0142odziejowi przy celebracjach dla pozna\u0144skiego \u015brodowiska \u201eindultowego\u201d. <\/p>\r\n<p>(\u2026) Tymczasem w Wielki Czwartek 2002 r., po kilku miesi\u0105cach, podczas kt\u00f3rych mir Ko\u015bcio\u0142a pozna\u0144skiego co chwila zak\u0142\u00f3ca\u0142y kolejne rozchodz\u0105ce si\u0119 lotem b\u0142yskawicy &#8211; r\u00f3wnie\u017c dzi\u0119ki zaanga\u017cowaniu medi\u00f3w &#8211; informacje o skandalu zwi\u0105zanym z osob\u0105 jego ordynariusza, og\u0142oszono, \u017ce papie\u017c Jan Pawe\u0142 II przyj\u0105\u0142 dymisj\u0119 arcybiskupa Paetza z urz\u0119du metropolity. Sprawa nie podzieli\u0142a miejscowego \u015brodowiska tradycyjnego, dobrze zorientowanego w sytuacji i w wi\u0119kszo\u015bci solidaryzuj\u0105cego si\u0119 z osobami staj\u0105cymi w obronie dobrych obyczaj\u00f3w. W\u015br\u00f3d tych os\u00f3b znajdowa\u0142 si\u0119 r\u00f3wnie\u017c powszechnie szanowany ks. Marcin W\u0119c\u0142awski, wildecki proboszcz, kt\u00f3rego w tym czasie pr\u00f3bowano nawet usun\u0105\u0107 z urz\u0119du. <\/p>\r\n<p>[w 2002 roku] Stolica \u015awi\u0119ta nowym ordynariuszem archidiecezji ustanowi\u0142a gnie\u017anie\u0144skiego biskupa pomocniczego, ks. Stanis\u0142awa G\u0105deckiego, biblist\u0119 specjalizuj\u0105cego si\u0119 w \u201edialogu mi\u0119dzyreligijnym\u201d. Nowy arcybiskup nie okaza\u0142 si\u0119 jednak mi\u0142o\u015bnikiem dialogu z tradycyjnymi katolikami, kt\u00f3rzy szybko odczuli, \u017ce oto w Poznaniu sko\u0144czy\u0142y si\u0119 dla nich dobre czasy. Co wi\u0119cej, w kolejnych miesi\u0105cach zacz\u0119\u0142a dociera\u0107 do nich \u015bwiadomo\u015b\u0107, \u017ce arcybiskup G\u0105decki traktuje swobod\u0119, kt\u00f3r\u0105 cieszyli si\u0119 w Poznaniu \u201eindultowcy\u201d, jako rzecz wymuszon\u0105 politycznymi naciskami w czasie, w kt\u00f3rym jego atakowany i trac\u0105cy autorytet poprzednik, zaniedbuj\u0105c sprawy archidiecezji, z coraz wi\u0119ksz\u0105 nerwowo\u015bci\u0105 szuka\u0142 wsparcia miejscowych elit. I nie mia\u0142o znaczenia, \u017ce pozna\u0144scy tradycjonali\u015bci nigdy takiego wsparcia abp. Paetzowi nie udzielili. <\/p>\r\n<p>Jeszcze przez kilka miesi\u0119cy, mimo dobiegaj\u0105cych z Ostrowa Tumskiego gro\u017anych pomruk\u00f3w, sytuacja nie ulega\u0142a wi\u0119kszym zmianom &#8211; w diecezji by\u0142y pilniejsze sprawy, kt\u00f3rymi nale\u017ca\u0142o si\u0119 zaj\u0105\u0107.\u00a0 <\/p>\r\n<p>(\u2026) W lutym 2003 r. abp G\u0105decki odwo\u0142a\u0142 z funkcji celebransa Mszy \u201eindultowych\u201d ks. pra\u0142. W\u0142adys\u0142awa Ko\u0142odzieja, powo\u0142uj\u0105c na jego miejsce ks. dr. Rafa\u0142a Pajszczyka, r\u00f3wnie\u017c prawnika kanonist\u0119. Z zamieszczonego w <i>Roczniku Archidiecezji Pozna\u0144skiej<\/i> wykazu \u201eduszpasterstw specjalistycznych\u201d znikn\u0119\u0142a s\u0105siaduj\u0105ca z diecezjalnymi \u201eGrupami AA\u201d i \u201eduszpasterstwem w\u0119dkarzy\u201d \u201eGrupa Bractwa \u015bw. Piotra\u201d.<\/p>\r\n<\/blockquote>\r\n<p><strong><em>Jacques Blutoir<\/em><\/strong><\/p>","protected":false},"excerpt":{"rendered":"Na stronie internetowej archidiecezji pozna\u0144skiej pojawi\u0142a si\u0119 bardzo smutna wiadomo\u015b\u0107, \u017ce wczoraj, w poniedzia\u0142ek 19 sierpnia, zmar\u0142 ks. pra\u0142at W\u0142adys\u0142aw Ko\u0142odziej, wieloletni oficja\u0142 Metropolitalnego S\u0105du Duchownego, a w latach 1999-2003 opiekun Pozna\u0144skiego \u015arodowiska Wiernych Tradycji \u0141aci\u0144skiej i celebrans indultowych Mszy \u015bw. sprawowanych w klasycznym rycie rzymskim. Wdzi\u0119czn\u0105 pami\u0119\u0107 i modlitw\u0119 (do kt\u00f3rej gor\u0105co zach\u0119cam) winni [&hellip;]","protected":false},"author":1,"featured_media":0,"comment_status":"closed","ping_status":"closed","sticky":false,"template":"","format":"standard","meta":{"_acf_changed":false,"_monsterinsights_skip_tracking":false,"_monsterinsights_sitenote_active":false,"_monsterinsights_sitenote_note":"","_monsterinsights_sitenote_category":0,"ngg_post_thumbnail":0,"footnotes":"","_wp_rev_ctl_limit":""},"categories":[5],"tags":[184,24],"acf":[],"_links":{"self":[{"href":"https:\/\/www.bibula.com\/index.php?rest_route=\/wp\/v2\/posts\/69868"}],"collection":[{"href":"https:\/\/www.bibula.com\/index.php?rest_route=\/wp\/v2\/posts"}],"about":[{"href":"https:\/\/www.bibula.com\/index.php?rest_route=\/wp\/v2\/types\/post"}],"author":[{"embeddable":true,"href":"https:\/\/www.bibula.com\/index.php?rest_route=\/wp\/v2\/users\/1"}],"replies":[{"embeddable":true,"href":"https:\/\/www.bibula.com\/index.php?rest_route=%2Fwp%2Fv2%2Fcomments&post=69868"}],"version-history":[{"count":0,"href":"https:\/\/www.bibula.com\/index.php?rest_route=\/wp\/v2\/posts\/69868\/revisions"}],"wp:attachment":[{"href":"https:\/\/www.bibula.com\/index.php?rest_route=%2Fwp%2Fv2%2Fmedia&parent=69868"}],"wp:term":[{"taxonomy":"category","embeddable":true,"href":"https:\/\/www.bibula.com\/index.php?rest_route=%2Fwp%2Fv2%2Fcategories&post=69868"},{"taxonomy":"post_tag","embeddable":true,"href":"https:\/\/www.bibula.com\/index.php?rest_route=%2Fwp%2Fv2%2Ftags&post=69868"}],"curies":[{"name":"wp","href":"https:\/\/api.w.org\/{rel}","templated":true}]}}