{"id":69760,"date":"2013-08-08T08:19:42","date_gmt":"2013-08-08T13:19:42","guid":{"rendered":"http:\/\/www.bibula.com\/?p=69760"},"modified":"2013-08-08T08:24:29","modified_gmt":"2013-08-08T13:24:29","slug":"tenerifa-xx-lecie-usopal","status":"publish","type":"post","link":"https:\/\/www.bibula.com\/?p=69760","title":{"rendered":"Tenerifa: XX-lecie USOPA\u0141"},"content":{"rendered":"<p><b>Przem\u00f3wienie Bogus\u0142awa Bukina na XX-lecie USOPA\u0141<\/b><\/p>\r\n<p><b>Przem\u00f3wienie Marka Wysockiego\u00a0<\/b><\/p>\r\n<p><b>Przem\u00f3wienie J\u00f3zefa Guzika<\/b><\/p>\r\n<p><b>Przem\u00f3wienie Krzysztofa Koczwary\u00a0<\/b><\/p>\r\n<p><b>Rezolucja spotkania roboczego organizacji z terenu Stan\u00f3w Zjednoczonych i Kanady<\/b><\/p>\r\n<p><b>Przem\u00f3wienie Przemys\u0142awa Holochera<\/b><\/p>\r\n<p><b>O\u015bwiadczenie m\u0142odzie\u017cy narodowej odczytane przez Roberta Winnickiego<\/b><\/p>\r\n<p><b>Komentarz Prezesa Jana Kobyla\u0144skiego o pospolitym ruszeniu<\/b><\/p>\r\n<p>&nbsp;<\/p>\r\n<p style=\"text-align: center;\">___________________________________________________________________<\/p>\r\n<h4 style=\"text-align: center;\"><b>Przem\u00f3wienie Bogus\u0142awa Bukina na XX-lecie USOPA\u0141<\/b><\/h4>\r\n<p align=\"center\"><b>Zwi\u0105zek Narodowy Polski w Kanadzie \u00a0&#8211; \u00a0Zarz\u0105d G\u0142\u00f3wny<\/b><\/p>\r\n<p align=\"center\"><b>Polish National Union of Canada &#8211; Head Executive Board<\/b><\/p>\r\n<p align=\"center\">408 Royal York Rd.\u00a0 Toronto, Ontario\u00a0 M8Y 2R5, Canada<\/p>\r\n<p align=\"right\">Teneryfa, 23-27 lipca 2013<\/p>\r\n<p><b>\u00a0<\/b><\/p>\r\n<p><b>Pan Jan Kobyla\u0144ski &#8211; Prezes Unii Stowarzysze\u0144 i Organizacji Polskich Ameryki \u0141aci\u0144skiej, Cz\u0142onkowie Unii Stowarzysze\u0144 i Organizacji Polskich Ameryki \u0141aci\u0144skiej<\/b><\/p>\r\n<p><b>\u00a0<\/b><\/p>\r\n<p>Szanowny Panie Prezesie,<\/p>\r\n<p>Drodzy Pa\u0144stwo,<\/p>\r\n<p>W imieniu cz\u0142onk\u00f3w Zwi\u0105zku Narodowego Polskiego w Kanadzie serdecznie pozdrawiam wszystkich Pa\u0144stwa &#8211; delegat\u00f3w na XX Walne Zebranie USOPA\u0141 oraz go\u015bci z ca\u0142ego swiata.<\/p>\r\n<p>Jeste\u015bmy pe\u0142ni uznania dla niestrudzonej aktywno\u015bci naszego Dostojnego Jubilata &#8211; Pana Prezesa Jana Kobyla\u0144skiego oraz pracy wielu\u00a0 os\u00f3b i organizacji polskich w Ameryce \u0141aci\u0144skiej, zrzeszonych w USOPA\u0141. Oddanie Prezesa i USOPA\u0141-u dla najdonio\u015blejszych spraw polskich, kt\u00f3rych znaczenie mo\u017ce doceni\u0107 tylko serce i dusza Polaka, jest godne poparcia, pomocy i na\u015bladownictwa.<\/p>\r\n<p>Gratuluj\u0119 Panu Prezesowi Kobyla\u0144skiemu i wspieraj\u0105cym go cz\u0142onkom Unii Stowarzysze\u0144\u00a0 i Organizacji Polskich Ameryki \u0141aci\u0144skiej &#8211; odwagi i po\u015bwi\u0119cenia w walce o Polsk\u0119, w boju o warto\u015bci zawarte w ha\u015ble, kt\u00f3re jest tak\u017ce przewodnie dla ponad 80-letniego Zwi\u0105zku Narodowego Polskiego w Kanadzie: &#8222;<b>B\u00f3g, Honor, Ojczyzna<\/b>&#8222;.<\/p>\r\n<p>Wielu naszych rodak\u00f3w, rozproszonych po \u015bwiecie, niestety &#8222;nie czuje\u201d spraw polskich, nie poczuwa si\u0119 do obowi\u0105zk\u00f3w, wynikaj\u0105cych z przynale\u017cno\u015bci do naszego Narodu, wykrwawionego i okaleczonego wojnami oraz aktami ludob\u00f3jstwa, jak niemiecki terror, sowiecki Katy\u0144 czy rze\u017a wo\u0142y\u0144ska. Mimo eksterminacji naszych rodak\u00f3w, szczeg\u00f3lnie polskiej elity, pr\u00f3b anihilacji Narodu Polskiego przez 123 lata niewoli, Polacy pozostali niez\u0142omni i dumni.<\/p>\r\n<p>Dzisiaj, gdy w sensie formalnym ci\u0105gle jeszcze mamy nasz Kraj &#8211; Matecznik i Ojczyzn\u0119, od wielu lat, uporczywie szarga si\u0119 nasze dobre imi\u0119 i wy\u015bmiewa polskie warto\u015bci. Z \u0142am du\u017cych dziennik\u00f3w ponadnarodowych korporacji, s\u0105cz\u0105 si\u0119, podawane jak mantra, zatrute i oczerniaj\u0105ce nas informacje o &#8222;<i>polskich obozach koncentracyjnych<\/i>\u201d i polskim antysemity\u017amie. Niestety, protesty polskiego MSZ<br \/> s\u0105 nieskuteczne, tym bardziej, \u017ce w odpowiedzi z Warszawy niby &#8222;prostuje si\u0119\u201d te k\u0142amstwa, proponuj\u0105c w zamian poprawno-polityczny termin &#8222;<i>nazistowskie obozy koncentracyjne<\/i>&#8222;, nie za\u015b &#8222;<i>niemieckie<\/i>\u201d &#8211; jak by\u0107 powinno &#8211; \u00a0by \u015bwiatowa opinia publiczna nie by\u0142a zn\u00f3w wprowadzana w b\u0142\u0105d.<\/p>\r\n<p>Nar\u00f3d Polski, a wi\u0119c my wszyscy, jego c\u00f3rki i synowie, jest poni\u017cany. Dok\u0142ada si\u0119 do tego telewizja publiczna w Warszawie, kt\u00f3ra emituje serial niemiecki, szkaluj\u0105cy Polak\u00f3w i propaguj\u0105c k\u0142amstwa o roli naszych bohater\u00f3w i patriotycznych organizacji. TVP lansuje antypolskie programy, daje najlepszy czas dla os\u00f3b, kt\u00f3rych celem jest &#8222;oplucie\u201d dobrego imienia Polak\u00f3w.<\/p>\r\n<p>Wszyscy wiemy, i dochodzi to r\u00f3wnie\u017c do \u015bwiadomo\u015bci &#8211; sterowanej przez liberty\u0144skie mass-media &#8211; rodak\u00f3w w Kraju, \u017ce wszelkie dzia\u0142ania ekipy premiera Tuska, sprzyjaj\u0105 uczynieniu z Polski pariasa Europy, zaplecza nisko-op\u0142acanych mas roboczych, natomiast eldorado dla hochsztapler\u00f3w i spekulant\u00f3w finansowych. Dla olbrzymiej wi\u0119kszo\u015bci ludzi ambitnych, m\u0142odych i wykszta\u0142conych &#8211; pracy nie ma. Jest to celowa polityka tzw. polskich w\u0142adz, obliczona na pozbycie si\u0119 naszej m\u0142odej inteligencji, kt\u00f3ra stanowi\u0107 mo\u017ce realne zagro\u017cenie dla plan\u00f3w wobec Polski, tworzonych w biurach Unii Europejskiej i na posiedzeniach Klubu Bilderberg. M\u0142odzi Polacy zmuszeni s\u0105 do emigracji zarobkowej, podczas gdy Nar\u00f3d Polski si\u0119 starzeje. To szybka i skuteczna droga do jego os\u0142abienia lub likwidacji w warunkach tzw. pokoju.<\/p>\r\n<p>Na szcz\u0119\u015bcie dojrzewa w m\u0142odych Polakach, ci\u0105gle trwaj\u0105cych nad Wis\u0142\u0105, poczucie patriotyzmu \u00a0i potrzeba udzia\u0142u w walce o przetrwanie naszego Kraju, warto\u015bci i kultury. Ostatnim tego przyk\u0142adem jest Kongres Ruchu Narodowego, w kt\u00f3rym dominuj\u0105 30-latkowie. Oni sprzeciwiaj\u0105 si\u0119 dalszemu przyzwoleniu w\u0142adz i dotychczasowych stronnictw politycznych &#8211; na pozbawianie Narodu Polskiego podstaw bytu materialnego i jego post\u0119puj\u0105c\u0105 moraln\u0105 i gospodarcz\u0105 destrukcj\u0119.<\/p>\r\n<p>By ci m\u0142odzi polscy patrioci, kt\u00f3rzy poprzez sw\u0105 determinacj\u0119 doprowadzili do powstania wielotysi\u0119cznego Ruchu Narodowego, mogli si\u0119 rozwija\u0107, mie\u0107 coraz wi\u0119kszy wp\u0142yw na przebieg wydarze\u0144 politycznych w Polsce, potrzeba im naszego &#8211; Polak\u00f3w na emigracji &#8211; wsparcia i pomocy.<\/p>\r\n<p>Drodzy Pa\u0144stwo,<\/p>\r\n<p>Rozumiem, \u017ce wszyscy, kt\u00f3rzy tutaj jeste\u015bmy, zgromadzili\u015bmy si\u0119, pochylaj\u0105c nad sprawami polskimi, gdy\u017c drogie nam jest polskie dziedzictwo, religia, j\u0119zyk, kultura, historia oraz przysz\u0142o\u015b\u0107 naszego katolickiego Narodu Polskiego. Jako przedstawiciele trzeciej cz\u0119\u015bci Polak\u00f3w, kt\u00f3rzy z r\u00f3\u017cnych przyczyn znale\u017ali si\u0119 poza Krajem, pragniemy by\u0107 pe\u0142noprawnymi synami naszej Ojczyzny. Chcemy by\u0107 odpowiedzialni za jej losy i mie\u0107 na nie wp\u0142yw. Niestety, wiele przyczyn, w tym ustawiczna krecia praca agentury r\u00f3\u017cnej proweniencji, sprawi\u0142o, i\u017c nie mamy wsp\u00f3lnego dla Polonii na ca\u0142ym \u015bwiecie zrzeszenia, kt\u00f3re by stanowi\u0142o reprezentacj\u0119 i jednolity g\u0142os Polak\u00f3w w rozproszeniu, artyku\u0142owany\u00a0 w obronie interes\u00f3w Narodu Polskiego. Mimo niejednej pr\u00f3by utworzenia takiej struktury, w tym podejmowanych przez USOPA\u0141 i Prezesa Kobyla\u0144skiego (maj 2004 r.), zamys\u0142 ten si\u0119 do tej pory nie uda\u0142.<\/p>\r\n<p>Naszym zdaniem &#8211; dzia\u0142aczy i patriot\u00f3w ze Zwi\u0105zku Narodowego Polskiego w Kanadzie, nale\u017ca\u0142oby powr\u00f3ci\u0107 do tej ideii. Taka og\u00f3lno-polonijna struktura o charakterze federalnym, niezale\u017cna ca\u0142kowicie w swojej aktywnosci od zmieniaj\u0105cych si\u0119 w\u0142adz w Warszawie, odr\u0119bna od niesprawdzonych struktur typu Rada Polonii \u015awiata, \u00a0jest wci\u0105\u017c po\u017c\u0105dana i potrzebna.<\/p>\r\n<p><i>&#8222;My powinni\u015bmy z sob\u0105 \u0142\u0105czy\u0107 si\u0119 i znosi\u0107; Inaczej, rozdzieleni, wszyscy zginiem marnie\u201d<\/i> &#8211; tak doradza\u0142 nam Adam Mickiewicz w &#8222;Dziadach\u201d.<\/p>\r\n<p>Id\u0105c za t\u0105 my\u015bl\u0105 naszego genialnego wieszcza, kt\u00f3ry przepe\u0142niony by\u0142 trosk\u0105 o losy Polski, proponujemy podj\u0119cie &#8211; tak szybko, jak to mo\u017cliwe &#8211; jeszcze jednej pr\u00f3by utworzenia organizacji &#8211; &#8222;parasola\u201d, zrzeszaj\u0105cej te zwi\u0105zki i stowarzyszenia polonijne, kt\u00f3re maj\u0105 podobn\u0105 misj\u0119 i cele jak Unia Stowarzysze\u00c3\u00b1 i Organizacji Polskich Ameryki \u0141aci\u0144skiej czy Zwi\u0105zek Narodowy Polski w Kanadzie.<\/p>\r\n<p>Nie chodzi o og\u00f3lno\u015bwiatowe zrzeszenie Polak\u00f3w. Postulujemy na pocz\u0105tek powo\u0142anie &#8222;federacji\u201d o zasi\u0119gu, obejmuj\u0105cym obie Ameryki (nazwa organizacji do uzgodnienia). Wykorzystajmy nasz wci\u0105\u017c \u017carz\u0105cy si\u0119 zapa\u0142 i energi\u0119 oraz ch\u0119\u0107 pomocy Polsce, by utworzy\u0107 formaln\u0105 reprezentacj\u0119 patriotycznej Polonii obu Ameryk. G\u0142os Polak\u00f3w z Ameryki w wa\u017cnych dla Kraju sprawach, b\u0119dzie poprzez te wsp\u00f3lne dzia\u0142ania znacznie wzmocniony. Zapraszamy wszystkie patriotyczne polskie organizacje za granic\u0105 do wsp\u00f3\u0142pracy. Prosz\u0119 o kontakt w tej sprawie z nasz\u0105 organizacj\u0105 poprzez nasz tygodnik &#8222;G\u0142os Polski\u201d, tel. 416.993.3143, e-mail: glospolski1908@gmail.com<\/p>\r\n<p>Jeste\u015bmy przekonani, \u017ce wiele Oddzia\u0142\u00f3w Kongresu Polonii Ameryka\u0144skiej, a tak\u017ce Kongresu Polonii Kanadyjskiej &#8211; sk\u0142onne b\u0119dzie przyst\u0105pi\u0107 do wsp\u00f3lnej, \u00a0panameryka\u0144skiej unii polonijnej.<\/p>\r\n<p>Na koniec chc\u0119 wspomnie\u0107, i\u017c nie tylko USOPA\u0141 czy inne znacz\u0105ce organizacje polskie za granic\u0105, s\u0105 celem \u015bwiadomych dzia\u0142a\u0144 destrukcyjnych ze strony o\u015brodk\u00f3w i os\u00f3b, kt\u00f3re robi\u0105 wiele, by nasze organizacje by\u0142y ma\u0142o aktywne, s\u0142abe, nie licz\u0105ce si\u0119. Tak\u017ce w naszym patriotycznym Zwi\u0105zku Narodowym Polskim w Kanadzie wiadome si\u0142y i osoby, skutecznie postara\u0142y si\u0119 doprowadzi\u0107 do podzia\u0142\u00f3w i os\u0142abienia organizacji. Tym bardziej jednak musimy pracowa\u0107 i jednoczy\u0107 si\u0119, odsuwaj\u0105c autor\u00f3w bunt\u00f3w, destrukcji i do dzi\u015b aktywn\u0105 antypolsk\u0105, postkomunistyczn\u0105 agentur\u0119.<\/p>\r\n<p>Naszymi wsp\u00f3lnymi dzia\u0142aniami i poparciem, b\u0119dziemy zdolni skutecznie pom\u00f3c sobie nawzajem, m\u0142odym patriotom z Ruchu Narodowego oraz innym organizacjom w Kraju, dla kt\u00f3rych ponad wszystko s\u0105: B\u00f3g, Honor i Ojczyzna.<\/p>\r\n<p>W imieniu Zwi\u0105zku Narodowego Polskiego w Kanadzie<\/p>\r\n<p><b>\u00a0<\/b><\/p>\r\n<p><b>\u00a0\u00a0\u00a0\u00a0\u00a0\u00a0\u00a0\u00a0\u00a0 Jacek Bogus\u0142aw Bukin<\/b><\/p>\r\n<p>Prezes Zarz\u0105du G\u0142\u00f3wnego<\/p>\r\n<p>Toronto, lipiec 2013r.<\/p>\r\n<p style=\"text-align: center;\">___________________________________________________________________<\/p>\r\n<h4 style=\"text-align: center;\"><b>Przem\u00f3wienie Marka Wysockiego\u00a0<\/b><\/h4>\r\n<p align=\"center\">Przem\u00f3wienie z okazji XX-lecia<\/p>\r\n<p align=\"center\">\u00a0Unii Stowarzysze\u0144 i Organizacji Polskich Ameryki \u0141aci\u0144skiej<\/p>\r\n<p><b>Marek Wysocki, Patriotyczny Klub Dyskusyjny w Nowym Jorku<\/b><\/p>\r\n<p>26 lipca 2013<\/p>\r\n<p>Szanowny Panie Prezesie<\/p>\r\n<p>Drodzy Pa\u0144stwo,<\/p>\r\n<p>Ka\u017cdy z nas tu obecnych zna z pewno\u015bci\u0105 s\u0142owa Hymnu narodowego Rzeczpospolitej Polskiej. Jest to pie\u015b\u0144 bojowa emigrant\u00f3w, kt\u00f3rzy postanowili szabl\u0105 odbi\u0107 to, co nam obca przemoc wzi\u0119\u0142a i z\u0142\u0105czy\u0107 si\u0119 z narodem. Chcia\u0142bym przekona\u0107 Pa\u0144stwa jak s\u0142owa te s\u0105 aktualne dzisiaj i jak bardzo ojczyzna nasza Polska oczekuje od nas wysi\u0142ku dla jej ponownego wyzwolenia. Z drugiej strony\u00a0jak\u00a0nasi wrogowie \u015bwiadomi historii naszego kraju robi\u0105 wszystko, aby nie powsta\u0142y zn\u00f3w \u201eemigracyjne legiony\u201d.<\/p>\r\n<p>Zapewne wielu z was tu obecnych pomy\u015bli teraz: przecie\u017c Polska jest krajem suwerennym, nie pod zaborem jak za czas\u00f3w, kiedy tworzono hymn, a nawo\u0142ywanie do \u201eszabli\u201d jest po prostu nie na miejscu w czasie, gdy procesy demokratyczne decyduj\u0105 o polityce i Polacy nie s\u0105 z nikim w stanie wojny.<\/p>\r\n<p>To prawda, \u017ce Polacy ze swojej strony nie s\u0105 w stanie wojny, jednak wojna prowadzona jest przeciwko nam od 1939 roku z t\u0105 r\u00f3\u017cnic\u0105, \u017ce w roku 1945 zmieni\u0142 si\u0119 okupant i \u015brodki prowadzenia dzia\u0142a\u0144 wojennych. Z klasycznej wojny toczonej za pomoc\u0105 technologii militarnych na polu bitwy, w\u00a01945\u00a0roku zmieniono wraz z okupantem metody fizycznego wyniszczenia Narodu Polskiego. W pierwszych latach powojennych trwa\u0142a na terenach prawie ca\u0142ego kraju za\u017carta partyzancka walka zbrojna i cho\u0107 w po\u0142owie lat pi\u0119\u0107dziesi\u0105tych rozbite zosta\u0142y ostatnie zorganizowane grupy oporu, dzia\u0142ania te przekona\u0142y komunistyczn\u0105 w\u0142adz\u0119, \u017ce na tej ziemi ca\u0142kowite zniewolenie nie b\u0119dzie mo\u017cliwe. Do metod skrytob\u00f3jczego usuwania pierwiastka patriotyczno-narodowego do\u0142\u0105czono metody propagandowego wynarodowiania i pauperyzacji ca\u0142ego spo\u0142ecze\u0144stwa, w kt\u00f3rym bohaterami sta\u0142 si\u0119 internacjonalny robotnik i kobieta na traktorze, a wrogiem ludu okrzykni\u0119to ka\u017cdego, kto cho\u0107by wspomnia\u0142 o pa\u0144stwowo\u015bci czy patriotyzmie. Dla takich, najbardziej skuteczn\u0105 metod\u0105 perswazji politycznej by\u0142 strza\u0142 w ty\u0142 g\u0142owy lub w najlepszym przypadku przymusowa emigracja. Dzieci, \u017cydowskiego pochodzenia polskoj\u0119zycznych internacjonalnych komunist\u00f3w, kt\u00f3rzy na sowieckich czo\u0142gach przywie\u017ali do Polski ten bandycki system nadal dzisiaj sprawuj\u0105 w\u0142adz\u0119 w naszym kraju i tak jak ich zbrodniczy rodzice i krewni stosuj\u0105 te same metody walki z Polsk\u0105. To oni tworz\u0105 kolejne partie zmieniaj\u0105c, co jaki\u015b czas ich nazw\u0119, ale pozostaj\u0105c bez przerwy w partyjnych wierchuszkach. Oni tak\u017ce tworz\u0105 iluzj\u0119 wzajemnej walki politycznej, cho\u0107 w rzeczywisto\u015bci w najwa\u017cniejszych sprawach dotycz\u0105cych przysz\u0142o\u015bci kraju pozostaj\u0105 zgodni licz\u0105c na to, \u017ce og\u0142upiony nar\u00f3d zn\u00f3w da si\u0119 nabra\u0107 na kolejne magdalenki, okr\u0105g\u0142e sto\u0142y i grupy doradc\u00f3w z pod znaku \u201edemokratycznej opozycji\u201d. Obecnie\u00a0grupy te\u00a0&#8211;\u00a0wykreowanych przez media \u201ekombatant\u00f3w werbalnych\u201d\u00a0&#8211; obserwuj\u0105 bacznie scen\u0119 polityczn\u0105, aby przej\u0105\u0107 kontrol\u0119 nad jak\u0105kolwiek oddoln\u0105 organizacj\u0105 patriotyczn\u0105. Tak jak ich poprzednicy w osobach Geremka, Mazowieckiego, Michnika, Kuronia i innych w\u00a01980\u00a0roku przej\u0119li kontrol\u0119 nad oddolnym ruchem wolno\u015bciowym nazywaj\u0105c go swojsko \u201eSolidarno\u015b\u0107\u201d i stawiaj\u0105c na jego czele ubeckiego konfidenta o pseudonimie \u201eBolek\u201d. Nowi pseudo-patriotyczni doradcy ruch\u00f3w narodowych d\u0105\u017c\u0105 do zjednoczenia i unifikowania powstaj\u0105cych jak feniks z popio\u0142\u00f3w organizacji m\u0142odych Polak\u00f3w, aby zadepta\u0107 budz\u0105c\u0105 si\u0119 w ich sercach Polsk\u0119. Na nas osobach, kt\u00f3re do\u015bwiadczy\u0142y na w\u0142asnej sk\u00f3rze zniewolenie i zdrad\u0119 lat osiemdziesi\u0105tych le\u017cy teraz obowi\u0105zek, aby chroni\u0107 te kie\u0142kuj\u0105ce polsko\u015bci\u0105 organizacje przed losem \u201eSolidarno\u015bci\u201d, kt\u00f3ra zamiast sta\u0107 si\u0119 energi\u0105 przewodni\u0105 odnowy narodowej zosta\u0142a w konsekwencji skompromitowana i rozbita. Prawdziwi tw\u00f3rcy ruchu podzielili los powsta\u0144c\u00f3w z czas\u00f3w zabor\u00f3w i albo \u017cyj\u0105 w kraju w biedzie i zapomnieniu albo skazani zostali na emigracyjn\u0105 banicj\u0119. W dniu dzisiejszym Polska potrzebuje radykalnych i natychmiastowych zmian, aby zatrzyma\u0107 krwotok emigracji zarobkowej powoduj\u0105cy obumieranie ca\u0142ych region\u00f3w, z kt\u00f3rych m\u0142odzi, wykszta\u0142ceni ludzie wyjechali za granic\u0119 w poszukiwaniu pracy. Platforma Obywatelska z pe\u0142n\u0105 premedytacj\u0105 doprowadzi\u0142a do kolejnego exodusu wyludniaj\u0105cego nasz kraj, ale wcze\u015bniej rz\u0105dz\u0105ce Prawo i Sprawiedliwo\u015b\u0107 pomimo pe\u0142nego poparcia spo\u0142ecznego i kontroli na stanowiskach prezydenta i premiera nie zrobi\u0142o nic, \u017ceby zmieni\u0107 los przeci\u0119tnego obywatela. Szermuj\u0105cy narodowymi i chrze\u015bcija\u0144skimi has\u0142ami \u00f3wczesny prezydent Kaczy\u0144ski podpisa\u0142 Traktat Lizbo\u0144ski, kt\u00f3ry w rzeczywisto\u015bci zlikwidowa\u0142 pa\u0144stwowo\u015b\u0107 Polski poddaj\u0105c j\u0105 europejskiemu rz\u0105dowi w Brukseli sk\u0142adaj\u0105cemu si\u0119 z marionetek mianowanych przez \u015bwiatow\u0105 oligarchi\u0119 finansow\u0105. Traktat ten prezydent Kaczy\u0144ski podpisa\u0142 13 grudnia 2007 roku w okr\u0105g\u0142\u0105 26-t\u0105 rocznic\u0119 wprowadzenie w Polsce stanu wojennego. Obecnie zar\u00f3wno PO jak i PiS aktywnie zwalczaj\u0105 nowopowstaj\u0105ce niezale\u017cne m\u0142odzie\u017cowe organizacje narodowe wiedz\u0105c, \u017ce tylko one mog\u0105 doprowadzi\u0107 do od lat oczekiwanych radykalnych zmian w polityce wewn\u0119trznej i zewn\u0119trznej kraju, a tak\u017ce spowodowa\u0107 ca\u0142kowit\u0105 utrat\u0119 spo\u0142ecznego zaufania do skompromitowanej polityki obu tych partii. Podobnie jak w kraju, polityka w stosunku do Polak\u00f3w \u017cyj\u0105cych poza jego granicami nie zmieni\u0142a si\u0119 pomimo wydawa\u0142oby si\u0119 znacz\u0105cych zmian systemowych, kt\u00f3re i w tym wypadku okaza\u0142y si\u0119 niczym innym jak transformacj\u0105 uw\u0142aszczaj\u0105c\u0105 by\u0142ych komunist\u00f3w do roli nowych kapitalist\u00f3w. Najjaskrawiej wida\u0107 to na przyk\u0142adzie polskiej diaspory w Nowym Jorku. W roku 1972 polski ksi\u0105dz Longin To\u0142czyk postanowi\u0142 wp\u0142yn\u0105\u0107 na zmian\u0119 bytu w wi\u0119kszo\u015bci biednej emigracji polskiej. Powa\u017cnym problemem, z jakim borykali si\u0119 Polacy w tym czasie by\u0142 brak znajomo\u015bci j\u0119zyka angielskiego i co za tym idzie niemo\u017cno\u015b\u0107 za\u0142atwienia najprostszych spraw w urz\u0119dach ameryka\u0144skich, \u017caden bank nie chcia\u0142 r\u00f3wnie\u017c udziela\u0107 polskim emigrantom po\u017cyczek. Natchniony historycznym protestem Polak\u00f3w, kt\u00f3rzy w\u00a01619\u00a0roku, jako pierwsi na ameryka\u0144skiej ziemi zmusili strajkiem anglosaskich s\u0105siad\u00f3w do traktowania ich na r\u00f3wni z innymi osadnikami w kwestii dopuszczenia do g\u0142osowania w lokalnych wyborach w Jamestown, ksi\u0105dz postanowi\u0142 zmusi\u0107 niech\u0119tne w\u0142adze miasta do wydania mu zezwolenia na stworzenie organizacji pomagaj\u0105cej nowoprzyby\u0142ym. Tak w roku 1973 powsta\u0142o Centrum Polsko S\u0142owia\u0144skie. Centrum od pocz\u0105tku dzia\u0142ania znalaz\u0142o si\u0119 pod obserwacj\u0105 wywiadowc\u00f3w z komunistycznego PRL-u, o czym otwarcie w swojej ksi\u0105\u017cce pisze ksi\u0105dz To\u0142czyk. Dop\u00f3ki jednak zajmowa\u0142o si\u0119 tylko pomoc\u0105 w urz\u0119dach i nauk\u0105 j\u0119zyka dzia\u0142ania SB-ek\u00f3w koncentrowa\u0142y si\u0119 jedynie na inwigilacji. Dzia\u0142ania te zmieni\u0142y sw\u00f3j operacyjny kszta\u0142t, kiedy ksi\u0105dz wraz z grup\u0105 aktywnych Polak\u00f3w postanowili stworzy\u0107 kas\u0119 po\u017cyczkow\u0105 w formie organizacji niedochodowej. W taki spos\u00f3b powsta\u0142a Polsko S\u0142owia\u0144ska Federalna Unia Kredytowa, kt\u00f3ra w b\u0142yskawicznym tempie rozros\u0142a si\u0119 do dzisiejszej najwi\u0119kszej na \u015awiecie polskiej organizacji finansowej poza granicami kraju. Poniewa\u017c spora grupa Polak\u00f3w zacz\u0119\u0142a dzi\u0119ki Unii zdobywa\u0107 po\u017cyczki i kupowa\u0107 nieruchomo\u015bci, a co za tym idzie ich pozycja spo\u0142eczna zacz\u0119\u0142a by\u0107 znacz\u0105ca w lokalnym \u015brodowisku, komunistyczny rz\u0105d za pomoc\u0105 swoich szpicli postanowi\u0142 zniszczy\u0107 organizacj\u0119 przez wprowadzenie swoich ludzi do w\u0142adz i odsuni\u0119cie ksi\u0119dza To\u0142czyka. Warto tutaj wspomnie\u0107, \u017ce w czasie najbardziej zmasowanego ataku na Uni\u0119 Kredytow\u0105, Attach\u00c3\u00a9 kulturalnym i wicekonsulem od kontakt\u00f3w z Poloni\u0105 by\u0142 w Nowym Jorku S\u0142awomir Petelicki ju\u017c wtedy wysoki oficer SB, kt\u00f3ry by\u0142 wyszkolonym ekspertem od zwalczania &#8222;dywersji ideologicznej\u201d i o\u015brodk\u00f3w opozycyjnych na emigracji. To w czasie jego rezydentury organizowano protesty z transparentami przeciwko ksi\u0119dzowi To\u0142czykowi, kt\u00f3ry w ko\u0144cu ust\u0105pi\u0142 z w\u0142adz organizacji. Do Nowego Jorku wys\u0142ano Petelickiego zaraz po powstaniu Centrum Polsko S\u0142owia\u0144skiego w\u00a01973\u00a0roku, a do PRL powr\u00f3ci\u0142 w\u00a01978, aby wykorzysta\u0107 swoje do\u015bwiadczenia z Ameryki w rozbijaniu organizacji polskich w Szwecji.<\/p>\r\n<p>Nie uda\u0142o si\u0119 jednak zatrzyma\u0107 rozwoju Unii Kredytowej, kt\u00f3ra dzisiaj posiada 76 tysi\u0119cy cz\u0142onk\u00f3w i ponad 1,6 miliarda dolar\u00f3w w aktywach. Uda\u0142o si\u0119 jednak komunistom i ich szpiclom przej\u0105\u0107 kontrol\u0119 nad t\u0105 organizacj\u0105 i robi\u0107 wszystko, aby w jak najmniejszym stopniu Polacy mogli korzysta\u0107 ze swojej organizacji i zgromadzonych tam olbrzymich sum pieni\u0119dzy. Polsko S\u0142owia\u0144ska Unia Kredytowa jest organizacj\u0105 niedochodow\u0105, wszystkie przychody powinny by\u0107, co roku rozdysponowane w formie dywidend i pomocy finansowej dla organizacji polskich w Stanach i poza granicami. Jednak od 35 lat tylko raz wyp\u0142acono symboliczn\u0105 dywidend\u0119, a pomoc dla organizacji praktycznie nie istnieje. Zebrano w zamian potajemnie sum\u0119 $ 600 milion\u00f3w dolar\u00f3w, kt\u00f3ra inwestowana jest na 1,6 % w obligacje rz\u0105dowe powoduj\u0105c, co roku strat\u0119. Oficjalnie podawana stopa inflacji w Stanach Zjednoczonych oscyluje w granicach 3,5% co daje szacunkowo 12 milion\u00f3w dolar\u00f3w strat. Wystarczy\u0142oby cz\u0119\u015b\u0107 z tych 600 milion\u00f3w przekaza\u0107 w formie po\u017cyczek lokalnej spo\u0142eczno\u015bci polskiej i strata zmieni\u0142yby si\u0119 w zyski, kt\u00f3re rozdysponowa\u0107 mo\u017cna by po\u015br\u00f3d potrzebuj\u0105ce organizacje i cz\u0142onk\u00f3w Unii. Dane te ujrza\u0142y \u015bwiat\u0142o dzienne po tym jak w\u00a02012\u00a0roku zosta\u0142em w zast\u0119pstwie na kr\u00f3tki okres czasu cz\u0142onkiem Rady Dyrektor\u00f3w Unii. Po raz pierwszy od ponad dwudziestu lat cz\u0142onkowie dowiedzieli si\u0119 o tym, co dzieje si\u0119 z ich pieni\u0119dzmi i jakie sumy wydawane s\u0105 w ci\u0105gu ka\u017cdego roku na sprawy s\u0105dowe wytaczane ka\u017cdemu, kto chce cokolwiek zmieni\u0107. W Radzie Dyrektor\u00f3w Unii zasiada 11 os\u00f3b, z kt\u00f3rych wi\u0119kszo\u015b\u0107 zainteresowana jest tylko darmowymi wyjazdami na tak zwane \u201ekonferencje\u201d gdzie z ca\u0142\u0105 rodzin\u0105 na koszt cz\u0142onk\u00f3w mo\u017cna par\u0119 razy w roku wyjecha\u0107 na wakacje w tropikalne miejsca. Takich ludzi dobiera sobie niewielka grupa, kt\u00f3ra od lat okupuje stanowiska w Radzie. \u0179adna z tych os\u00f3b nie chce podda\u0107 si\u0119 lustracji, a coroczne wybory przeprowadzane s\u0105 w i\u015bcie stalinowskiej formie i pomimo protest\u00f3w, sowicie op\u0142acani z cz\u0142onkowskich pieni\u0119dzy adwokaci odstraszaj\u0105 cz\u0142onk\u00f3w sprawami s\u0105dowymi. Celem tych os\u00f3b jest otwarcie oddzia\u0142u w Polsce gdzie \u0142atwiej b\u0119dzie zaopiekowa\u0107 si\u0119 pieni\u0119dzmi wypracowanymi przez dwa pokolenia Polak\u00f3w z Nowego Jorku i p\u00f3\u017aniejsza prywatyzacja.<\/p>\r\n<p>W roku 2010 powsta\u0142a niewielka grupa z\u0142o\u017cona z Polak\u00f3w, kt\u00f3rzy postanowili walczy\u0107 o nasz wsp\u00f3lny maj\u0105tek. Wysi\u0142kiem tej grupy Unia nadal jest w r\u0119kach polskich i cho\u0107 zarz\u0105dzana przez osoby wrogie polsko\u015bci nie podzieli\u0142a jeszcze losu wielu innych polskich organizacji, kt\u00f3re zaatakowane przez pogrobowc\u00f3w Ubeckich zosta\u0142y zniszczone, a ich siedziby sprzedane za bezcen. Jako jeden z cz\u0142onk\u00f3w tej grupy mog\u0119 zapewni\u0107 Pa\u0144stwa, \u017ce dla dobra nas wszystkich, b\u0119dziemy nadal usilnie dzia\u0142a\u0107, by Nasza Organizacja powr\u00f3ci\u0142a do jej prawowitych w\u0142a\u015bcicieli. Na szcz\u0119\u015bcie tak jak w kraju w Nowym Jorku coraz wi\u0119cej m\u0142odych Polak\u00f3w interesuje si\u0119 sprawami naszej grupy etnicznej i coraz trudniej naszym wrogom jest prowadzi\u0107 przeciwko nam ukryt\u0105 wyniszczaj\u0105c\u0105 wojn\u0119. Wojna ta trwa nadal, ale u\u015bpiony olbrzym otworzy\u0142 ju\u017c oczy.<\/p>\r\n<p>Panie Prezesie, Szanowni Pa\u0144stwo<\/p>\r\n<p>Jeszcze Polska nie zgin\u0119\u0142a p\u00f3ki my \u017cyjemy !!!<\/p>\r\n<p>Marek Wysocki &#8211; Tenerife, 26 lipca 2013 r. Zjazd USOPA\u0141<\/p>\r\n<p style=\"text-align: center;\">___________________________________________________________________<\/p>\r\n<h4 style=\"text-align: center;\" align=\"right\"><b>Przem\u00f3wienie J\u00f3zefa Guzika<\/b><\/h4>\r\n<p align=\"right\">(VIII.13.712)<\/p>\r\n<p align=\"center\">Przem\u00f3wienie z okazji XX-lecia<\/p>\r\n<p align=\"center\">\u00a0Unii Stowarzysze\u0144 i Organizacji Polskich Ameryki \u0141aci\u0144skiej<\/p>\r\n<p><b>J\u00f3zef Guzik, Patriotyczny Klub Dyskusyjny w Nowym Jorku<\/b><\/p>\r\n<p>26 lipca 2013<\/p>\r\n<p>Wielce Szanowny Panie Prezesie, Szanowni Delegaci, Drodzy Go\u015bcie!<\/p>\r\n<p>Mam zaszczyt na zje\u017adzie Unii Stowarzysze\u0144 i Organizacji Polskich Ameryki \u0141aci\u0144skiej reprezentowa\u0107 pogl\u0105dy, opinie i odczucia w imieniu Patriotycznego Klubu Dyskusyjnego w Nowym Jorku. My Polacy, zanurzeni w p\u00f3\u0142nocnoameryka\u0144skim tyglu narod\u00f3w, obcych nam doktryn politycznych, postrzegamy USOPA\u0141 jako wzorcowy model organizacji polonijnej, bazuj\u0105cy na mi\u0142o\u015bci do naszej bliskiej sercu, cho\u0107 geograficznie dalekiej Matki-Ojczyzny. Organizacja ta, jest jednym z g\u0142\u00f3wnych o ile nie jedynym filarem polsko\u015bci, rozproszonych po ca\u0142ym niemal ziemskim globie Polak\u00f3w.<\/p>\r\n<p>Podziwiamy pr\u0119\u017cno\u015b\u0107 oraz godne na\u015bladowania zaanga\u017cowanie w sprawy Polski i Polonii organizacji kierowanej przez Pana Prezesa Jana Kobyla\u0144skiego. Zazdro\u015bcimy USOPA\u0141 zachowania narodowej i autentycznej patriotycznej czysto\u015bci swych szereg\u00f3w. Niestety nasze warunki funkcjonowania w USA s\u0105 zdecydowanie trudniejsze. Po pierwsze ci\u0105\u017cy nad nami kl\u0105twa rzucona przez rabin\u00f3w, przypisuj\u0105ca Polakom wszystkie mo\u017cliwie najgorsze cechy gatunku ludzkiego i wszelkie niegodziwo\u015bci (ze swoimi niegodziwo\u015bciami przede wszystkim) tworz\u0105c wok\u00f3\u0142 nas atmosfer\u0119 pot\u0119pienia i lekcewa\u017cenia. Powoduje to, \u017ce niekt\u00f3rym z naszych braci wstyd jest by\u0107 Polakiem, co odstr\u0119cza od pr\u00f3b organizowania si\u0119, a nawet powoduje depolonizacj\u0119 osobnik\u00f3w s\u0142abszych psychicznie.<\/p>\r\n<p>Najwi\u0119cej jednak szkody czyni\u0105 osobnicy udaj\u0105cy Polak\u00f3w, mimo \u017ce \u015bwietnie znaj\u0105 nasz j\u0119zyk to u\u017cywaj\u0105 go dla cel\u00f3w maskowania swojej misji polegaj\u0105cej na dywersji. Wsz\u0119dzie gdzie spotyka si\u0119 dw\u00f3ch Polak\u00f3w w sprawach polskich, niewiadomo sk\u0105d do\u0142\u0105cza si\u0119 do nich trzeci i usi\u0142uje przej\u0105\u0107 kierownictwo. Niestety wi\u0119kszo\u015b\u0107 z nas nie wykazuje w tym wzgl\u0119dzie nale\u017cytej czujno\u015bci i nie rozpoznaje agent\u00f3w, maj\u0105cych za zadanie utrzyma\u0107 defragmentacj\u0119 naszego \u015brodowiska polonijnego.<\/p>\r\n<p>Tak\u017ce pod tym wzgl\u0119dem pozostaje nam jedynie zazdro\u015bci\u0107, ale i cieszy\u0107 si\u0119, \u017ce taka sytuacja nie jest udzia\u0142em naszych przyjaci\u00f3\u0142 z USOPA\u0141. Tak\u017ce ca\u0142ym sercem jeste\u015bmy\u00a0 z tymi, kt\u00f3rzy podejmuj\u0105 dzia\u0142ania w celu ratowania Ojczyzny, b\u0119d\u0105cej dzi\u015b w potrzebie, stoj\u0105c po raz kolejny na progu utraty suwerenno\u015bci. Deklarujemy czynne wsparcie na miar\u0119 naszych skromnych mo\u017cliwo\u015bci wszelkich inicjatyw na rzecz polskiego interesu narodowego. A nadchodzi czas rozstrzygni\u0119\u0107 decyduj\u0105cych dla Polski, a wynik tych rozstrzygni\u0119\u0107 b\u0119dzie zale\u017ca\u0142 od tego czy\u00a0 zorganizowanej wyra\u017anej sile, Polacy przeciwstawi\u0105 w\u0142a\u015bciw\u0105 pookr\u0105g\u0142osto\u0142owemu okresowi niemoc i antyskuteczny bierny op\u00f3r, czy te\u017c stan\u0105 do walki na karty wyborcze. Tutaj widzimy rol\u0119 Polonii, bowiem rozproszone i s\u0142abe przez to o\u015brodki my\u015bli niepodleg\u0142o\u015bciowej w kraju potrzebuj\u0105 wsparcia. Do spo\u0142ecze\u0144stwa polskiego znacznie wyra\u017aniej dotar\u0142a refleksja, \u017ce obecne tzw. elity polityczne nie zda\u0142y egzaminu dojrza\u0142o\u015bci obywatelskiej, \u017ce dzia\u0142alno\u015b\u0107 polityczn\u0105 rozumiej\u0105 nie jako s\u0142u\u017cb\u0119 narodowi, a jako walk\u0119 koterii politycznych. Ludzie czuj\u0105, \u017ce tak dalej by\u0107 nie mo\u017ce. Za\u015b wieloletnie dywersyjno\/dyletanckie rz\u0105dy Platformy Obywatelskiej przyspieszy\u0142y wyra\u017anie proces dojrzewania \u015bwiadomo\u015bci spo\u0142ecze\u0144stwa polskiego. Nic zatem dziwnego, \u017ce na naszych oczach od ubieg\u0142orocznego \u015awi\u0119ta Niepodleg\u0142o\u015bci wykluwa si\u0119 Ruch Narodowy, kt\u00f3rego Kongres odby\u0142 si\u0119 8 czerwca br., uwie\u0144czony przyj\u0119ciem deklaracji ideowej. Popieramy przes\u0142anie Prezesa USOPA\u0141, Pana Jana Kobyla\u0144skiego do uczestnik\u00f3w Kongresu Ruchu Narodowego w dniu 8 czerwca 2013 r. w Warszawie, odczytane przez Pana Mecenasa Ryszarda Parulskiego, kt\u00f3re ukaza\u0142o si\u0119 w Warszawskiej Gazecie z 14-20 czerwca 2013 r.<\/p>\r\n<p>Ko\u0144cz\u0105c, \u017cycz\u0119 delegatom owocnych obrad, na pohybel naszym wrogom i chwale narodu polskiego, a Panu Prezesowi, kt\u00f3rego rola w\u015br\u00f3d polonii jest nie do przecenienia, niewyczerpalnych si\u0142 witalnych i wielu lat \u017cycia, a delegatom- wszelkiej pomy\u015blno\u015bci w \u017cyciu organizacyjnym i osobistym oraz zachowania w sercu przynale\u017cno\u015bci do naszego narodu.<\/p>\r\n<p>Go\u015bciom za\u015b \u017cycz\u0119, aby na Zje\u017adzie USOPA\u0141 na\u0142adowali swoje akumulatory patriotyzmem i nie ustawali w staraniach o du\u017ce i te ma\u0142e sprawy polskie.<\/p>\r\n<p>26-27 lipca 2013 r.<\/p>\r\n<p>Patriotyczny Klub Dyskusyjny w Nowym Jorku i Redakcja \u201ePatriotycznego Ruchu Polski\u201d<\/p>\r\n<p style=\"text-align: center;\">___________________________________________________________________<\/p>\r\n<h4 style=\"text-align: center;\"><b>Przem\u00f3wienie Krzysztofa Koczwary\u00a0<\/b><\/h4>\r\n<p style=\"text-align: center;\"><i>Laudatio na cze\u015b\u0107 Dostojnego Jubilata<\/i><\/p>\r\n<p style=\"text-align: center;\"><i>Ekscelencji &#8211; sp\u00f3\u0142czesnego Hetmana Najja\u015bniejszej Rzeczypospolitej<\/i><\/p>\r\n<p style=\"text-align: center;\"><i>Jana Kobyla\u0144skiego z R\u00f3wnego na Kresach, herbu Lubicz.<\/i><\/p>\r\n<p><i>\u00a0<\/i><\/p>\r\n<p><i>\u00a0<\/i><\/p>\r\n<p>Zacno\u015bci wszelkiej i szlachetno\u015bci wielorakiej &#8211; Wielce Dostojny Jubilacie !<\/p>\r\n<p>Prze\u015bwietni Pa\u0144stwo &#8211; uczestnicy podnios\u0142ej celebracji.<\/p>\r\n<p>Dost\u0119puj\u0105c zaszczytnej sposobno\u015bci uczestniczenia w szczeg\u00f3lnym Jubileuszu 90. mgnienia wiosny Pana Prezesa, a tak\u017ce 20-lecia istnienia USOPA\u0141-u, nie spos\u00f3b w kr\u00f3tkim, acz przekrojowym s\u0142owie, podzieli\u0107 si\u0119 refleksyjn\u0105 my\u015bl\u0105, tych\u017ce okazyi i zdarze\u0144 dotycz\u0105c\u0105.<\/p>\r\n<p>Maj\u0105c natomiast na wzgl\u0119dzie, i\u017c najistotniejsze, zasadnicze i b\u0119d\u0105ce kwintesencj\u0105 owego podnios\u0142ego wydarzenia s\u0142owa, zawarte zosta\u0142y w okazjonalnym wpisie Z\u0142otej Ksi\u0119gi, przeto, jako swoiste repetitio mater studiorum, przed\u0142o\u017c\u0119 one s\u0142owa w formie oratoryjnej, ubogacaj\u0105c je o znacz\u0105ce, pe\u0142ne ufnej nadziei, otuchy i zarazem wiary w pomy\u015blniejsze jutro naszej umi\u0142owanej Ojczyzny &#8211; Polski, my\u015bli.<\/p>\r\n<p>Niech ona refleksja, oparta o kanw\u0119 sentencji staro\u017cytnego M\u0119drca, Seneki: <i>&#8222;Vita, si uti scias, longa est &#8211; \u0179ycie jest (istotnie) d\u0142ugie, je\u015bli tylko umiesz go u\u017cywac\u201d, <\/i>b\u0119dzie cho\u0107 cz\u0119\u015bciow\u0105 odpowiedzi\u0105, co te\u017c stanowi o wszelkiej przyczynie nie tyle sukcesu, co raczej trwa\u0142o\u015bci i ca\u0142kowitego oddania Ojczy\u017cnie &#8211; Polsce Jana Kobyla\u0144skiego z R\u00f3wnego na Wo\u0142yniu.<\/p>\r\n<p>Z pewno\u015bci\u0105 \u00f3w g\u0142\u0119boki i autentyczny patriotyzm Jubilata ma swoje \u017cr\u00f3d\u0142o w\u0142a\u015bnie w Kresach &#8211; Kresach, kt\u00f3re w czasach \u015bwietno\u015bci by\u0142y swego rodzaju ku\u017cnic\u0105 i zwornikiem Rzeczypospolitej Obojga Narod\u00f3w, co to nigdy przedtem ni potem nie mia\u0142a i nie znalaz\u0142a sobie r\u00f3wnie godnych na\u015bladowc\u00f3w w tworzeniu i realizowaniu spo\u0142eczno-politycznej wizji, tak w granicach kontynentu europejskiego, jak i poza granicami tego &#8211; \u2018na wskro\u015b przenikni\u0119tego duchem <i>humanitas &#8211; <\/i>obszaru\u2019.*<\/p>\r\n<p>Dlatego te\u017c wszelkie inicjatywy, podejmowane dzia\u0142ania, r\u00f3\u017cnorakie przedsi\u0119wzi\u0119cia i ca\u0142okszta\u0142t szerokiego wachlarza pomocy i wsparcia wszystkiego co &#8222;<i>Polsk\u0119 i o Polsce stanowi\u201d,* <\/i>\u00a0czynione na przestrzeni wielu lat przez Dostojnego Jubilata, to zda si\u0119 praprzyczyna, ale i zarazem konsekwencja lat dzieci\u0144stwa oraz wiosen wzrastania w bujno\u015bci, ale nie bujno\u015bci kwiecia i zieleni owych Kres\u00f3w, co raczej wzrastania w bujno\u015bci wiary, tradycji i patriotyzmu, kt\u00f3rym to przymiotom nikt i nijak Kresom nie jest w stanie zaprzeczy\u0107, a nawet w najmniejszym stopniu przymiot\u00f3w powy\u017cszych podwa\u017cy\u0107.<\/p>\r\n<p>Jak\u017ce wymownie na tle powy\u017cszego wybrzmiewaj\u0105 s\u0142owa, kt\u00f3re dane mi by\u0142o przytoczy\u0107 w okoliczno\u015bciowym przem\u00f3wieniu do uczestnik\u00f3w XIV Walnego Zebrania USOPA\u0141-u, w dniu 23 listopada 2008 roku, a mianowicie:\u00a0 <i>&#8222;(\u2026) s\u0142owa, kt\u00f3re kieruj\u0119, s\u0105 jednocze\u015bnie wyrazem podzi\u0119ki, uznania i szacunku zar\u00f3wno dla samej organizacji jak\u0105 jest USOPA\u0141, jak i dla jej Prezesa, kt\u00f3ry b\u0119d\u0105c synem um\u0119czonej ziemi wo\u0142y\u0144skiej, maj\u0105c \u015bwiadomo\u015b\u0107 \u2018ca\u0142ego dziedzictwa, kt\u00f3remu na imi\u0119 Polska\u2019,*\u00a0 z oddaniem, niezachwian\u0105 wiar\u0105, pokor\u0105 wobec Boga i zawierzeniem Maryi podj\u0105\u0142 si\u0119 dzie\u0142a jednoczenia Polak\u00f3w na kontynencie po\u0142udniowo-ameryka\u0144skim, daj\u0105c przyk\u0142ad wszystkim Polakom w kraju i na emigracji, w oparciu o jakie warto\u015bci i na jakich fundamentach owego zjednoczenia mo\u017cna dokona\u0107, a \u015bwietno\u015b\u0107 przysz\u0142ych dziej\u00f3w Polski tworzy\u0107.<\/i><\/p>\r\n<p><i>\/\u2026\/ Uwzgl\u0119dniaj\u0105c powy\u017csze \u015bmia\u0142o mo\u017cna stwierdzi\u0107, i\u017c Pan Prezes poprzez swoj\u0105 dotychczasow\u0105 dzia\u0142alno\u015b\u0107 i wszelakie dokonania na rzecz Ojczyzny &#8211; Polski, wpisuje si\u0119 w poczet tych postaci, wobec kt\u00f3rych u\u017cywamy zasadnego okre\u015blenia, i\u017c s\u0105 \u2018antemurale christianitatis\u2019 &#8222;.<\/i><\/p>\r\n<p><i>\u00a0<\/i><\/p>\r\n<p>Ju\u017c w roku kolejnym, w trakcie trwania XV Zjazdu tej szlachetnej organizacji, kt\u00f3r\u0105 powo\u0142a\u0142 do istnienia Dostojny Jubilat, w swoim s\u0142owie przewodnim, b\u0119d\u0105cym <i>&#8222;Pie\u015bni\u0105 dla Jana, pos\u0142an\u0105 jak mewa przez Oceanu ruchome p\u0142aszczyzny, \/ kt\u00f3ra w\u0105tpi czy JEJ obywateli zastanie wolnymi, a jednocze\u015bnie ufa i ma nadziej\u0119 oraz pewno\u015b\u0107 \/, \u017ce nim pie\u015b\u0144 dojrzy, cz\u0142owiek nieraz skona, a ni\u017cli skona pie\u015b\u0144, nar\u00f3d pierw wstanie\u201d &#8211; \/ Por. C.K. Norwid, Do obywatela Johna Brown \/, m\u00f3wi\u0142em:<\/i><\/p>\r\n<p><i>&#8222;Jan Kobyla\u0144ski maj\u0105c \u015bwiadomo\u015b\u0107, i\u017c \u2018Polacy powinni by\u0107 jak or\u0142y\u2019, co za Kardyna\u0142em Stefanem Wyszy\u0144skim przypomina\u0142 dzi\u015b ju\u017c b\u0142. Ksi\u0105dz Jerzy Popie\u0142uszko, \/ dla wielu z nas tu obecnych nieod\u017ca\u0142owany i drogi Jurek \/\u00a0 ma jednocze\u015bnie odwag\u0119, by na wz\u00f3r Or\u0142a, w spos\u00f3b dumny, godny, dostojny, ale i zdecydowany upomina\u0107 si\u0119 zar\u00f3wno o Polsk\u0119 wiern\u0105 Krzy\u017cowi i Ewangelii, co r\u00f3wnie\u017c o poszanowanie wszelkich praw, kt\u00f3re z tysi\u0105cletniej, chrze\u015bcija\u0144skiej tradycji Narodu Polskiego wyp\u0142ywaj\u0105 i w tej tradycji s\u0105 zakorzenione\u201d.<\/i><\/p>\r\n<p>Nast\u0119pnie dodawa\u0142em: <i>&#8222;Wracaj\u0105c do w\u0105tku przywi\u0105zania, oddania i umi\u0142owania oraz po\u015bwi\u0119cenia si\u0119 dla Ojczyzny przez USOPA\u0141 i jego Tw\u00f3rc\u0119, to czy\u017c zewn\u0119trznym wyrazem owej mi\u0142o\u015bci nie jest cho\u0107by sam wygl\u0105d zewn\u0119trzny domostw Jana Kobyla\u0144skiego, w kt\u00f3rych na ka\u017cdym kroku nie brak patriotycznych pami\u0105tek, emblemat\u00f3w, upami\u0119tniaj\u0105cych historyczne wydarzenia obraz\u00f3w, a tak\u017ce wyra\u017caj\u0105cych g\u0142\u0119bok\u0105 wiar\u0119 symboli religijnych, dewocjonalii, ikon, figur czy wreszcie kaplic. Ju\u017c tylko przy samym wje\u017cdzie do tutejszej posiad\u0142o\u015bci (Punta del Este), trudno nie skojarzy\u0107 zastanego wygl\u0105du ze znanym nam wszystkim opisem z &#8222;Pana Tadeusza\u201d:<\/i><\/p>\r\n<p><i>\u00a0<\/i><\/p>\r\n<p><i>&#8222;\u015ar\u00f3d takich p\u00f3l (\u2026) nad brzegiem ruczaju,<\/i><\/p>\r\n<p><i>Na pag\u00f3rku niewielkim, we brzozowym gaju,<\/i><\/p>\r\n<p><i>Stoi dw\u00f3r szlachecki, z drzewa, lecz podmurowany;<\/i><\/p>\r\n<p><i>\u015awiec\u0105 si\u0119 z daleka pobielane \u015bciany.<\/i><\/p>\r\n<p><i>(\u2026) Dom mieszkalny niewielki, lecz zewsz\u0105d ch\u0119dogi\u2026<\/i><\/p>\r\n<p><i>\u00a0<\/i><\/p>\r\n<p><i>\/Wida\u0107\/, \u017ce w tym domu dostatek mieszka i porz\u0105dek.<\/i><\/p>\r\n<p><i>Brama na w\u015bci\u0105\u017c otwarta przechodniom og\u0142asza,<\/i><\/p>\r\n<p><i>\u0179e go\u015bcinna i wszystkich w go\u015bcin\u0119 zaprasza\u201d.<\/i><\/p>\r\n<p><i>\u00a0<\/i><\/p>\r\n<p>W kontek\u015bcie zaproszenia mo\u017cemy dopowiedzie\u0107, i\u017c jedynie od zaproszonych zale\u017cy czy z go\u015bciny w\u0142a\u015bciwie skorzystaj\u0105, czy raczej j\u0105 wykorzystaj\u0105. Czy w biciu zegarowych kurant\u00f3w us\u0142ysz\u0105 d\u017cwi\u0119ki Mazurka D\u0105browskiego, by nastroi\u0107 nimi swoje serca, dusze i umys\u0142y, czy raczej pozostan\u0105 <i>&#8222;brz\u0119cz\u0105cymi cymba\u0142ami dudni\u0105cymi i brz\u0119kaj\u0105cymi frazesami niczym mied\u017c w \u015bwi\u0119ta pami\u0105tek narodowych\u201d, <\/i>o czym dasadnie przypomina\u0142 i napomina\u0142 w li\u015bcie pasterskim na Wielki Post 1923 roku &#8222;O mi\u0142o\u015bci Ojczyzny\u201d, \u015bw. abp J\u00f3zef Bilczewski &#8211; metropolita lwowski, a co r\u00f3wnie\u017c szczeg\u00f3\u0142owo przytacza\u0142em w trakcie obrad jednego ze Zjazd\u00f3w.<\/p>\r\n<p>Z kolei w podzi\u0119kowaniu za okazywan\u0105 ze strony Gospodarza walnych zebra\u0144 i\u015bcie staropolsk\u0105 go\u015bcin\u0119, gdzie &#8222;<i>nie tylko nie brak \u017cyczliwo\u015bci, ale i jad\u0142a wybornego i trunku przedniego\u201d,<\/i> pisa\u0142em w imieniu w\u0142asnym, jak i w imieniu autonomicznego delegata na Zjazd z New Jersey, pana Leszka Surowca, cytuj\u0119: <i>&#8222;(\u2026) Wesp\u00f3\u0142 z panem Leszkiem pragniemy raz jeszcze bardzo gor\u0105co podzi\u0119kowa\u0107 za wszystko czego do\u015bwiadczyli\u015bmy w czasie trwania obrad USOPA\u0141-u (\u2026)<\/i><\/p>\r\n<p><i>Dzi\u0119kujemy za ow\u0105 i\u015bcie staropolsk\u0105 go\u015bcin\u0119 oraz s\u0142owia\u0144ski gest, kt\u00f3ry czerpi\u0105c z piastowskiej tradycji Pa\u0144stwa Polskiego i \u015bwietno\u015bci czasu Jagiellon\u00f3w, nie zwa\u017caj\u0105c na okoliczno\u015bci i osob\u0119 w\u0142asn\u0105, kieruje si\u0119 wy\u0142\u0105cznie nakazem serca, wszystkich go\u015bci ogarniaj\u0105c t\u0105\u017c sam\u0105 serdeczno\u015bci\u0105 i uznaniem.\u00a0 (\u2026) Towarzysz\u0105cy obradom duch zaw\u017cdy polski, emmanuj\u0105cy poza ramy samego zjazdu, do ka\u017cdego miejsca \u2018gdzie jest Polak &#8211; tam r\u00f3wnie\u017c jest Polska\u2019 \/ Por. Ks. Pra\u0142at Henryk Jankowski \/, to zacny i szlachetny przyk\u0142ad stanowi\u0105cy zach\u0119t\u0119, ale i daj\u0105cy si\u0142\u0119, by post\u0119powa\u0107 podobnie. Dlatego za ca\u0142okszta\u0142t tych\u017ce warto\u015bci, kt\u00f3rym pozostaje Pan wierny, i kt\u00f3re z tak\u0105 determinacj\u0105 i niez\u0142omn\u0105 odwag\u0105 Pan reprezentuje na publicznym forum mi\u0119dzynarodowym, zw\u0142aszcza w Ameryce \u0141aci\u0144skiej, raz jeszcze nasza bezgraniczna i pe\u0142na uznania podzi\u0119ka\u201d.<\/i><\/p>\r\n<p><i>\u00a0<\/i><\/p>\r\n<p>Z pewno\u015bci\u0105 mo\u017cna by jeszcze d\u0142ugo wymienia\u0107 wielorakie zas\u0142ugi, kt\u00f3rymi Dostojny Jubilat za\u015bwiadcza o przeogromnym przywi\u0105zaniu do Ojczyzny &#8211; Polski. Z pewno\u015bci\u0105 nie brak b\u0119dzie tych przyk\u0142ad\u00f3w na wielu stronicach Z\u0142otej Ksi\u0119gi, na kt\u00f3rych inni przezacni autorzy nie omieszkaj\u0105 wyszczeg\u00f3lni\u0107 r\u00f3\u017cnorakich inicjatyw podejmowanych przez Jana Kobyla\u0144skiego pro publico bono. Niemniej, zbli\u017caj\u0105c si\u0119 do wspomnieniowej finalizacji i refleksji dotycz\u0105cych Donios\u0142ej Rocznicy 90. Urodzin i 20 &#8211; lecia istnienia USOPA\u0141, nie mog\u0119 zaniecha\u0107 przypomnienia jeszcze jednego cytatu z przytaczanego ju\u017c s\u0142owa okoliczno\u015bciowego, towarzysz\u0105cego XV. obradom Zjazdu tej\u017ce znacz\u0105cej w Ameryce \u0141aci\u0144skiej, ale i na \u015bwiecie<\/p>\r\n<p>organizacji. W tym\u017ce okoliczno\u015bciowym przem\u00f3wieniu zamie\u015bci\u0142em w\u00f3wczas s\u0142owa b\u0142ogos\u0142awionego Jana Paw\u0142a II, kt\u00f3re w czasie swojej 33. podr\u00f3\u017cy apostolskiej do Urugwaju, Chile i Argentyny w kwietniu 1987 roku skierowa\u0142 do obecnych w tych krajach rodak\u00f3w.<\/p>\r\n<p>Mianowicie: &#8222;<i>(\u2026) Zachowujcie zatem \u015bwiadomo\u015b\u0107 osobistej i spo\u0142ecznej odpowiedzialno\u015bci za dziedzictwo Waszego Chrztu. Zachowujcie \u017cyw\u0105 wi\u0119\u017c z narodem i Ko\u015bcio\u0142em: wi\u0119\u017c wiary, kultury, mowy ojczystej, tradycji. \/ Strzeg\u0105c \/\u00a0 tego bogatego dziedzictwa, pomna\u017cajcie to bogactwo poprzez prac\u0119 nad budowaniem takiego spo\u0142ecze\u0144stwa, w kt\u00f3rym zakwitnie w pe\u0142ni sprawiedliwo\u015b\u0107 i pok\u00f3j Chrystusowy\u201d.\u00a0 <\/i>Nast\u0119pnie, id\u0105c tokiem papieskich my\u015bli, kontynuowa\u0142em od siebie:\u00a0 <i>&#8222;Jan Kobyla\u0144ski, zach\u0119cony i umocniony tymi s\u0142owami, dokonuje rych\u0142o rzeczy niezwyk\u0142ej. Oto w kraju, w kt\u00f3rym w\u0142adze swego czasu nakaza\u0142y pisanie s\u0142owa &#8222;B\u00d3G\u201d ma\u0142\u0105 liter\u0105, stawia pomnik przedstawiaj\u0105cy Ojca \u015awi\u0119tego oraz olbrzymi Krzy\u017c, i to w centralnym punkcie stolicy pa\u0144stwa. <\/i><\/p>\r\n<p><i>\u00a0<\/i><\/p>\r\n<p><i>Kt\u00f3ry\u017c ze wsp\u00f3\u0142czesnych polityk\u00f3w i os\u00f3b zajmuj\u0105cych publiczne funkcje, nie tylko w Polsce, a zarazem przyznaj\u0105cy si\u0119 do bycia chrze\u015bcijaninem i katolikiem, mo\u017ce pochwali\u0107 si\u0119 podobn\u0105 skuteczno\u015bci\u0105 w realizowaniu papieskiego nauczania i budowy modelu &#8211; koncepcji Civitas Dei?<\/i><\/p>\r\n<p><i>\u00a0<\/i><\/p>\r\n<p><i>S\u0142usznie zatem mo\u017cna powiedzie\u0107 za poet\u0105, \u017ce prezes Jan Kobyla\u0144ski, w\u0142a\u015bnie w imi\u0119 tej wolno\u015bci, poprzez pe\u0142n\u0105 determinacji dzia\u0142alno\u015b\u0107 na rzecz \u015bwiadczenia o Polsce w \u015bwiecie, to <\/i><\/p>\r\n<p><i>&#8222;TEN! \u2026 co Polsk\u0119 g\u0142osi od zenitu Wszechdoskona\u0142o\u015bci Dziej\u00f3w (\u2026) Polsk\u0119 &#8211; przemienionych ko\u0142odziej\u00f3w\u201d.<\/i><\/p>\r\n<p>Dzi\u015b, w kontek\u015bcie powy\u017cszego, a zw\u0142aszcza w kontek\u015bcie wielu atak\u00f3w pod adresem Pana Prezesa, cho\u0107by tych ostatnich, na \u0142amach wiadomych gazet, mo\u017cemy dopowiedzie\u0107 i zarazem stwierdzi\u0107, \u017ce dopuszczaj\u0105cy si\u0119 owej niegodziwo\u015bci nie maj\u0105 tak naprawd\u0119 nic wsp\u00f3lnego ani z Polsk\u0105, ani tym bardziej ze wspomnian\u0105 powy\u017cej koncepcj\u0105 Civitas Dei. S\u0105 raczej ow\u0105 &#8222;synagog\u0105 szatana\u201d i owymi judaizantami, o kt\u00f3rych imiennik Jubilata, Jan Chryzostom (Z\u0142otousty), biskup Konstantynopola, w swojej mowie &#8222;Adversus Iudaeos orationes\u201d powie: <i>&#8222;Synagoga nie proponuje niczego co by j\u0105 czyni\u0142o lepsz\u0105 od teatru. Skoro bowiem nie uznaj\u0105 Ojca, ukrzy\u017cowali Syna i odrzucili asystencj\u0119 Ducha \u015awi\u0119tego, kt\u00f3\u017c zatem \u015bmia\u0142by zaprzeczy\u0107, \u017ce synagoga jest siedliskiem demon\u00f3w? Jest to chram ba\u0142wochwalstwa; niekt\u00f3rzy za\u015b zbli\u017caj\u0105 si\u0119 do tych miejsc, jakby do sanktuarium. \/\u2026\/ Wielu nawet i dzi\u015b ich powa\u017ca, a obrz\u0119dy ich, (s\u0142owa, opinie, artyku\u0142y, wyroki s\u0105dowe, orzeczenia) za godziwe uznaje. Tote\u017c mow\u0105 ow\u0105 \u015bpiesz\u0119, by wykorzeni\u0107 to zgubne mniemanie\u201d.*<\/i><\/p>\r\n<p><i>\u00a0<\/i><\/p>\r\n<p>Wsp\u00f3\u0142cze\u015bnie za Janem Chryzostomem, obecny papie\u017c Franciszek dodaje: <i>&#8222;(\u2026) Oszczerstwo zabija tego, kto nim si\u0119 pos\u0142uguje\u2026 Prowadzi do szata\u0144skiej nienawi\u015bci, w kt\u00f3rej trwanie jest \u015bmierci\u0105. \/ Zreszt\u0105 \/\u00a0 rodzi si\u0119 ono zawsze z nienawi\u015bci. A tym, kto nienawidzi, jest szatanem.<\/i><\/p>\r\n<p><i>Nie ma w\u0105tpliwo\u015bci co do tego, \u017ce gdzie jest oszczerstwo tam jest sam szatan.<\/i><\/p>\r\n<p><i>Oszczerstwo jest grzechem ( i ) nie jest &#8222;lekkim powiewem, jak \u015bpiewa\u0142 Don Basilio w Cyruliku sewilskim, lecz silnym wiatrem\u201d.\u00a0 \/ <\/i>Homilia z 15 kwietnia br. \/.<\/p>\r\n<p>Czy owi atakuj\u0105cy i oszczercy wyci\u0105gn\u0105 jakiekolwiek wnioski z tych\u017ce poucze\u0144?\u00a0 Raczej, a nawet na pewno, \u017cadnych. A wszystko dlatego, \u017ce b\u0119d\u0105c owymi judaizantami, nawet z polskobrzmi\u0105cymi nazwiskami i takim\u017ce obywatelstwem przynale\u017c\u0105 do tych, o kt\u00f3rych s\u0142owami Henryka Sienkiewicza mo\u017cna powiedzie\u0107: <i>&#8222;Jeszczem te\u017c takiego cz\u0142eka nie widzia\u0142, kt\u00f3ry by si\u0119 z nimi zetkn\u0105\u0142, a krzywdy i uciemi\u0119\u017cenia nie dozna\u0142. Tak jak i ca\u0142e nasze kr\u00f3lestwo! Ni Litwa przed krztem \u015bwi\u0119tym, ni Tatarzy nie byli mu ci\u0119\u017csi od tych diabelskich (syn\u00f3w Belzebuba)\u201d.<\/i><\/p>\r\n<p><i>\/ <\/i>Por. Henryk Sienkiewicz, Krzy\u017cacy \/.<\/p>\r\n<p>Szanowni Pa\u0144stwo!\u00a0 Obecnie rzecz dotyczy nie tylko Polski, ale zda si\u0119, ka\u017cdego ju\u017c pa\u0144stwa.<\/p>\r\n<p>Dlatego niepodobnym jest, by napraw\u0119 i uzdrowienie sytuacji spo\u0142eczno &#8211; politycznej kt\u00f3regokolwiek z pa\u0144stw, czy wreszcie podj\u0119cie wyzwania rechrystianizacji Europy w trzecim tysi\u0105cleciu chrze\u015bcija\u0144stwa, mo\u017cna by\u0142o dokona\u0107 bez wcze\u015bniejszej dejudaizacji \u017cycia spo\u0142ecznego. Odsy\u0142am do Konecznego i na tym ko\u0144cz\u0119 \u00f3w w\u0105tek, gdy\u017c to temat na zupe\u0142nie osobn\u0105 konferencj\u0119.<\/p>\r\n<p>Powr\u00f3\u0107my do osoby Najdostojniejszego Jubilata i tre\u015bci jednych z \u017cycze\u0144, jakie skierowa\u0142em w Jego imienne \u015bwi\u0119to, a kt\u00f3re ponawiam tak\u017ce i dzi\u015b: <i>&#8222;\u0179ycz\u0105c wszelkiego dobra (\u2026), \u017cycz\u0119 tak\u017ce mocy i wytrwa\u0142ej gorliwo\u015bci, dzi\u0119ki kt\u00f3rej &#8211; niezale\u017cnie od ludzkich upodoba\u0144, koniunktury, mod\u0142y, czy panuj\u0105cych system\u00f3w i zgubnych dla Ojczyzny odm\u0119t\u00f3w &#8211; wci\u0105\u017c, pod bia\u0142o-czerwon\u0105 bander\u0105, nawet w odleg\u0142ej przystani, \u2018gdzie nad tropikiem \u015bwieci Krzy\u017ca Konstelacja\u2019 &#8211; niech SOLENIZANT &#8211; JUBILAT utrzymuje niezmienny kurs frachtowca &#8222;POLSKA\u201d, z kt\u00f3rego dokona\u0144 i postawy, owej polsko\u015bci uczy\u0107 si\u0119 mo\u017ce \u2018nawet dw\u00f3r andegawe\u0144ski\u2019.* <\/i><\/p>\r\n<p><i>\u00a0<\/i><\/p>\r\n<p><i>Niech przy wsparciu Bo\u017cej Opatrzno\u015bci i przez wstawiennictwo \u015bwi\u0119tego, m\u0119\u017cnego Patrona, kt\u00f3ren samemu judejskiemu w\u0142adcy, a wi\u0119c mo\u017cnym i wp\u0142ywowym tego \u015bwiata, mia\u0142 odwag\u0119 wytkn\u0105\u0107 zaprza\u0144stwo, sromot\u0119 i niegodziwo\u015b\u0107 &#8211; gratuluj\u0105c jednocze\u015bnie podobnej postawy ze strony Pana Prezesa, \u017cycz\u0119 tak\u017ce spotykania na swojej drodze \u017cyczliwych sobie rodak\u00f3w &#8211; bli\u017cnich, kt\u00f3rzy oka\u017c\u0105 si\u0119 godni przyjmowania i rozumienia wszelkich my\u015bli i poczyna\u0144, a kt\u00f3rym podobnie do JUBILATA, co znakomicie zosta\u0142o przedstawione i przypomniane przez braci S\u0142owian &#8211; Rosjan w filmie o Annie German, w spos\u00f3b bezinteresowny: \u2026\u2026\u2026\u2026\u2026\u2026\u2026\u2026\u2026\u2026\u2026\u2026\u2026\u2026\u2026\u2026\u2026\u2026\u2026\u2026\u2026\u2026\u2026\u2026\u2026\u2026\u2026\u2026\u2026\u2026\u2026\u2026\u2026\u2026\u2026\u2026\u2026\u2026\u2026\u2026\u2026\u2026\u2026\u2026\u2026..<\/i><\/p>\r\n<p><i>\u2026\u2026\u2026\u2026\u2026\u2026\u2026\u2026\u2026\u2026\u2026\u2026\u2026\u2026\u2026\u2026\u2026\u2026\u2026\u2026\u2026\u2026\u2026\u2026\u2026\u2026\u2026\u2026\u2026\u2026\u2026\u2026\u2026\u2026\u2026\u2026\u2026\u2026\u2026\u2026\u2026\u2026\u2026\u2026\u2026..<\/i><\/p>\r\n<p><i>\u2026\u2026\u2026\u2026\u2026\u2026\u2026\u2026\u2026\u2026\u2026\u2026\u2026\u2026\u2026\u2026\u2026\u2026\u2026\u2026\u2026\u2026\u2026\u2026\u2026\u2026\u2026\u2026\u2026\u2026\u2026\u2026\u2026\u2026\u2026\u2026\u2026\u2026\u2026\u2026\u2026\u2026\u2026\u2026\u2026..<\/i><\/p>\r\n<p><i>\u00a0<\/i><\/p>\r\n<p><i>\u00a0 &#8222;Nadzieja wyznacza mi drog\u0119 i dodaje si\u0142, <\/i><\/p>\r\n<p><i>\u00a0\u00a0 A szcz\u0119\u015bcie &#8211; nagroda za odwag\u0119.<\/i><\/p>\r\n<p><i>\u00a0\u00a0 A pie\u015b\u0144 &#8211; wszystko jedno &#8211; byle motyw w niej by\u0142 o DOMU &#8211; (POLSCE), <\/i><\/p>\r\n<p><i>\u00a0\u00a0 i to\u00a0 ( IM &#8211; JEMU; czy nam tak\u017ce? ) &#8211; wystarcza\u2026\u201d<\/i><\/p>\r\n<p><i>\u00a0 ( Wystarcza, by tej Polsce s\u0142u\u017cy\u0107 i dla Niej si\u0119 po\u015bwi\u0119ca\u0107 ).<\/i><\/p>\r\n<p><i>\u00a0<\/i><\/p>\r\n<p>Z pewno\u015bci\u0105 i teraz, na okoliczno\u015b\u0107 donios\u0142ej i podnios\u0142ej rocznicy 90. Urodzin, Dostojnemu Jubilatowi mo\u017cna \u017cyczy\u0107 podobnie, by pozostawa\u0142 owym <i>&#8222;Kawalerem &#8211; Husarzem, Rycerzem &#8211; Hetmanem, kt\u00f3ry za prawd\u0105 goni przeciwko smokom, jadom, kulom, grotom\u2026\u201d\u00a0 By pomny na s\u0142owa staro\u017cytnego m\u0119drca Lukrecjusza, i\u017c: &#8222;Vita mancipio nulli datur, omnibus usu &#8211; \u0179ycia nikt nie otrzymuje na w\u0142asno\u015b\u0107, lecz wszyscy do u\u017cytku\u201d, by pozostawa\u0142 owym M\u0118\u0179EM, o kt\u00f3rym Juliusz S\u0142owacki ( w pewnym sensie krajan Pana Prezesa) w utworze &#8222;Sen srebrny Salomei\u201d powie: &#8222;Cz\u0142owiek silnej r\u0119ki! Cz\u0142owiek du\u017cy! Takich nie ma ju\u017c dzisiaj na ziemi!\u201d, a wybitny pisarz rosyjski, Lew To\u0142stoj, uzupe\u0142ni s\u0142owami Anny Kareniny: &#8222;(\u2026) Jest to cz\u0142owiek konserwatywny, ale wielkiej zacno\u015bci (\u2026) mimo wszystko prawy, dobry, szlachetny i wybitny w swej specjalno\u015bci\u201d.<\/i><\/p>\r\n<p><i>\u00a0<\/i><\/p>\r\n<p>Dlatego wsp\u00f3lnie, za najwybitniejszym polskim wieszczem narodowym, Cyprianem Kamilem Norwidem, dodajmy: <i>&#8222;Moj\u017cesz &#8211; wiek blisko prze\u017cywszy, powstawa Wyswobodzicielem ludu &#8211; Heroizm czysty wcze\u015bnie nie dostawa, i nie dostawa &#8211; bez cudu\u201d.<\/i><\/p>\r\n<p><i>\u00a0<\/i><\/p>\r\n<p>Nie bez kozery cytuj\u0119 na koniec s\u0142owa Wieszcza z jego utworu &#8222;Bohater\u201d, bo Dostojny Jubilat poprzez swe wiekopomne dokonania dla Ojczyzny, jest zarazem i owym Moj\u017ceszem i Bohaterem, M\u0119\u017cem Stanu i Pierwszym Hetmanem Najja\u015bniejszej Rzeczypospolitej.<\/p>\r\n<p>St\u0105d zasadny i nale\u017cny toast oraz zawo\u0142anie kraju Katolickich Kr\u00f3l\u00f3w &#8211; zawo\u0142anie cesarskie i kr\u00f3lewskie:<\/p>\r\n<p>Viva Quien Vence!\u00a0\u00a0 Vive l\u2019empereur!\u00a0\u00a0 Vivente Rege!<\/p>\r\n<p>VIVAT!\u00a0 VIVAT\u00a0 &#8211; JUBILAT !!!<\/p>\r\n<p><i>Krzysztof Koczwara<\/i><\/p>\r\n<p><i>Nowy Jork &#8211; Santa Cruz de Tenerife,<\/i><\/p>\r\n<p><i>20 &#8211; 26 lipca Anno Domini 2013<\/i><\/p>\r\n<p style=\"text-align: center;\">___________________________________________________________________<\/p>\r\n<p>&nbsp;<\/p>\r\n<h4 style=\"text-align: center;\"><b>Rezolucja spotkania roboczego organizacji z terenu Stan\u00f3w Zjednoczonych i Kanady<\/b><\/h4>\r\n<p align=\"center\">\u00a0<\/p>\r\n<p align=\"center\"><b>Rezolucja spotkania roboczego organizacji z terenu Stan\u00f3w Zjednoczonych i Kanady, kt\u00f3re odby\u0142o si\u0119 podczas 20 Zjazdu USOPA\u0141 27 lipca 2013<\/b><\/p>\r\n<p><b>\u00a0<\/b><\/p>\r\n<p>Podczas zebrania roboczego pomi\u0119dzy przedstawicielami organizacji: Zwi\u0105zku Narodowego Polskiego w Kanadzie, Ligi Polonii i Jedno\u015bci Narodowej i Klubu Patriotycznego z Nowego Jorku obejmuj\u0105cego swoim zasi\u0119giem tak\u017ce stany New Jersey i Connecticut, zosta\u0142y powzi\u0119te nast\u0119puj\u0105ce postanowienia:<\/p>\r\n<p>&nbsp;<\/p>\r\n<p>Rozpocz\u0105\u0107 w trybie natychmiastowym wsp\u00f3\u0142prac\u0119 maj\u0105c\u0105 na celu zorganizowanie forum dyskusji dla wszystkich zainteresowanych organizacji polskich z terenu Stan\u00f3w Zjednoczonych, Kanady, a tak\u017ce organizacji zrzeszonych w USOPAL<\/p>\r\n<p>&nbsp;<\/p>\r\n<p>Jeszcze w tym roku zorganizujemy zjazd przedstawicieli tworz\u0105cego si\u0119 forum, kt\u00f3re umo\u017cliwi organizacjom wymian\u0119 do\u015bwiadcze\u0144 i pogl\u0105d\u00f3w celem zjednoczenia si\u0119 w ruchu narodowo- patriotycznych.<\/p>\r\n<p>&nbsp;<\/p>\r\n<p>Jednocze\u015bnie deklarujemy ca\u0142kowit\u0105 otwarto\u015b\u0107 naszego przedsi\u0119wzi\u0119cia na blisk\u0105 wsp\u00f3\u0142prac\u0119 z organizacjami polskimi z terenu Polski jak i pozosta\u0142ych kraj\u00f3w Europy i \u015awiata dzia\u0142aj\u0105cymi w duchu narodowo-patriotycznym<\/p>\r\n<p>&nbsp;<\/p>\r\n<p>Podpisani<\/p>\r\n<p>&nbsp;<\/p>\r\n<p>Bogus\u0142aw Jacek Bukin<\/p>\r\n<p>prezes Zwi\u0105zku Narodowego Polskiego w Kanadzie<\/p>\r\n<p>&nbsp;<\/p>\r\n<p>Krzysztof Koczwara<\/p>\r\n<p>prezes Ligii Polonii i Jedno\u015bci Narodowej<\/p>\r\n<p>&nbsp;<\/p>\r\n<p>J\u00f3zef Guzik<\/p>\r\n<p>Klub Patriotyczny z NY<\/p>\r\n<p>&nbsp;<\/p>\r\n<p>Marek Wysocki<\/p>\r\n<p>Klub Patriotyczny z NY<\/p>\r\n<p>&nbsp;<\/p>\r\n<p>Tenerife 27 lipiec 2013<\/p>\r\n<p>&nbsp;<\/p>\r\n<p>&nbsp;<\/p>\r\n<p>Komentarz Prezesa Jana Kobyla\u0144skiego odno\u015bnie porozumienia przedstawicieli z USA i Kanady:<\/p>\r\n<p>Gratuluj\u0119! To jest naprawd\u0119 dzi\u015b wielki sukces! Chc\u0119 wyrazi\u0107 gratulacje w\u00a0imieniu moim i ca\u0142ej sali za to porozumienie tak dzi\u015b wa\u017cne, historyczne, w\u015br\u00f3d tych pan\u00f3w delegat\u00f3w. I pragn\u0119 powt\u00f3rzy\u0107, i\u017c mam nadziej\u0119, \u017ce m\u0142odzie\u017c tu obecna i ich organizacje zawr\u0105 r\u00f3wnie\u017c wewn\u0119trzne porozumienie i o ile nie ostateczne dzisiaj, to przynajmniej oddane do decyzji i wsp\u00f3\u0142pracy.<\/p>\r\n<p style=\"text-align: center;\">___________________________________________________________________<\/p>\r\n<p>&nbsp;<\/p>\r\n<h4 style=\"text-align: center;\"><b>Przem\u00f3wienie Przemys\u0142awa Holochera<\/b><\/h4>\r\n<p>&nbsp;<\/p>\r\n<p align=\"center\">Przem\u00f3wienie z okazji XX-lecia<\/p>\r\n<p align=\"center\">Unii Stowarzysze\u0144 i Organizacji Polskich Ameryki \u0141aci\u0144skiej<\/p>\r\n<p>&nbsp;<\/p>\r\n<p><b>Przemys\u0142aw Holocher, Ob\u00f3z Narodowo- Radykalny<\/b><\/p>\r\n<p>26 lipca 2013<\/p>\r\n<p>&nbsp;<\/p>\r\n<p>Szanowny Panie Prezesie, Czcigodni Ksi\u0119\u017ca, Szanowni Pa\u0144stwo,<\/p>\r\n<p>Jest mi niezmiernie mi\u0142o wyst\u0105pi\u0107 przed tak zacnym gronem, bardzo dzi\u0119kuj\u0119 za zaproszenie. Na tego typu spotkaniu jestem po raz pierwszy, dlatego korzystaj\u0105c z okazji, chcia\u0142bym powiedzie\u0107 kilka s\u0142\u00f3w o sobie. Prywatnie jestem ojcem, g\u0142ow\u0105 rodziny, a spo\u0142ecznie od wielu lat dzia\u0142am w Obozie Narodowo- Radykalnym, ruchu, kt\u00f3ry by\u0142 \u201epomys\u0142odawc\u0105\u201d Marszu Niepodleg\u0142o\u015bci i przez wiele lat jego wsp\u00f3\u0142organizatorem. Przez kilka ostatnich lat by\u0142em Kierownikiem G\u0142\u00f3wnym Obozu Narodowo-Radykalnego, w tej chwili jestem jego prezesem honorowym oraz zasiadam w Radzie Decyzyjnej Ruchu Narodowego. Pobyt tutaj jest cenny dla nas wszystkich, poniewa\u017c sytuacja, w kt\u00f3rej w chwili obecnej znajduje si\u0119 Polska przera\u017ca. Nasta\u0142a era dzielenia Polak\u00f3w. To ju\u017c w naszej historii si\u0119 dzia\u0142o, ale dzisiaj w odr\u00f3\u017cnieniu od przesz\u0142o\u015bci, niewielu ludzi zdaje sobie spraw\u0119 z tego, jakimi mechanizmami kieruj\u0105 si\u0119 nasi wrogowie. Nasta\u0142a era telewizji, ludzie stali si\u0119 leniwi, nie chc\u0105 czyta\u0107, nie chc\u0105 poznawa\u0107 prawdy. Dlatego jedno\u015b\u0107 Polak\u00f3w, troska o Polsk\u0119 jest dzisiaj wyj\u0105tkowo wa\u017cna. Jedno\u015b\u0107 jest wa\u017cna zar\u00f3wno w Ojczy\u017anie, jak i poza jej granicami. Prze\u015bladowa\u0144, szkalowania i plucia do\u015bwiadczamy codziennie. Ataki przychodz\u0105 z ka\u017cdej strony sceny politycznej, nie ma dzisiaj sojusznik\u00f3w w sejmie, poniewa\u017c tam w du\u017cej wi\u0119kszo\u015bci zasiadaj\u0105 zdrajcy, kt\u00f3rzy my\u015bl\u0105 tylko o swoim interesie i swojej kieszeni. A my obywatele Rzeczypospolitej na co dzie\u0144 do\u015bwiadczamy wysokich podatk\u00f3w, propagandy kt\u00f3ra m\u00f3wi, \u017ce rodzina to jest cos nienormalnego, ze trzeba zabija\u0107 nienarodzonych, plucia na Ko\u015bci\u00f3\u0142, zabijania przedsi\u0119biorczo\u015bci, poniewa\u017c okazuje si\u0119, ze przedsi\u0119biorstwa mog\u0105 prowadzi\u0107 tylko wielkie firmy i giganci, dla rodzimych przedsi\u0119biorc\u00f3w w Polsce nie ma miejsca, umniejszanie pozycji Polski na arenie mi\u0119dzynarodowej, s\u0142u\u017calczo\u015b\u0107 wobec obcych, prze\u015bladowanie patriot\u00f3w, to jest rzeczywisto\u015b\u0107, w kt\u00f3rej \u017cyjemy.<\/p>\r\n<p>Ale nast\u0119puje przebudzenie. Powolne, mozolne, ale napawa nadziej\u0105. Marsz Niepodleg\u0142o\u015bci rozpali\u0142 dziesi\u0105tki tysi\u0119cy polskich serc. Wdar\u0142 si\u0119(troch\u0119 przemoc\u0105) do polskich dom\u00f3w i g\u0142osi\u0142: Polacy, jeste\u015bcie u siebie, nie dajcie si\u0119 manipulowa\u0107. Ale dziesi\u0105tki tysi\u0119cy polskich serc to jeszcze za ma\u0142o, to wielki krok milowy, ale musimy i\u015b\u0107 dalej. Dlatego ruch narodowy przyst\u0105pi\u0142 do rozbudowy tego, co na zawsze mia\u0142o by\u0107 stracone i obiecuj\u0119, \u017ce do\u0142o\u017cymy wszelkich stara\u0144, aby zrealizowa\u0107 nasz cel, kt\u00f3ry jest r\u00f3wnie\u017c celem wielu Polak\u00f3w. Bardzo dzi\u0119kuj\u0119 za mo\u017cliwo\u015b\u0107 zabrania g\u0142osu. Czo\u0142em Wielkiej Polsce!<\/p>\r\n<p>Korzystaj\u0105c z okazji, Ob\u00f3z Narodowo-Radykalny moimi i mojej ma\u0142\u017conki r\u0119koma przesy\u0142a prezent dla Pana Prezesa, kt\u00f3ry by\u0107 mo\u017ce nie b\u0119dzie prezentem u\u017cytku codziennego, ale ma wielk\u0105 warto\u015b\u0107 mentaln\u0105. Jest owini\u0119ty w sztandar Obozu narodowo- Radykalnego, kt\u00f3ry sk\u0142adamy na r\u0119ce Pana Prezesa. Jest to szczerbiec. Dodatkowo chcieli\u015bmy symbolicznie podarowa\u0107 polski chleb, kt\u00f3ry przylecia\u0142 z nami z Polski<\/p>\r\n<p style=\"text-align: center;\">___________________________________________________________________<\/p>\r\n<p>&nbsp;<\/p>\r\n<h4 style=\"text-align: center;\"><b>O\u015bwiadczenie m\u0142odzie\u017cy narodowej odczytane przez Roberta Winnickiego<\/b><\/h4>\r\n<p align=\"right\">\u00a0<\/p>\r\n<p align=\"center\">O\u015bwiadczenie m\u0142odzie\u017cy narodowej odczytane przez Roberta Winnickiego<\/p>\r\n<p align=\"center\">27 lipca 2013 podczas XX-lecia USOPA\u0141<\/p>\r\n<p>&nbsp;<\/p>\r\n<p>Panie Prezesie,<\/p>\r\n<p>Podj\u0119li\u015bmy decyzj\u0119 o wydaniu takiej deklaracji zobowi\u0105zuj\u0105cej nas do dalszej pracy na gruncie krajowym. Odczytam teraz ten projekt.<\/p>\r\n<p>Delegacje ruchu narodowego oraz \u015brodowisk patriotycznych obecne na jubileuszowym Zje\u017adzie USOPA\u0141 w dniach 26-27 lipca 2013 roku sk\u0142adaj\u0105 wyrazy uznania i gratuluj\u0105 20-letniej imponuj\u0105cej dzia\u0142alno\u015bci Unii. Jeste\u015bmy przekonani, \u017ce aktywno\u015b\u0107 USOPA\u0141 na gruncie po\u0142udniowoameryka\u0144skim jest dobrym przyk\u0142adem dla organizacji dzia\u0142aj\u0105cych w kraju. W obliczu wyzwa\u0144 stoj\u0105cych przed Polsk\u0105 apelujemy do wszystkich \u015brodowisk narodowych i patriotycznych o mobilizacj\u0119 oraz d\u0105\u017cenie do narodowej jedno\u015bci. Proces budowania tej jedno\u015bci zosta\u0142 zapocz\u0105tkowany 8 czerwca br. Na Kongresie Ruchu Narodowego, podczas kt\u00f3rego kilkadziesi\u0105t organizacji og\u00f3lnopolskich i lokalnych podpisa\u0142o deklaracj\u0119 ideow\u0105 Ruchu. Zapraszamy kolejne organizacje i \u015brodowiska polskie zar\u00f3wno w kraju jak i za granic\u0105 do w\u0142\u0105czenia si\u0119 w ten proces. Deklarujemy, \u017ce 14 wrze\u015bnia w Warszawie odb\u0119dzie si\u0119 spotkanie Rady Decyzyjnej Ruchu Narodowego z przedstawicielami wszystkich \u015brodowisk zainteresowanych wsp\u00f3\u0142prac\u0105.<\/p>\r\n<p style=\"text-align: center;\">___________________________________________________________________<\/p>\r\n<p>&nbsp;<\/p>\r\n<h4 style=\"text-align: center;\"><b>Komentarz Prezesa Jana Kobyla\u0144skiego o pospolitym ruszeniu<\/b><\/h4>\r\n<p>&nbsp;<\/p>\r\n<p align=\"center\">Komentarz Prezesa Jana Kobyla\u0144skiego o pospolitym ruszeniu<\/p>\r\n<p>XX-lecie USOPA\u0141, 27 lipca 2013<\/p>\r\n<p>To co pan Prezes Kazimierz \u015awito\u0144 powiedzia\u0142, jest bardzo wa\u017cne, konieczne i s\u0142uszne. Trzeba i\u015b\u0107 do wybor\u00f3w, trzeba si\u0119 \u0142\u0105czy\u0107. Jeszcze raz pragn\u0119 powt\u00f3rzy\u0107, bo by\u0142o to mo\u017ce niedobrze zrozumiane przez Pana Roberta Winnickiego. My potrzebujemy pospolitego ruszenia. Tego nie trzeba \u0142\u0105czy\u0107 z historycznym pospolitym ruszeniem, gdzie szli ludzie albo zwo\u0142ani przez kr\u00f3la albo przez senat. W ca\u0142ej Europie w tej epoce by\u0142 taki zwyczaj. My chcemy dzi\u015b wypowiedzie\u0107 pospolite ruszenie, to znaczy WSZYSCY. \u0179eby to dobrze zrozumie\u0107, to trzeba wzi\u0105\u0107 pod uwag\u0119, \u017ce my si\u0119 nie powo\u0142ujemy na histori\u0119, m\u00f3wimy o tym, co dzisiaj jest potrzebne. Kiedy\u015b do pospolitego ruszenia powo\u0142ywano szlacht\u0119 i ch\u0142op\u00f3w, kt\u00f3rzy szli z kosami. Dzisiaj trzeba by\u0107 obecnym, trzeba g\u0142osowa\u0107, trzeba zaokr\u0105gli\u0107 t\u0105 kwadratow\u0105 g\u0142ow\u0119 \u017ceby zrozumie\u0107, \u017ce do ludzi trzeba m\u00f3wi\u0107 i bez przerwy im t\u0142umaczy\u0107. Bardzo si\u0119 cieszyli\u015bmy s\u0142uchaj\u0105c wyst\u0105pienia m\u0142odzie\u017cy polskiej na tym wielkim zebraniu. Winszuj\u0119, \u017ce tak to zorganizowali\u015bcie, ale to musi by\u0107 stale, to musi by\u0107 \u201eju\u017c\u201d. Stale to powtarzamy, \u017ce trzeba zbudzi\u0107 ten Nar\u00f3d. Dzi\u015b nie namawia si\u0119 nikogo do robienia krwawej rewolucji, bo to by\u0142aby zbrodnia, ale trzeba stara\u0107 si\u0119 zdoby\u0107 g\u0142osy i zdoby\u0107 m\u0142odzie\u017c. I pospolite ruszenia znaczy m\u0142odzi, \u015bredniowieczni i starzy. W pospolitym ruszeniu na wojn\u0119 starych nie wo\u0142ali. My wo\u0142amy wszystkich, bo g\u0142os starego czy m\u0142odego jest tyle samo wart. G\u0142os tego, kt\u00f3ry by\u0142 dobrym Polakiem i katolikiem i tego, kt\u00f3ry nim nie by\u0142, jest te\u017c tyle samo wart. Musimy wszystkich mie\u0107 z nami. Tylko w ten spos\u00f3b mo\u017cna wygra\u0107. Ja jako przyk\u0142ad wczoraj, mo\u017ce dla Was wzgl\u0119dnie nieznany, m\u00f3wi\u0142em o Wenezueli. 85% Narodu posz\u0142o do g\u0142osowania. W tym momencie nie mamy ju\u017c czasu i do wybor\u00f3w jest 6 miesi\u0119cy. Do g\u0142osowania trzeba zacz\u0105\u0107 przygotowywa\u0107 si\u0119 ju\u017c od teraz.<\/p>\r\n<p>Macie taki przyk\u0142ad, \u017ce wroga propaganda przeciwko Narodowi Polskiemu namawia\u0142a ludzi, by nie szli do g\u0142osowania. Na co czeka\u0107?? To \u017ce nie g\u0142osowano na swoich w\u0142asnych kandydat\u00f3w, nie byli\u015bcie przy sto\u0142ach wyborczych przy liczeniu g\u0142os\u00f3w da\u0142o taki rezultat, \u017ce w Polsce g\u0142osowa\u0142o oko\u0142o 40% uprawnionych do g\u0142osowania. To jest tragedia narodowa! Prosz\u0119 was, id\u017acie g\u0142osowa\u0107 na swojo nowo utworzone partie, miejcie kontrol\u0119 przy sto\u0142ach do g\u0142osowania! To jest konieczne!<\/p>","protected":false},"excerpt":{"rendered":"Przem\u00f3wienie Bogus\u0142awa Bukina na XX-lecie USOPA\u0141 Przem\u00f3wienie Marka Wysockiego\u00a0 Przem\u00f3wienie J\u00f3zefa Guzika Przem\u00f3wienie Krzysztofa Koczwary\u00a0 Rezolucja spotkania roboczego organizacji z terenu Stan\u00f3w Zjednoczonych i Kanady Przem\u00f3wienie Przemys\u0142awa Holochera O\u015bwiadczenie m\u0142odzie\u017cy narodowej odczytane przez Roberta Winnickiego Komentarz Prezesa Jana Kobyla\u0144skiego o pospolitym ruszeniu &nbsp; ___________________________________________________________________ Przem\u00f3wienie Bogus\u0142awa Bukina na XX-lecie USOPA\u0141 Zwi\u0105zek Narodowy Polski w Kanadzie [&hellip;]","protected":false},"author":1,"featured_media":0,"comment_status":"closed","ping_status":"closed","sticky":false,"template":"","format":"standard","meta":{"_acf_changed":false,"_monsterinsights_skip_tracking":false,"_monsterinsights_sitenote_active":false,"_monsterinsights_sitenote_note":"","_monsterinsights_sitenote_category":0,"ngg_post_thumbnail":0,"footnotes":"","_wp_rev_ctl_limit":""},"categories":[129],"tags":[],"acf":[],"_links":{"self":[{"href":"https:\/\/www.bibula.com\/index.php?rest_route=\/wp\/v2\/posts\/69760"}],"collection":[{"href":"https:\/\/www.bibula.com\/index.php?rest_route=\/wp\/v2\/posts"}],"about":[{"href":"https:\/\/www.bibula.com\/index.php?rest_route=\/wp\/v2\/types\/post"}],"author":[{"embeddable":true,"href":"https:\/\/www.bibula.com\/index.php?rest_route=\/wp\/v2\/users\/1"}],"replies":[{"embeddable":true,"href":"https:\/\/www.bibula.com\/index.php?rest_route=%2Fwp%2Fv2%2Fcomments&post=69760"}],"version-history":[{"count":0,"href":"https:\/\/www.bibula.com\/index.php?rest_route=\/wp\/v2\/posts\/69760\/revisions"}],"wp:attachment":[{"href":"https:\/\/www.bibula.com\/index.php?rest_route=%2Fwp%2Fv2%2Fmedia&parent=69760"}],"wp:term":[{"taxonomy":"category","embeddable":true,"href":"https:\/\/www.bibula.com\/index.php?rest_route=%2Fwp%2Fv2%2Fcategories&post=69760"},{"taxonomy":"post_tag","embeddable":true,"href":"https:\/\/www.bibula.com\/index.php?rest_route=%2Fwp%2Fv2%2Ftags&post=69760"}],"curies":[{"name":"wp","href":"https:\/\/api.w.org\/{rel}","templated":true}]}}