{"id":69757,"date":"2013-08-08T08:09:38","date_gmt":"2013-08-08T13:09:38","guid":{"rendered":"http:\/\/www.bibula.com\/?p=69757"},"modified":"2013-08-08T08:09:38","modified_gmt":"2013-08-08T13:09:38","slug":"zdewastowano-krzyze-w-kuropatach","status":"publish","type":"post","link":"https:\/\/www.bibula.com\/?p=69757","title":{"rendered":"Zdewastowano krzy\u017ce w Kuropatach"},"content":{"rendered":"<p><strong>Tu\u017c po zako\u0144czeniu sobotnich prac porz\u0105dkuj\u0105cych w mi\u0144skim lesie Kurapaty, gdzie w czasach stalinowskich rozstrzeliwano obywateli ZSRR, w tym Polak\u00f3w, nieznany sprawcy z\u0142amali 8 drewnianych krzy\u017cy w Alei Krzy\u017cowej oraz uszkodzili metalowy krzy\u017c po\u015bwi\u0119cony pomordowanym Polakom &#8211; poinformowa\u0142o w poniedzia\u0142ek Radio Swaboda.<\/strong><\/p>\r\n<table class=\"outset\" align=\"left\">\r\n<tbody>\r\n<tr>\r\n<td><img fetchpriority=\"high\" decoding=\"async\" alt=\"\" src=\"http:\/\/static.kresy.pl\/image\/ma\/bec0c3126344a1c5c748f054e9e5b6cc.jpg\" width=\"232\" height=\"310\" \/><\/td>\r\n<\/tr>\r\n<tr>\r\n<td>\u00a0<\/td>\r\n<\/tr>\r\n<\/tbody>\r\n<\/table>\r\n<p>Tam, gdzie nie da\u0142o si\u0119 z\u0142ama\u0107 krzy\u017cy, z\u0142oczy\u0144cy zrywali blaszane tablice i rozrzucali wie\u0144ce i kwiaty z\u0142o\u017cone w sobot\u0119 pod krzy\u017cami upami\u0119tniaj\u0105cymi miejsce zbiorowych poch\u00f3wk\u00f3w kilkudziesi\u0119ciu tysi\u0119cy rozstrzelanych bez wyrok\u00f3w przez NKWD Bia\u0142orusin\u00f3w, Rosjan, \u017byd\u00f3w i Polak\u00f3w.<\/p>\r\n<p>Krzy\u017c upami\u0119tniaj\u0105cy Polak\u00f3w zabitych w Kuropatach zosta\u0142 wmurowany w roku 1994 przez mieszka\u0144c\u00f3w Mi\u0144ska i niejednokrotnie stawa\u0142 si\u0119 celem atak\u00f3w nieznanych sprawc\u00f3w. Bia\u0142oruska milicja mimo nieustaj\u0105cych pr\u00f3\u015bb spo\u0142ecznych obro\u0144c\u00f3w memoria\u0142u nie jest w stanie wykry\u0107 sprawc\u00f3w tych atak\u00f3w.<\/p>\r\n<p>W grudniu 2012 r. z terenu uroczyska znikn\u0105\u0142 krzy\u017c katy\u0144ski po\u015bwi\u0119cony polskim oficerom zamordowanym prawdopodobnie na Bia\u0142orusi w 1940 r. Do niedawna kilkana\u015bcie metr\u00f3w od miejsca masowych poch\u00f3wk\u00f3w trwa\u0142a budowa centrum rozrywkowego zatrzymana w wyniku protest\u00f3w aktywist\u00f3w spo\u0142ecznych.\u00a0<\/p>\r\n<p>bielsat.eu\/KRESY.PL<\/p>","protected":false},"excerpt":{"rendered":"Tu\u017c po zako\u0144czeniu sobotnich prac porz\u0105dkuj\u0105cych w mi\u0144skim lesie Kurapaty, gdzie w czasach stalinowskich rozstrzeliwano obywateli ZSRR, w tym Polak\u00f3w, nieznany sprawcy z\u0142amali 8 drewnianych krzy\u017cy w Alei Krzy\u017cowej oraz uszkodzili metalowy krzy\u017c po\u015bwi\u0119cony pomordowanym Polakom &#8211; poinformowa\u0142o w poniedzia\u0142ek Radio Swaboda. \u00a0 Tam, gdzie nie da\u0142o si\u0119 z\u0142ama\u0107 krzy\u017cy, z\u0142oczy\u0144cy zrywali blaszane tablice i [&hellip;]","protected":false},"author":1,"featured_media":0,"comment_status":"closed","ping_status":"closed","sticky":false,"template":"","format":"standard","meta":{"_acf_changed":false,"_monsterinsights_skip_tracking":false,"_monsterinsights_sitenote_active":false,"_monsterinsights_sitenote_note":"","_monsterinsights_sitenote_category":0,"ngg_post_thumbnail":0,"footnotes":"","_wp_rev_ctl_limit":""},"categories":[215],"tags":[65,168,114,188],"acf":[],"_links":{"self":[{"href":"https:\/\/www.bibula.com\/index.php?rest_route=\/wp\/v2\/posts\/69757"}],"collection":[{"href":"https:\/\/www.bibula.com\/index.php?rest_route=\/wp\/v2\/posts"}],"about":[{"href":"https:\/\/www.bibula.com\/index.php?rest_route=\/wp\/v2\/types\/post"}],"author":[{"embeddable":true,"href":"https:\/\/www.bibula.com\/index.php?rest_route=\/wp\/v2\/users\/1"}],"replies":[{"embeddable":true,"href":"https:\/\/www.bibula.com\/index.php?rest_route=%2Fwp%2Fv2%2Fcomments&post=69757"}],"version-history":[{"count":0,"href":"https:\/\/www.bibula.com\/index.php?rest_route=\/wp\/v2\/posts\/69757\/revisions"}],"wp:attachment":[{"href":"https:\/\/www.bibula.com\/index.php?rest_route=%2Fwp%2Fv2%2Fmedia&parent=69757"}],"wp:term":[{"taxonomy":"category","embeddable":true,"href":"https:\/\/www.bibula.com\/index.php?rest_route=%2Fwp%2Fv2%2Fcategories&post=69757"},{"taxonomy":"post_tag","embeddable":true,"href":"https:\/\/www.bibula.com\/index.php?rest_route=%2Fwp%2Fv2%2Ftags&post=69757"}],"curies":[{"name":"wp","href":"https:\/\/api.w.org\/{rel}","templated":true}]}}