{"id":69448,"date":"2013-07-12T18:50:33","date_gmt":"2013-07-12T23:50:33","guid":{"rendered":"http:\/\/www.bibula.com\/?p=69448"},"modified":"2013-07-12T18:50:33","modified_gmt":"2013-07-12T23:50:33","slug":"przyszla-garstka-ludzi","status":"publish","type":"post","link":"https:\/\/www.bibula.com\/?p=69448","title":{"rendered":"Przysz\u0142a garstka ludzi"},"content":{"rendered":"<p><strong>Uroczysto\u015bci pa\u0144stwowe na skwerze Wo\u0142y\u0144skim w Warszawie. Mia\u0142o by\u0107 godnie i podnio\u015ble, bo wszyscy jeste\u015bmy to winni ofiarom ludob\u00f3jstwa OUN-UPA, ludziom, kt\u00f3rzy zgin\u0119li za to tylko, \u017ce byli Polakami. Wysz\u0142o marnie: zebra\u0142a si\u0119 garstka oficjeli.<\/strong><\/p>\r\n<p>Ka\u017cdy, kto ogl\u0105da\u0142 relacj\u0119 telewizyjn\u0105, m\u00f3g\u0142 si\u0119 przekona\u0107, \u017ce w uroczysto\u015bciach nie wzi\u0105\u0142 udzia\u0142u premier Donald Tusk. Na skwer Wo\u0142y\u0144ski dotar\u0142 prezydent Bronis\u0142aw Komorowski, a tak\u017ce m.in. marsza\u0142ek Ewa Kopacz, przedstawiciele rz\u0105du, Sejmu, Senatu, prezydent Warszawy Hanna Gronkiewicz-Waltz, sekretarz Rady Ochrony Pami\u0119ci Walk i M\u0119cze\u0144stwa Andrzej Kunert. Stowarzyszenia kresowe i rodziny ofiar nie by\u0142y licznie reprezentowane. Przysz\u0142o te\u017c mo\u017ce kilkudziesi\u0119ciu warszawiak\u00f3w. Nie zostali jednak nawet dopuszczeni bezpo\u015brednio pod pomnik.<\/p>\r\n<p>Mszy \u015bw. w tym miejscu przewodniczy\u0142 ks. bp J\u00f3zef Guzdek, biskup polowy Wojska Polskiego. Funkcjonariusze Biura Ochrony Rz\u0105du nie pozwolili, by z regu\u0142y s\u0119dziwi ju\u017c ludzie mogli cho\u0107 o krok zbli\u017cy\u0107 si\u0119 do barierek, za kt\u00f3rymi siedzieli przedstawiciele w\u0142adzy i zaproszeni go\u015bcie. Stali wi\u0119c kilkana\u015bcie metr\u00f3w dalej, pod drzewami, gdzie z trudem dochodzi\u0142 g\u0142os z g\u0142o\u015bnik\u00f3w. Ods\u0142oni\u0119ty wczoraj pomnik upami\u0119tniaj\u0105cy zbrodnie nacjonalist\u00f3w ukrai\u0144skich na dawnych Kresach II Rzeczypospolitej mogli zobaczy\u0107 dopiero wtedy, kiedy ochraniane przez BOR osoby opu\u015bci\u0142y ju\u017c po sko\u0144czonej uroczysto\u015bci swoje miejsca.<\/p>\r\n<p>&#8211; Przyszed\u0142em tu, by uczci\u0107 tych, kt\u00f3rzy zostali zamordowani w 1943 roku. Dzi\u015b mija rocznica tej najwi\u0119kszej po\u017cogi na Wo\u0142yniu, kt\u00f3ra by\u0142a zbrodni\u0105 kainow\u0105. Szkoda, \u017ce ten pomnik znajduje si\u0119 na peryferiach Warszawy &#8211; m\u00f3wi pan Antoni z Warszawy. Jego zdaniem, to nie w porz\u0105dku, \u017ce na pomniku nie znalaz\u0142y si\u0119 wszystkie nazwy miejscowo\u015bci, w kt\u00f3rych z r\u0105k OUN-UPA zgin\u0119li Polacy (wed\u0142ug oblicze\u0144 Ewy Siemaszko, dokumentuj\u0105cej zbrodnie ukrai\u0144skie, na pomniku powinno znale\u017a\u0107 si\u0119 o tysi\u0105c wi\u0119cej miejscowo\u015bci), oraz \u017ce w\u0142adzom tak trudno przez usta przechodzi s\u0142owo \u201eludob\u00f3jstwo\u201d, kt\u00f3re ch\u0119tniej zast\u0119puj\u0105 stwierdzeniem \u201eczystki etniczne o znamionach ludob\u00f3jstwa\u201d. Pan Antoni uwa\u017ca, \u017ce prezydent powinien uczci\u0107 ten dzie\u0144 wsp\u00f3lnie z Kresowiakami, podczas g\u0142\u00f3wnych uroczysto\u015bci na placu Trzech Krzy\u017cy i marszu pami\u0119ci, a nie alienowa\u0107 si\u0119 od spo\u0142ecze\u0144stwa. &#8211; Podczas uroczysto\u015bci na skwerze Wo\u0142y\u0144skim zrobiono granic\u0119 mi\u0119dzy w\u0142adz\u0105 a ludno\u015bci\u0105. Ci, kt\u00f3rzy przyszli tam uczci\u0107 pomordowanych Polak\u00f3w, przewa\u017cnie siwi ludzie z laskami, stali na murawie. Zostali\u015bmy niejako zamkni\u0119ci na ty\u0142ach krzy\u017ca i nie mogli\u015bmy sta\u0107 frontem do tablic. Uwa\u017cam to za okropn\u0105 rzecz ze strony organizator\u00f3w, \u017ce notable siedzieli, a nas przep\u0119dzano, m\u00f3wi\u0105c ci\u0105gle, \u017ce tu nie wolno sta\u0107. By\u0142o to dla nas bardzo bolesne -\u017cali si\u0119 nasz rozm\u00f3wca. &#8211; To nie w porz\u0105dku, \u017ce w\u0142adza nie chce m\u00f3wi\u0107 wprost o ludob\u00f3jstwie na Wo\u0142yniu, \u017ce nie czci tego dnia z Narodem -dodaje pan Antoni.<\/p>\r\n<h3>Dobre relacje a prawda<\/h3>\r\n<p>\u201eStraszny czas\u201d, \u201eokropna zbrodnia\u201d, \u201eznamiona ludob\u00f3jstwa\u201d -to tylko niekt\u00f3re zwroty, jakie Bronis\u0142aw Komorowski zastosowa\u0142 w swoim wyst\u0105pieniu pod pomnikiem. Ucieka\u0142, jak m\u00f3g\u0142, by zbrodni ludob\u00f3jstwa, jakiej na Wo\u0142yniu w 1943 roku dokonali na Polakach Ukrai\u0144cy, nie nazwa\u0107 po imieniu. Dwoi\u0142 si\u0119 i troi\u0142, by jego przem\u00f3wienie by\u0142o poprawne politycznie, by czasem nie urazi\u0107 Ukrai\u0144c\u00f3w, kt\u00f3rzy musz\u0105 dzi\u015b razem z nami \u201eud\u017awign\u0105\u0107 ogromny ci\u0119\u017car b\u00f3lu pami\u0119ci\u201d. &#8211; Jestem wzruszony, mog\u0105c spotka\u0107 si\u0119 tutaj dzisiaj z pa\u0144stwem na wsp\u00f3lnej modlitwie za dusze ofiar zbrodni wo\u0142y\u0144skiej, kt\u00f3ra by\u0142a zbrodni\u0105 o znamionach ludob\u00f3jstwa &#8211; rozpocz\u0105\u0142. &#8211; Jestem wdzi\u0119czny, \u017ce razem mogli\u015bmy modli\u0107 si\u0119 po chrze\u015bcija\u0144sku, m\u00f3wi\u0105c i przypominaj\u0105c \u015bwiatu, ale tak\u017ce samym sobie, modl\u0105c si\u0119 s\u0142owami \u201eIodpu\u015b\u0107 nam nasze winy, jako i my odpuszczamy naszym winowajcom\u201d. Jest co odpuszcza\u0107. Jest o co prosi\u0107 dobrego Pana Boga, aby darowa\u0142 ludziom zbrodnie. Bo ta zbrodnia by\u0142a jedn\u0105 z najbardziej bolesnych do\u015bwiadcze\u0144 Polak\u00f3w w czasie IIwojny \u015bwiatowej &#8211; powiedzia\u0142 prezydent. Jak doda\u0142, \u015bwiadectwem tego czasu jest monument z tablicami, kt\u00f3re zawieraj\u0105 nazwy ponad dw\u00f3ch tysi\u0119cy miejscowo\u015bci na Kresach II Rzeczypospolitej; w ka\u017cdej z uwzgl\u0119dnionych wsi zgin\u0119\u0142o co najmniej pi\u0119ciu Polak\u00f3w.<\/p>\r\n<p>Dalej prezydent skupi\u0142 si\u0119 raczej na innych narodach. &#8211; By\u0142 to straszny czas, by\u0142 to rejon szczeg\u00f3lnie podatny na zbrodnie wzajemne. Dlatego czcz\u0105c dzisiaj polskie ofiary, pami\u0119tajmy tak\u017ce i o zag\u0142adzie \u017byd\u00f3w na tych terenach, pami\u0119tajmy tak\u017ce o \u015bmierci Ukrai\u0144c\u00f3w i o \u015bmierci wszystkich innych mieszka\u0144c\u00f3w tych dawnych po\u0142udniowo-wschodnich teren\u00f3w kresowych Rzeczpospolitej &#8211; skwitowa\u0142 Bronis\u0142aw Komorowski.<\/p>\r\n<p>W homilii dedykowanej ofiarom rzezi wo\u0142y\u0144skiej ks. bp J\u00f3zef Guzdek nawi\u0105za\u0142 do faktu, \u017ce w Krwaw\u0105 Niedziel\u0119, 11 lipca 1943 r., w wielu ko\u015bcio\u0142ach na Wo\u0142yniu nie zosta\u0142y doko\u0144czone Msze \u015awi\u0119te. &#8211; Zgromadzeni tam ksi\u0119\u017ca i wierni stali si\u0119 ofiarami nienawi\u015bci oprawc\u00f3w. \u015awiadomo\u015b\u0107 wielu niedoko\u0144czonych Mszy niejako przynagla nas do tego, aby je doko\u0144czy\u0107 &#8211; stwierdzi\u0142 duchowny. Jednocze\u015bnie zaznaczy\u0142 zdecydowanie, \u017ce \u201etylko poznanie pe\u0142nej prawdy o dokonanej zbrodni mo\u017ce nas wyzwoli\u0107 od postawy wzajemnych oskar\u017ce\u0144, a nawet nienawi\u015bci\u201d. &#8211; Trzeba nazwa\u0107 po imieniu zbrodniarza i ofiar\u0119, nale\u017cy okre\u015bli\u0107 proporcje zadanych ran. Tylko na prawdzie i przebaczeniu mo\u017cna budowa\u0107 dobre relacje obu narod\u00f3w, polskiego i ukrai\u0144skiego &#8211; podkre\u015bli\u0142 biskup polowy Wojska Polskiego. Uczestnicy uroczysto\u015bci z\u0142o\u017cyli pod pomnikiem wie\u0144ce, a Kompania Reprezentacyjna Wojska Polskiego odda\u0142a salw\u0119 honorow\u0105. Uroczysto\u015b\u0107 w asy\u015bcie honorowej Wojska Polskiego zako\u0144czy\u0142 apel poleg\u0142ych.<\/p>\r\n<p>Autorem pomnika ofiar zbrodni wo\u0142y\u0144skiej jest rze\u017abiarz Marek Moderau. G\u0142\u00f3wnym elementem nowego monumentu jest siedmiometrowy krzy\u017c z figur\u0105 Chrystusa bez r\u0105k. Przed krzy\u017cem znajduje si\u0119 18 tablic z nazwami miejscowo\u015bci z siedmiu przedwojennych wojew\u00f3dztw II Rzeczypospolitej. Wsarkofagu u st\u00f3p krzy\u017ca b\u0119dzie gromadzona ziemia z 2136 miejscowo\u015bci, kt\u00f3rych nazwy widniej\u0105 na tablicach.<\/p>\r\n<p><strong><em>Piotr Czartoryski-Sziler<\/em><\/strong><\/p>","protected":false},"excerpt":{"rendered":"Uroczysto\u015bci pa\u0144stwowe na skwerze Wo\u0142y\u0144skim w Warszawie. Mia\u0142o by\u0107 godnie i podnio\u015ble, bo wszyscy jeste\u015bmy to winni ofiarom ludob\u00f3jstwa OUN-UPA, ludziom, kt\u00f3rzy zgin\u0119li za to tylko, \u017ce byli Polakami. Wysz\u0142o marnie: zebra\u0142a si\u0119 garstka oficjeli. Ka\u017cdy, kto ogl\u0105da\u0142 relacj\u0119 telewizyjn\u0105, m\u00f3g\u0142 si\u0119 przekona\u0107, \u017ce w uroczysto\u015bciach nie wzi\u0105\u0142 udzia\u0142u premier Donald Tusk. Na skwer Wo\u0142y\u0144ski [&hellip;]","protected":false},"author":1,"featured_media":0,"comment_status":"closed","ping_status":"closed","sticky":false,"template":"","format":"standard","meta":{"_acf_changed":false,"_monsterinsights_skip_tracking":false,"_monsterinsights_sitenote_active":false,"_monsterinsights_sitenote_note":"","_monsterinsights_sitenote_category":0,"ngg_post_thumbnail":0,"footnotes":"","_wp_rev_ctl_limit":""},"categories":[8],"tags":[92,188,17],"acf":[],"_links":{"self":[{"href":"https:\/\/www.bibula.com\/index.php?rest_route=\/wp\/v2\/posts\/69448"}],"collection":[{"href":"https:\/\/www.bibula.com\/index.php?rest_route=\/wp\/v2\/posts"}],"about":[{"href":"https:\/\/www.bibula.com\/index.php?rest_route=\/wp\/v2\/types\/post"}],"author":[{"embeddable":true,"href":"https:\/\/www.bibula.com\/index.php?rest_route=\/wp\/v2\/users\/1"}],"replies":[{"embeddable":true,"href":"https:\/\/www.bibula.com\/index.php?rest_route=%2Fwp%2Fv2%2Fcomments&post=69448"}],"version-history":[{"count":0,"href":"https:\/\/www.bibula.com\/index.php?rest_route=\/wp\/v2\/posts\/69448\/revisions"}],"wp:attachment":[{"href":"https:\/\/www.bibula.com\/index.php?rest_route=%2Fwp%2Fv2%2Fmedia&parent=69448"}],"wp:term":[{"taxonomy":"category","embeddable":true,"href":"https:\/\/www.bibula.com\/index.php?rest_route=%2Fwp%2Fv2%2Fcategories&post=69448"},{"taxonomy":"post_tag","embeddable":true,"href":"https:\/\/www.bibula.com\/index.php?rest_route=%2Fwp%2Fv2%2Ftags&post=69448"}],"curies":[{"name":"wp","href":"https:\/\/api.w.org\/{rel}","templated":true}]}}