{"id":69434,"date":"2013-07-12T10:12:39","date_gmt":"2013-07-12T15:12:39","guid":{"rendered":"http:\/\/www.bibula.com\/?p=69434"},"modified":"2013-07-12T10:12:39","modified_gmt":"2013-07-12T15:12:39","slug":"po-co-jest-msz","status":"publish","type":"post","link":"https:\/\/www.bibula.com\/?p=69434","title":{"rendered":"Po co jest MSZ?"},"content":{"rendered":"<p><strong>Wydawa\u0142oby si\u0119, \u017ce zakres dzia\u0142ania resortu spraw zagranicznych jest do\u015b\u0107 \u0142atwy do okre\u015blenia, sugeruje to sama nazwa. W swoich innowacjach polskie Ministerstwo Spraw Zagranicznych posz\u0142o jednak du\u017co dalej ni\u017c pozwala fantazja i 2,8 mln z\u0142 przeznaczy\u0142o na tworzenie sieci \u201eRegionalnych O\u015brodk\u00f3w Debaty Mi\u0119dzynarodowej\u201d w kraju. Pomys\u0142 ten MSZ realizuje w czasie, gdy organizacje Polak\u00f3w za granic\u0105 nie mog\u0105 doczeka\u0107 si\u0119 dotacji na wydawanie polskiej prasy i organizacj\u0119 nauczania. Zamiast lepiej zaj\u0105\u0107 si\u0119 obron\u0105 polsko\u015bci i poszukiwaniem kontakt\u00f3w dla polskich firm za granic\u0105 buduje si\u0119 sie\u0107, kt\u00f3ra ma zaj\u0105\u0107 si\u0119\u2026 debatowaniem.<\/strong><\/p>\r\n<table class=\"outset\" style=\"width: 297px; height: 224px;\" align=\"left\">\r\n<tbody>\r\n<tr>\r\n<td><img decoding=\"async\" alt=\"Po co jest MSZ?\" src=\"http:\/\/www.pch24.pl\/images\/min_mid_big\/mid_16179.jpg\" width=\"284\" height=\"163\" \/><\/td>\r\n<\/tr>\r\n<tr>\r\n<td>\r\n<p class=\"zrodlo\">Jednego ministrom Tuska nie mo\u017cna odm\u00f3wi\u0107: konsekwencji w realizowaniu polityki: kosztowny pijar ponad wszystko. Fot. B. Kudowicz\/Forum<\/p>\r\n<\/td>\r\n<\/tr>\r\n<\/tbody>\r\n<\/table>\r\n<p>Patrz\u0105c na dzia\u0142ania obecnego ministra spraw zagranicznych RP nie mo\u017cna mu odm\u00f3wi\u0107 wielkich ambicji i woli kreowania siebie na m\u0119\u017ca stanu. Co pewien czas dowiadujemy si\u0119, jak III RP odnosi sukcesy na arenie mi\u0119dzynarodowej, jak w swojej mocarstwowo\u015bci jeste\u015bmy gotowi do wysy\u0142ania wojska do kraj\u00f3w, o kt\u00f3rych znacz\u0105ca cz\u0119\u015b\u0107 spo\u0142ecze\u0144stwa wie delikatnie m\u00f3wi\u0105c niewiele, a polskie firmy s\u0105 tam na og\u00f3\u0142 nieobecne.<\/p>\r\n<p><strong>Zagada\u0107 problemy<\/strong><\/p>\r\n<p>W zap\u0119dach koncentrowania dzia\u0142a\u0144 z zakresu polityki zewn\u0119trznej MSZ przej\u0119\u0142o z Senatu \u015brodki przeznaczone dla Polonii i Polak\u00f3w za granic\u0105, co odbija si\u0119 do teraz czkawk\u0105 i rujnuje pras\u0119 wydawan\u0105 przez naszych rodak\u00f3w poza Polsk\u0105. Przerwanie cyklu wydawniczego &#8211; a takie sytuacje s\u0105 nagminne &#8211; cz\u0119sto oznacza sta\u0142\u0105 utrat\u0119 grona czytelnik\u00f3w i zerwanie tej cienkiej nici kontaktu z ojczystym j\u0119zykiem. Trzeba te\u017c pami\u0119ta\u0107, \u017ce wok\u00f3\u0142 redakcji i czasopism toczy si\u0119 \u017cycie rodzimych \u015brodowisk i ka\u017cde przerwanie rytmu pracy burzy wi\u0119zy mieszkaj\u0105cych cz\u0119sto daleko od siebie Polak\u00f3w. Jak jednak dowiadujemy si\u0119 z og\u0142osze\u0144 MSZ, ministerstwo to b\u0119dzie wspiera\u0107\u2026 debatowanie &#8211; jak mo\u017cna domniemywa\u0107 &#8211; o pa\u015bmie sukces\u00f3w polityki zagranicznej.<\/p>\r\n<p>Oficjalnie celem zadania, na kt\u00f3re MSZ przewidzia\u0142o prawie 3 mln z z\u0142otych, jest \u201eprzybli\u017cenie obywatelom kwestii dotycz\u0105cych polskiej polityki zagranicznej (ze szczeg\u00f3lnym uwzgl\u0119dnieniem priorytet\u00f3w polskiej polityki zagranicznej na lata 2012-2016) oraz wzmocnienie kana\u0142\u00f3w wsp\u00f3\u0142pracy pomi\u0119dzy MSZ, samorz\u0105dem i organizacjami pozarz\u0105dowymi w regionie poprzez utworzenie i prowadzenie Regionalnego O\u015brodka Debaty Mi\u0119dzynarodowej (RODM).\u201d<\/p>\r\n<p>Jak mo\u017cna rozumie\u0107 takie zapisy? Chyba wy\u0142\u0105cznie jako ch\u0119\u0107 promowania dzia\u0142alno\u015bci MSZ wewn\u0105trz kraju. Z przek\u0105sem mo\u017cna to skomentowa\u0107, \u017ce jak wielkich sukces\u00f3w za granic\u0105 nie wida\u0107, to chocia\u017c niech takie przekonanie panuje w kraju. Na to grosza nie zabraknie.<\/p>\r\n<p><strong>Dla kogo ta sie\u0107<\/strong><\/p>\r\n<p>Dziwi fakt poszukiwania nowych \u201epromotor\u00f3w\u201d polskiej polityki zagranicznej odr\u0119bn\u0105 \u015bcie\u017ck\u0105, niezale\u017cn\u0105 od pionu administracji rz\u0105dowej. Przecie\u017c za realizacj\u0119 dzia\u0142a\u0144 rz\u0105du w terenie odpowiadaj\u0105 ju\u017c wojewodowie, dysponuj\u0105cy przecie\u017c ca\u0142ym sztabem urz\u0119dnik\u00f3w, rzecznikami prasowymi, itp. S\u0142u\u017cby odpowiedzialne za komunikacj\u0119 spo\u0142eczn\u0105 s\u0105 na poziomie rz\u0105du i samego Ministerstwa Spraw Zagranicznych. Po co wi\u0119c wydawa\u0107 kolejne miliony na PR i budowa\u0107 sie\u0107 powi\u0105zanych z MSZ organizacji pozarz\u0105dowych?<\/p>\r\n<p>Ciekawie wygl\u0105daj\u0105 te\u017c personalia beneficjent\u00f3w konkursu MSZ &#8211; kr\u00f3tka wizyta na stronach internetowych pokazuje, \u017ce niekt\u00f3re podmioty, kt\u00f3rym przyznano dotacje, maj\u0105 we w\u0142adzach ludzi zwi\u0105zanych z PO lub szeroko rozumianym nurtem liberalnym. Tak jest chocia\u017cby w Fundacji Rozwoju Demokracji Lokalnej, kt\u00f3ra za 184 tys. z\u0142otych poprowadzi Regionalny O\u015brodek Debaty Mi\u0119dzynarodowej w Kielcach. W gronie znanych nazwisk, wymienianych we w\u0142adzach FRDL, mo\u017cna znale\u017a\u0107 takich polityk\u00f3w jak Andrzej Celi\u0144ski (cz\u0142onek Rady Fundator\u00f3w FRDL, d\u0142uga droga polityczna od Unii Demokratycznej przez SLD i Socjaldemokracj\u0119 Polsk\u0105), Jan Kr\u00f3l (cz\u0142onek Rady Nadzorczej FRDL, \u015bcie\u017cka kariery od PAX przez ROAD, UD do UW) czy Jerzy Osiaty\u0144ski (cz\u0142onek Rady Nadzorczej FRDL, zanim zosta\u0142 doradc\u0105 Prezydenta Bronis\u0142awa Komorowskiego zwi\u0105zany by\u0142 m.in. z UD, UW i Parti\u0105 Demokratyczn\u0105).<\/p>\r\n<p><strong>\u015alepi i g\u0142usi<\/strong><\/p>\r\n<p>W\u0142adza publiczna, zar\u00f3wno rz\u0105dowa jak i samorz\u0105dowa, jest zobligowana do realizacji polityki zgodnej z interesem narodowym. Ci\u015bnie si\u0119 jednak pytanie, czy przed podj\u0119ciem pochopnych decyzji i zaplanowaniem kilku milion\u00f3w na to, co i tak powinno by\u0107 robione, nie nale\u017ca\u0142o wcze\u015bniej zrobi\u0107 diagnozy faktycznych potrzeb? Czy dla polskich firm maj\u0105cych problemy z wej\u015bciem na nowe rynki i utrzymaniem si\u0119 w tych krajach, gdzie s\u0105 ju\u017c obecne najwa\u017cniejsze jest debatowanie? Czy kto\u015b zapyta\u0142 Polak\u00f3w mieszkaj\u0105cych za granicami Ojczyzny, jak b\u0119dzie im s\u0142u\u017cy\u0107 sie\u0107 zbudowana przez MSZ w kraju? Warto by\u0142oby wyliczy\u0107, ile ksi\u0105\u017cek, gazet i lekcji dla naszych rodak\u00f3w za granic\u0105 uda\u0142oby si\u0119 zorganizowa\u0107 za blisko 3 miliony z\u0142otych. Taka diagnoza potrzeb jest w dyspozycji MSZ &#8211; ma posta\u0107 raportu przygotowywanego przez polskie ambasady i konsulaty. C\u00f3\u017c z tego, skoro za diagnoz\u0105 nie id\u0105 decyzje oczekiwane przez Polak\u00f3w mieszkaj\u0105cych od wielu pokole\u0144 za granicami kraju i przez now\u0105 fal\u0119 emigracji, kt\u00f3rej dzieci cz\u0119sto jako pierwszy j\u0119zyk ju\u017c uznaj\u0105 j\u0119zyk kraju, w kt\u00f3rym mieszkaj\u0105. Na te problemy zdajemy si\u0119 (my, czytaj: w\u0142adze III RP) by\u0107 \u015blepi i g\u0142usi, za to gotowi do debatowania za publiczne pieni\u0105dze.<\/p>\r\n<p><em><strong>Piotr Ko\u017amian<\/strong><\/em><\/p>","protected":false},"excerpt":{"rendered":"Wydawa\u0142oby si\u0119, \u017ce zakres dzia\u0142ania resortu spraw zagranicznych jest do\u015b\u0107 \u0142atwy do okre\u015blenia, sugeruje to sama nazwa. W swoich innowacjach polskie Ministerstwo Spraw Zagranicznych posz\u0142o jednak du\u017co dalej ni\u017c pozwala fantazja i 2,8 mln z\u0142 przeznaczy\u0142o na tworzenie sieci \u201eRegionalnych O\u015brodk\u00f3w Debaty Mi\u0119dzynarodowej\u201d w kraju. Pomys\u0142 ten MSZ realizuje w czasie, gdy organizacje Polak\u00f3w za [&hellip;]","protected":false},"author":1,"featured_media":0,"comment_status":"closed","ping_status":"closed","sticky":false,"template":"","format":"standard","meta":{"_acf_changed":false,"_monsterinsights_skip_tracking":false,"_monsterinsights_sitenote_active":false,"_monsterinsights_sitenote_note":"","_monsterinsights_sitenote_category":0,"ngg_post_thumbnail":0,"footnotes":"","_wp_rev_ctl_limit":""},"categories":[129],"tags":[92],"acf":[],"_links":{"self":[{"href":"https:\/\/www.bibula.com\/index.php?rest_route=\/wp\/v2\/posts\/69434"}],"collection":[{"href":"https:\/\/www.bibula.com\/index.php?rest_route=\/wp\/v2\/posts"}],"about":[{"href":"https:\/\/www.bibula.com\/index.php?rest_route=\/wp\/v2\/types\/post"}],"author":[{"embeddable":true,"href":"https:\/\/www.bibula.com\/index.php?rest_route=\/wp\/v2\/users\/1"}],"replies":[{"embeddable":true,"href":"https:\/\/www.bibula.com\/index.php?rest_route=%2Fwp%2Fv2%2Fcomments&post=69434"}],"version-history":[{"count":0,"href":"https:\/\/www.bibula.com\/index.php?rest_route=\/wp\/v2\/posts\/69434\/revisions"}],"wp:attachment":[{"href":"https:\/\/www.bibula.com\/index.php?rest_route=%2Fwp%2Fv2%2Fmedia&parent=69434"}],"wp:term":[{"taxonomy":"category","embeddable":true,"href":"https:\/\/www.bibula.com\/index.php?rest_route=%2Fwp%2Fv2%2Fcategories&post=69434"},{"taxonomy":"post_tag","embeddable":true,"href":"https:\/\/www.bibula.com\/index.php?rest_route=%2Fwp%2Fv2%2Ftags&post=69434"}],"curies":[{"name":"wp","href":"https:\/\/api.w.org\/{rel}","templated":true}]}}