{"id":69392,"date":"2013-07-10T16:03:33","date_gmt":"2013-07-10T21:03:33","guid":{"rendered":"http:\/\/www.bibula.com\/?p=69392"},"modified":"2013-07-10T16:14:45","modified_gmt":"2013-07-10T21:14:45","slug":"schizmatycka-sekta-czyli-dialog-w-praktyce","status":"publish","type":"post","link":"https:\/\/www.bibula.com\/?p=69392","title":{"rendered":"\u201eSchizmatycka sekta&#8221;, czyli dialog w praktyce"},"content":{"rendered":"<p><strong>Wed\u0142ug oficjalnego komunikatu diecezji Richmond, seminarium duchowne \u015bw. Tomasza z Akwinu &#8211; jedno z najwi\u0119kszych w Stanach Zjednoczonych &#8211; ma by\u0107 prowadzone przez \u201eschizmatyck\u0105 sekt\u0119\u201d obci\u0105\u017con\u0105 problemami \u201edoktrynalnymi\u201d. Chodzi w tym przypadku o\u2026 tradycjonalistyczne Bractwo Kap\u0142a\u0144skie \u015bw. Piusa X. Jak si\u0119 okazuje, w \u201edialogistycznej\u201d perspektywie ekumenizmu i ko\u015bcielnej praktyki istnieje jeden zasadniczy wyj\u0105tek.<\/strong><\/p>\r\n<p>Jak g\u0142osi o\u015bwiadczenie, seminarium duchowne w Buckingham nale\u017cy do \u201eschizmatyckiej sekty, kt\u00f3ra nie jest w komunii ze Stolic\u0105 Apostolsk\u0105\u201d. Katolicy, kt\u00f3rzy uczestnicz\u0105 w liturgii w kaplicy Bractwa \u015bw. Piusa X maj\u0105 nie wype\u0142nia\u0107 obowi\u0105zku niedzielnego a sprawowane sakramenty maj\u0105 by\u0107 niewa\u017cne. Zarzut niewa\u017cno\u015bci sakrament\u00f3w jest tu niezwykle znacz\u0105cy &#8211; ko\u015bcielna krytyka dotyczy\u0142a dot\u0105d ich &#8222;niegodnego&#8221; charakteru wynikaj\u0105cego z braku rozpoznania kanonicznego. Prezentowano tak\u017ce w\u0105tpliwo\u015bci zwi\u0105zanych z brakiem jurysdykcji. Wi\u0119cej, wed\u0142ug przedstawicieli diecezji Richmond \u201ePapie\u017c Benedykt XVI o\u015bwiadczy\u0142, \u017ce z powod\u00f3w raczej doktrynalnych ni\u017c dyscyplinarnych Bractwo \u015bw. Piusa X nie posiada statusu kanonicznego w Ko\u015bciele rzymsko-katolickim\u201d.<\/p>\r\n<p>\u201eSchizma\u201d, \u201esekta\u201d, brak jedno\u015bci ze Stolic\u0105 Apostolsk\u0105 z powod\u00f3w \u201edoktrynalnych\u201d &#8211; przypomina to, przyjmuj\u0105c stawiane oskar\u017cenia, sytuacj\u0119 cerkwi prawos\u0142awnej &#8211; zauwa\u017ca jeden z autor\u00f3w popularnego bloga Rorate Caeli. Tymczasem nauczanie dotycz\u0105ce relacji z \u201ebra\u0107mi od\u0142\u0105czonymi\u201d wskazuje na zupe\u0142nie inn\u0105 postaw\u0119: \u201eNie ma prawdziwego ekumenizmu bez wewn\u0119trznej przemiany. Bo z nowo\u015bci ducha przecie\u017c, z zaparcia si\u0119 samego siebie i z nieskr\u0119powanego wylania mi\u0142o\u015bci rodz\u0105 si\u0119 i dojrzewaj\u0105 pragnienia jedno\u015bci. Musimy wi\u0119c wyprasza\u0107 u Ducha \u015awi\u0119tego \u0142ask\u0119 prawdziwego umartwienia, pokory i \u0142agodno\u015bci w pos\u0142udze, ducha braterskiej wspania\u0142omy\u015blno\u015bci w stosunku do drugich. (\u2026) Nale\u017cy si\u0119 zapozna\u0107 z duchem braci od\u0142\u0105czonych. Nieodzowne jest do tego studium, kt\u00f3re trzeba podejmowa\u0107 zgodnie z prawd\u0105 i \u017cyczliwie\u201d (Unitatis Reintegratio). W to miejsce suspendowani duchowni spotykaj\u0105 si\u0119 ze stygmatyzacj\u0105 i oskar\u017ceniami o rzekom\u0105 &#8222;schizm\u0119&#8221; i przynale\u017cno\u015b\u0107 do &#8222;sekty&#8221;.<\/p>\r\n<p>Jak g\u0142osi komunikat, proboszcz parafii na terenie kt\u00f3rej znajduje si\u0119 ten o\u015brodek formacji, cz\u0119sto spotyka si\u0119 ze strony podekscytowanych wiernych z pytaniami o to, czy \u201etradycyjna\u201d liturgia w kaplicy tradycjonalist\u00f3w mo\u017ce by\u0107 alternatyw\u0105 dla \u201ezwyk\u0142ej\u201d Mszy w ich parafii. Tymczasem na terenie diecezji Msza w klasycznym rycie rzymskim sprawowana jest przez duchownych spoza Bractwa \u015bw. Piusa X zaledwie w trzech ko\u015bcio\u0142ach. W dw\u00f3ch, w kt\u00f3rych pos\u0142ug\u0119 pe\u0142ni\u0105 duchowni z Bractwa \u015bw. Piotra oraz w jednym, w kt\u00f3rym \u201etradycyjna\u201d Msza \u015bw. jest sprawowana jedynie w pierwsz\u0105 niedziel\u0119 miesi\u0105ca. Dla por\u00f3wnania, w s\u0105siedniej diecezji Arlington Msza \u015bw. w klasycznym rycie rzymskim sprawowana jest regularnie w 14 ko\u015bcio\u0142ach i celebruj\u0105 j\u0105 diecezjalni duchowni.<\/p>\r\n<p>\u017ar\u00f3d\u0142o: rorate-caeli.blogspot.com \/ catholicvirginian.org<\/p>\r\n<p>mat<\/p>\r\n<p class=\"zrodlo\">Za: <a href=\"http:\/\/www.pch24.pl\/schizmatycka-sekta--czyli-dialog-w-praktyce,16195,i.html\">Polonia Christiana &#8211; pch24.pl (2013-07-09)<\/a><\/p>\r\n<blockquote>\r\n<p style=\"text-align: left;\"><strong>KOMENTARZ <em>BIBU\u0141Y<\/em><\/strong>: Za komentarz niech pos\u0142u\u017cy poni\u017csza \u015aci\u0105ga, przygotowana przez <em>Dextimusa<\/em>, z odnowionego blogu <em>Breviarium &#8211; dawniej: Kronika Novus Ordo\u00a0<\/em>(Welcome back, Dextimus!)<\/p>\r\n<h2 style=\"padding-left: 30px;\">Por\u0119czna \u015bci\u0105ga z mi\u0142o\u015bci i eklezjologii posoborowej<\/h2>\r\n<div style=\"padding-left: 30px;\"><strong>\u017bydzi<\/strong> to: <span style=\"text-decoration: underline;\"><a href=\"http:\/\/www.opoka.org.pl\/biblioteka\/I\/IR\/dlaczego_starsib.html\">starsi bracia w wierze<\/a><\/span><br \/> <strong>Prawos\u0142awni<\/strong> to: <span style=\"text-decoration: underline;\"><a href=\"http:\/\/www.ekumenizm.pl\/content\/article\/20071003173214124.htm\">bracia z Ko\u015bcio\u0142a siostrzanego<\/a><\/span><br \/><strong> Protestanci<\/strong> to: <span style=\"text-decoration: underline;\"><a href=\"http:\/\/archidiecezja.lodz.pl\/czytelni\/sobor\/kk2.html\">bracia od\u0142\u0105czeni, maj\u0105cy we czci Pismo \u015bwi\u0119te, jako norm\u0119 wiary i \u017cycia, i wykazuj\u0105cy szczer\u0105 gorliwo\u015b\u0107 religijn\u0105\u00a0<\/a><\/span><br \/> <strong>Muzu\u0142manie<\/strong> to: <span style=\"text-decoration: underline;\"><a href=\"http:\/\/archidiecezja.lodz.pl\/czytelni\/sobor\/kk2.html\">mi\u0142uj\u0105cy pok\u00f3j bracia, zachowuj\u0105cy wiar\u0119 Abrahama, czcz\u0105cy wraz z nami Boga jedynego i mi\u0142osiernego, kt\u00f3ry s\u0105dzi\u0107 b\u0119dzie ludzi w dzie\u0144 ostateczny<\/a><\/span><br \/> <strong>Buddy\u015bci<\/strong> to: <span style=\"text-decoration: underline;\"><a href=\"http:\/\/www.deon.pl\/religia\/kosciol-i-swiat\/z-zycia-kosciola\/art,14356,rzym-kolejny-etap-dialogu-z-buddystami.html\">pos\u0142a\u0144cy pokoju, nadziei, dobra, pogody ducha, mi\u0142osierdzia, koncentruj\u0105cy si\u0119 na \u017cyciu wewn\u0119trznym<\/a><\/span><br \/> <strong>Lefewry\u015bci<\/strong> to: <span style=\"text-decoration: underline;\"><a href=\"http:\/\/www.pch24.pl\/schizmatycka-sekta--czyli-dialog-w-praktyce,16195,i.html\">schizmatyccy sekciarze, obci\u0105\u017ceni problemami doktrynalnymi<\/a><\/span><\/div>\r\n<p style=\"text-align: left; padding-left: 30px;\">Napisa\u0142 Dextimus dnia <a title=\"permanent link\" href=\"http:\/\/breviarium.blogspot.com\/2013\/07\/poreczna-sciaga-z-miosci-i-eklezjologii.html\" rel=\"bookmark\"><abbr title=\"2013-07-10T21:26:00+02:00\">10.7.13<\/abbr><\/a><\/p>\r\n<p class=\"zrodlo\" style=\"padding-left: 30px;\">Za: <a href=\"http:\/\/breviarium.blogspot.com\/2013\/07\/poreczna-sciaga-z-miosci-i-eklezjologii.html\">Breviarium &#8211; dawniej: Kronika Novus Ordo<\/a><\/p>\r\n<strong>Link do publikacji w diecezjalnym pi\u015bmie <em>The Catholic Virginian<\/em>, July 8, 2013<em> <\/em> &#8211; <a href=\"http:\/\/www.catholicvirginian.org\/archive\/2013\/2013vol88iss18\/pages\/article8.html\"><span style=\"text-decoration: underline;\">&#8222;Traditionalist seminary in Buckingham not in communion with Holy See<\/span>&#8222;<\/a><\/strong>\r\n<p><img decoding=\"async\" alt=\"\" src=\"http:\/\/www.richmonddiocese.org\/sites\/default\/files\/images\/BishopPortrait.jpg\" \/><\/p>\r\n<p>Francis Xavier DiLorenzo, biskup Diecezji Richmond (Virginia)<\/p>\r\n<\/blockquote>","protected":false},"excerpt":{"rendered":"Wed\u0142ug oficjalnego komunikatu diecezji Richmond, seminarium duchowne \u015bw. Tomasza z Akwinu &#8211; jedno z najwi\u0119kszych w Stanach Zjednoczonych &#8211; ma by\u0107 prowadzone przez \u201eschizmatyck\u0105 sekt\u0119\u201d obci\u0105\u017con\u0105 problemami \u201edoktrynalnymi\u201d. Chodzi w tym przypadku o\u2026 tradycjonalistyczne Bractwo Kap\u0142a\u0144skie \u015bw. Piusa X. Jak si\u0119 okazuje, w \u201edialogistycznej\u201d perspektywie ekumenizmu i ko\u015bcielnej praktyki istnieje jeden zasadniczy wyj\u0105tek. Jak g\u0142osi [&hellip;]","protected":false},"author":1,"featured_media":0,"comment_status":"closed","ping_status":"closed","sticky":false,"template":"","format":"standard","meta":{"_acf_changed":false,"_monsterinsights_skip_tracking":false,"_monsterinsights_sitenote_active":false,"_monsterinsights_sitenote_note":"","_monsterinsights_sitenote_category":0,"ngg_post_thumbnail":0,"footnotes":"","_wp_rev_ctl_limit":""},"categories":[4],"tags":[32,221,33],"acf":[],"_links":{"self":[{"href":"https:\/\/www.bibula.com\/index.php?rest_route=\/wp\/v2\/posts\/69392"}],"collection":[{"href":"https:\/\/www.bibula.com\/index.php?rest_route=\/wp\/v2\/posts"}],"about":[{"href":"https:\/\/www.bibula.com\/index.php?rest_route=\/wp\/v2\/types\/post"}],"author":[{"embeddable":true,"href":"https:\/\/www.bibula.com\/index.php?rest_route=\/wp\/v2\/users\/1"}],"replies":[{"embeddable":true,"href":"https:\/\/www.bibula.com\/index.php?rest_route=%2Fwp%2Fv2%2Fcomments&post=69392"}],"version-history":[{"count":0,"href":"https:\/\/www.bibula.com\/index.php?rest_route=\/wp\/v2\/posts\/69392\/revisions"}],"wp:attachment":[{"href":"https:\/\/www.bibula.com\/index.php?rest_route=%2Fwp%2Fv2%2Fmedia&parent=69392"}],"wp:term":[{"taxonomy":"category","embeddable":true,"href":"https:\/\/www.bibula.com\/index.php?rest_route=%2Fwp%2Fv2%2Fcategories&post=69392"},{"taxonomy":"post_tag","embeddable":true,"href":"https:\/\/www.bibula.com\/index.php?rest_route=%2Fwp%2Fv2%2Ftags&post=69392"}],"curies":[{"name":"wp","href":"https:\/\/api.w.org\/{rel}","templated":true}]}}