{"id":69385,"date":"2013-07-10T09:17:59","date_gmt":"2013-07-10T14:17:59","guid":{"rendered":"http:\/\/www.bibula.com\/?p=69385"},"modified":"2013-07-10T09:17:59","modified_gmt":"2013-07-10T14:17:59","slug":"mody-dziwne-niszczace-liturgie-cz-1-moda-kwiatowa","status":"publish","type":"post","link":"https:\/\/www.bibula.com\/?p=69385","title":{"rendered":"Mody dziwne niszcz\u0105ce liturgi\u0119 \u2013 cz. 1: Moda kwiatowa."},"content":{"rendered":"<p>\u201eKt\u00f3\u017c wi\u0119c, Bo\u017ce, stanie w obronie tego \u0142agodnego Baranka,<br \/> kt\u00f3ry nigdy nie otworzy\u0142 ust swoich w swojej sprawie,<br \/> lecz zawsze tylko w naszej?\u201d<br \/> <em>(\u015aw. Pio z Pietrelciny)<\/em><\/p>\r\n<p>&nbsp;<\/p>\r\n<p>Destrukcja kultu Naj\u015bwi\u0119tszego Sakramentu post\u0119puje. Od kilkudziesi\u0119ciu lat dziej\u0105 si\u0119 w Ko\u015bciele sprawy dziwne, kt\u00f3re maj\u0105 jeden wsp\u00f3lny mianownik: stopniowe rugowanie oznak czci, pokory, wiary, pietyzmu i szacunku dla najwi\u0119kszej \u015bwi\u0119to\u015bci, jak\u0105 pozostawi\u0142 nam Jezus Chrystus, czyli dla Naj\u015bwi\u0119tszego Sakramentu. O tym najpowa\u017cniejszym problemie Ko\u015bcio\u0142a pisa\u0142em w artykule <span style=\"text-decoration: underline;\"><strong><a href=\"http:\/\/sacerdoshyacinthus.wordpress.com\/2013\/05\/12\/adagium-kaplanskie\/\" target=\"_blank\"><i>Adagium kap\u0142a\u0144skie<\/i><\/a><\/strong><\/span>, opublikowanym z dat\u0105 13 maja br.. Polecam ten artyku\u0142 z pe\u0142n\u0105 odpowiedzialno\u015bci\u0105 za ka\u017cde pomieszczone tam s\u0142owo.<\/p>\r\n<p>Rozpowszechniaj\u0105 si\u0119 pewne mody. Kto\u015b gdzie\u015b co\u015b zapocz\u0105tkuje a potem znajduje wielu bezmy\u015blnych lub \u015bwiadomych na\u015bladowc\u00f3w.<\/p>\r\n<p>Dzisiaj o dziwnej modzie kwiatowej. Przez ca\u0142e wieki architektura katolickich ko\u015bcio\u0142\u00f3w wyrasta\u0142a z wiary i prowadzi\u0142a do wiary. Szczeg\u00f3\u0142y by\u0142y wa\u017cne i celowe. Balaski (balustrada) mia\u0142y na celu mi\u0119dzy innymi umo\u017cliwi\u0107 wiernym godne przyjmowanie Komunii \u015awi\u0119tej w szlachetnej kr\u00f3lewskiej postawie kl\u0119cz\u0105cej. Elementem podkre\u015blaj\u0105cym wznios\u0142o\u015b\u0107 wydarzenia by\u0142o przykrywanie balustrady na czas rozdzielania Komunii \u015awi\u0119tej pi\u0119knym bia\u0142ym obrusem (zaszczytne zadanie ministrant\u00f3w).<\/p>\r\n<p>Destrukcja: dzisiaj w wielu ko\u015bcio\u0142ach balustrady nie ma, a je\u015bli jest, nie przykrywa si\u0119 jej pi\u0119knym bia\u0142ym obrusem, pozbawiaj\u0105c ministrant\u00f3w zaszczytnego zadania przygotowania miejsca do godnego przyjmowania Komunii \u015awi\u0119tej przez wiernych.<\/p>\r\n<p>Zapanowa\u0142a moda: w coraz wi\u0119kszej liczbie ko\u015bcio\u0142\u00f3w, w kt\u00f3rych osta\u0142y si\u0119 balaski, stawia si\u0119 na nie kwiaty. S\u0105 r\u00f3\u017cne aran\u017cacje: na balustradzie k\u0142adzione s\u0105 bukiety kwiat\u00f3w, stawia si\u0119 na niej flakony, b\u0105d\u017a doniczki z kwiatami. Ta <i>moda dziwna<\/i> uniemo\u017cliwia wiernym przyjmowanie Komunii \u015awi\u0119tej przy balustradzie.<\/p>\r\n<p>Elementarne pytania, jakie stawia filozofia klasyczna (realistyczna), obna\u017caj\u0105 absurdalno\u015b\u0107 wspomnianej mody kwiatowej. Patrz\u0105c na balustrad\u0119 stawiamy pytania: Co to jest? Po co to jest? Byt i jego celowo\u015b\u0107. I jedno i drugie zostaj\u0105 zaprzeczone przez <i>mod\u0119 dziwn\u0105<\/i> &#8211; kwiatow\u0105.<\/p>\r\n<p>Jak d\u0142ugo jeszcze b\u0119dziemy milcze\u0107, gdy stopniowo &#8211; element po elemencie &#8211; ruguje si\u0119 oznaki czci, pokory, wiary, pietyzmu i szacunku dla najwi\u0119kszej \u015bwi\u0119to\u015bci, jak\u0105 pozostawi\u0142 nam Jezus Chrystus, czyli dla Naj\u015bwi\u0119tszego Sakramentu? Kogo to obchodzi? Spos\u00f3b potraktowania tych kwestii to papierek lakmusowy naszej wiary w rzeczywist\u0105 obecno\u015b\u0107 Pana Jezusa w Naj\u015bwi\u0119tszym Sakramencie. Serce wiary katolickiej!<\/p>\r\n<p>Kilka dni temu pytali mnie ludzie o pewne szumnie zapowiadane masowe wydarzenie z nurtu pneumatyk\u00f3w afroameryka\u0144skich. Dawa\u0142em jedn\u0105 odpowied\u017a: Id\u017acie przed <i>Tabernaculum!<\/i> Tam jest WSZYSTKO. B\u00d3G.<\/p>\r\n<p>W swoim wyst\u0105pieniu na XI Zwyczajnym Zgromadzeniu Og\u00f3lnym Synodu Biskup\u00f3w w Watykanie, w pa\u017adzierniku 2005 roku, Abp Jan Pawe\u0142 Lenga, Ordynariusz Karagandy (Kazachstan) m\u00f3wi\u0142:<\/p>\r\n<p>\u201ePro\u015bmy Ducha \u015awi\u0119tego, aby rozpali\u0142 w naszych sercach \u00abgorliwo\u015b\u0107 o dom Pa\u0144ski\u00bb i o jego najwi\u0119kszy skarb, kt\u00f3rym nie jest jaki\u015b przedmiot czy teoria, lecz Cia\u0142o i Krew naszego Boga i Zbawiciela. By\u0107 mo\u017ce mogliby\u015bmy uczy\u0107 si\u0119 tego od \u015bw. Ojca Pio z Pietrelciny, \u015bwi\u0119tego czciciela Eucharystii \u017cyj\u0105cego w naszych czasach. Oto jego s\u0142owa: \u00abO Ojcze \u015bwi\u0119ty, ile profanacji, ile \u015bwi\u0119tokradztw musi znosi\u0107 Twoje \u0142askawe serce!<b> Kt\u00f3\u017c wi\u0119c, Bo\u017ce, stanie w obronie tego \u0142agodnego Baranka, kt\u00f3ry nigdy nie otworzy\u0142 ust swoich w swojej sprawie, lecz zawsze tylko w naszej?<\/b>\u00bb (Epist. II, s. 344)\u201d.<\/p>\r\n<p>Powt\u00f3rzmy: \u201eKt\u00f3\u017c wi\u0119c, Bo\u017ce, stanie w obronie tego \u0142agodnego Baranka, kt\u00f3ry nigdy nie otworzy\u0142 ust swoich w swojej sprawie, lecz zawsze tylko w naszej?\u201d<\/p>\r\n<p style=\"text-align: center;\"><i>Adoremus in aeternum Sanctissimum Sacramentum!<\/i><\/p>\r\n<p style=\"text-align: center;\">\u00a0<\/p>\r\n<p style=\"text-align: center;\"><b>* * *<\/b><\/p>\r\n<p style=\"text-align: center;\"><b>\u00a0<\/b><\/p>\r\n<p style=\"text-align: center;\"><i>Po Soborze Watyka\u0144skim II Pan B\u00f3g nie zmieni\u0142 pogl\u0105d\u00f3w.<\/i><\/p>\r\n<p style=\"text-align: center;\">\u00a0<\/p>\r\n<p style=\"text-align: center;\"><b>* * *<\/b><\/p>\r\n<p style=\"text-align: center;\"><b>\u00a0<\/b><\/p>\r\n<p style=\"text-align: center;\"><i>Je\u017celi nie kl\u0119kniemy przed Panem Bogiem,<\/i><\/p>\r\n<p style=\"text-align: center;\"><i>Rok Wiary b\u0119dzie mno\u017ceniem s\u0142\u00f3w i oklask\u00f3w.<\/i><\/p>\r\n<p><strong><em>Ks. Jacek Ba\u0142emba SDB<\/em><\/strong><\/p>","protected":false},"excerpt":{"rendered":"\u201eKt\u00f3\u017c wi\u0119c, Bo\u017ce, stanie w obronie tego \u0142agodnego Baranka, kt\u00f3ry nigdy nie otworzy\u0142 ust swoich w swojej sprawie, lecz zawsze tylko w naszej?\u201d (\u015aw. Pio z Pietrelciny) &nbsp; Destrukcja kultu Naj\u015bwi\u0119tszego Sakramentu post\u0119puje. Od kilkudziesi\u0119ciu lat dziej\u0105 si\u0119 w Ko\u015bciele sprawy dziwne, kt\u00f3re maj\u0105 jeden wsp\u00f3lny mianownik: stopniowe rugowanie oznak czci, pokory, wiary, pietyzmu i [&hellip;]","protected":false},"author":1,"featured_media":0,"comment_status":"closed","ping_status":"closed","sticky":false,"template":"","format":"standard","meta":{"_acf_changed":false,"_monsterinsights_skip_tracking":false,"_monsterinsights_sitenote_active":false,"_monsterinsights_sitenote_note":"","_monsterinsights_sitenote_category":0,"ngg_post_thumbnail":0,"footnotes":"","_wp_rev_ctl_limit":""},"categories":[135],"tags":[119,33],"acf":[],"_links":{"self":[{"href":"https:\/\/www.bibula.com\/index.php?rest_route=\/wp\/v2\/posts\/69385"}],"collection":[{"href":"https:\/\/www.bibula.com\/index.php?rest_route=\/wp\/v2\/posts"}],"about":[{"href":"https:\/\/www.bibula.com\/index.php?rest_route=\/wp\/v2\/types\/post"}],"author":[{"embeddable":true,"href":"https:\/\/www.bibula.com\/index.php?rest_route=\/wp\/v2\/users\/1"}],"replies":[{"embeddable":true,"href":"https:\/\/www.bibula.com\/index.php?rest_route=%2Fwp%2Fv2%2Fcomments&post=69385"}],"version-history":[{"count":0,"href":"https:\/\/www.bibula.com\/index.php?rest_route=\/wp\/v2\/posts\/69385\/revisions"}],"wp:attachment":[{"href":"https:\/\/www.bibula.com\/index.php?rest_route=%2Fwp%2Fv2%2Fmedia&parent=69385"}],"wp:term":[{"taxonomy":"category","embeddable":true,"href":"https:\/\/www.bibula.com\/index.php?rest_route=%2Fwp%2Fv2%2Fcategories&post=69385"},{"taxonomy":"post_tag","embeddable":true,"href":"https:\/\/www.bibula.com\/index.php?rest_route=%2Fwp%2Fv2%2Ftags&post=69385"}],"curies":[{"name":"wp","href":"https:\/\/api.w.org\/{rel}","templated":true}]}}