{"id":69383,"date":"2013-07-10T08:17:12","date_gmt":"2013-07-10T13:17:12","guid":{"rendered":"http:\/\/www.bibula.com\/?p=69383"},"modified":"2013-07-10T08:17:12","modified_gmt":"2013-07-10T13:17:12","slug":"w-2011-r-na-swiecie-zamordowano-za-wiare-ponad-100-tys-chrzescijan","status":"publish","type":"post","link":"https:\/\/www.bibula.com\/?p=69383","title":{"rendered":"W 2011 r. na \u015bwiecie zamordowano za wiar\u0119 ponad 100 tys. chrze\u015bcijan"},"content":{"rendered":"<p><strong>W 2011 zgin\u0119\u0142o z powodu swej wiary ponad 100 tysi\u0119cy chrze\u015bcijan &#8211; o\u015bwiadczy\u0142 Fernando de Haro, hiszpa\u0144ski pisarz na 66. Hiszpa\u0144skim Tygodniu Misjologicznym w Burgos. Podkre\u015bli\u0142 przy tym, \u017ce prze\u015bladowania religijne s\u0105 dzi\u015b ignorowane przez opini\u0119 publiczn\u0105, zw\u0142aszcza gdy chodzi o wyra\u017ane pogwa\u0142cenie prawa do wolno\u015bci religijnej. Jednocze\u015bnie zwr\u00f3ci\u0142 uwag\u0119, \u017ce je\u015bli wiar\u0119 prze\u017cywa si\u0119 jako spotkanie z Chrystusem, to ma ona wi\u0119ksz\u0105 warto\u015b\u0107 ni\u017c \u017cycie.<\/strong><\/p>\r\n<p>Trwaj\u0105ce od 8 do 12 lipca spotkanie w tym p\u00f3\u0142nocnohiszpa\u0144skim mie\u015bcie jest po\u015bwi\u0119cone m.in. problemom wsp\u00f3\u0142czesnych misji w \u015bwiecie, szczeg\u00f3lnie w kontek\u015bcie Ko\u015bcio\u0142a hiszpa\u0144skiego.<\/p>\r\n<p>Dzi\u015b m\u0119czennik\u00f3w za wiar\u0119 jest wi\u0119cej ni\u017c w pierwszych wiekach chrze\u015bcija\u0144stwa &#8211; zauwa\u017cy\u0142 m\u00f3wca i doda\u0142, \u017ce prze\u015bladowania te towarzysz\u0105 historii Ko\u015bcio\u0142a oraz mieszcz\u0105 si\u0119 w samym centrum dzisiejszych dziej\u00f3w \u015bwiata. M\u0119cze\u0144stwo przenika ca\u0142\u0105 histori\u0119 Ko\u015bcio\u0142a, gdy\u017c chrze\u015bcijanie daj\u0105 \u015bwiadectwo najwy\u017cszej prawdy wobec kolejnych rz\u0105d\u00f3w, staj\u0105c si\u0119 \u201eniewygodnymi\u201d mniejszo\u015bciami &#8211; stwierdzi\u0142 de Haro.<\/p>\r\n<p>W tym kontek\u015bcie przypomnia\u0142, \u017ce pakista\u0144ska chrze\u015bcijanka Asia Bibi ju\u017c od 4 lat przebywa w wi\u0119zieniu tylko za to, \u017ce przed swymi s\u0105siadkami z wioski wyzna\u0142a, \u017ce Chrystus umar\u0142 za ni\u0105. Minister ds. mniejszo\u015bci religijnych w tym samym kraju &#8211; Szahbaz Bhatti o\u015bwiadczy\u0142, \u017ce nie boi si\u0119 odda\u0107 \u017cycia za Jezusa, po czym zgin\u0105\u0142. Syryjskiego kap\u0142ana Rajida porwano i zamordowano w jego kraju za to, \u017ce nie chcia\u0142 zamkn\u0105\u0107 swej parafii.<\/p>\r\n<p>Wed\u0142ug pisarza-dziennikarza s\u0105 to wsp\u00f3\u0142czesne przyk\u0142ady m\u0119czennik\u00f3w, kt\u00f3rzy &#8211; prze\u017cywaj\u0105c swe chrze\u015bcija\u0144stwo we wrogim \u015brodowisku &#8211; nie ulegli pogr\u00f3\u017ckom, ale dali \u015bwiadectwo wiary.<\/p>\r\n<p>Omawiaj\u0105c sytuacj\u0119 w Chinach, Indiach i krajach arabskich, prelegent zauwa\u017cy\u0142, \u017ce chrze\u015bcijanie s\u0105 niewygodni, gdy\u017c spogl\u0105daj\u0105 znacznie dalej poza to, co g\u0142osz\u0105 w\u0142adza pa\u0144stwowa i religia oficjalna. Nawet w Ameryce \u0141aci\u0144skiej, chocia\u017c stanowi\u0105 tam zdecydowan\u0105 wi\u0119kszo\u015b\u0107, s\u0105 zagro\u017ceni z powodu populizmu, kt\u00f3ry odwo\u0142uje si\u0119 do specyficznych kultur tego regionu. \u201eChrze\u015bcijanie pokazuj\u0105, \u017ce istnieje rzeczywisto\u015b\u0107 obywatelska, w kt\u00f3rej to, co cesarskie i religia nie id\u0105 razem\u201d &#8211; podkre\u015bli\u0142 publicysta.<\/p>\r\n<p>Zwr\u00f3ci\u0142 uwag\u0119 na donios\u0142o\u015b\u0107 przekazu wiary, kt\u00f3ra nie jest abstrakcj\u0105 ani sentymentalizmem. \u201eM\u0119czennik ukazuje przywi\u0105zanie do Chrystusa obecnego i rzeczywistego, co jest wa\u017cniejsze i dlatego przekazuje wiar\u0119\u201d &#8211; stwierdzi\u0142 prelegent. Jako przyk\u0142ad wymieni\u0142 chi\u0144skiego kap\u0142ana Li Daomina, wi\u0119\u017ania obozu koncentracyjnego, kt\u00f3ry jedynie swoim sposobem \u017cycia, nie m\u00f3g\u0142 bowiem m\u00f3wi\u0107, \u017ce jest kap\u0142anem, nawr\u00f3ci\u0142 na wiar\u0119 swego towarzysza z celi.<\/p>\r\n<p>W ramach spotkania w Burgos odby\u0142a si\u0119 9 bm. dyskusja okr\u0105g\u0142ego sto\u0142u nt. prze\u015bladowa\u0144 i mobbingu, kt\u00f3rych ofiarami padaj\u0105 wyznawcy Chrystusa. Uczestniczyli w niej naukowcy i specjali\u015bci w zakresie islamu, przedstawiciele Ko\u015bcio\u0142\u00f3w prze\u015bladowanych w Chinach i krajach muzu\u0142ma\u0144skich. Trzej misjonarze hiszpa\u0144scy z Algierii, Sierra Leone i Rwandy przedstawili \u015bwiadectwa prze\u015bladowa\u0144, jakich do\u015bwiadczyli oni sami i m\u0119cze\u0144stwa, kt\u00f3re spotka\u0142o ich towarzyszy.<\/p>\r\n<p>\u0179r\u00f3d\u0142o:KAI<\/p>\r\n<p>luk<\/p>","protected":false},"excerpt":{"rendered":"W 2011 zgin\u0119\u0142o z powodu swej wiary ponad 100 tysi\u0119cy chrze\u015bcijan &#8211; o\u015bwiadczy\u0142 Fernando de Haro, hiszpa\u0144ski pisarz na 66. Hiszpa\u0144skim Tygodniu Misjologicznym w Burgos. Podkre\u015bli\u0142 przy tym, \u017ce prze\u015bladowania religijne s\u0105 dzi\u015b ignorowane przez opini\u0119 publiczn\u0105, zw\u0142aszcza gdy chodzi o wyra\u017ane pogwa\u0142cenie prawa do wolno\u015bci religijnej. Jednocze\u015bnie zwr\u00f3ci\u0142 uwag\u0119, \u017ce je\u015bli wiar\u0119 prze\u017cywa si\u0119 [&hellip;]","protected":false},"author":1,"featured_media":0,"comment_status":"closed","ping_status":"closed","sticky":false,"template":"","format":"standard","meta":{"_acf_changed":false,"_monsterinsights_skip_tracking":false,"_monsterinsights_sitenote_active":false,"_monsterinsights_sitenote_note":"","_monsterinsights_sitenote_category":0,"ngg_post_thumbnail":0,"footnotes":"","_wp_rev_ctl_limit":""},"categories":[6],"tags":[100,114],"acf":[],"_links":{"self":[{"href":"https:\/\/www.bibula.com\/index.php?rest_route=\/wp\/v2\/posts\/69383"}],"collection":[{"href":"https:\/\/www.bibula.com\/index.php?rest_route=\/wp\/v2\/posts"}],"about":[{"href":"https:\/\/www.bibula.com\/index.php?rest_route=\/wp\/v2\/types\/post"}],"author":[{"embeddable":true,"href":"https:\/\/www.bibula.com\/index.php?rest_route=\/wp\/v2\/users\/1"}],"replies":[{"embeddable":true,"href":"https:\/\/www.bibula.com\/index.php?rest_route=%2Fwp%2Fv2%2Fcomments&post=69383"}],"version-history":[{"count":0,"href":"https:\/\/www.bibula.com\/index.php?rest_route=\/wp\/v2\/posts\/69383\/revisions"}],"wp:attachment":[{"href":"https:\/\/www.bibula.com\/index.php?rest_route=%2Fwp%2Fv2%2Fmedia&parent=69383"}],"wp:term":[{"taxonomy":"category","embeddable":true,"href":"https:\/\/www.bibula.com\/index.php?rest_route=%2Fwp%2Fv2%2Fcategories&post=69383"},{"taxonomy":"post_tag","embeddable":true,"href":"https:\/\/www.bibula.com\/index.php?rest_route=%2Fwp%2Fv2%2Ftags&post=69383"}],"curies":[{"name":"wp","href":"https:\/\/api.w.org\/{rel}","templated":true}]}}