{"id":69374,"date":"2013-07-10T08:08:42","date_gmt":"2013-07-10T13:08:42","guid":{"rendered":"http:\/\/www.bibula.com\/?p=69374"},"modified":"2013-07-10T08:08:42","modified_gmt":"2013-07-10T13:08:42","slug":"bp-tissier-de-mallerais-fsspx-nie-jestesmy-kosciolem-rownoleglym","status":"publish","type":"post","link":"https:\/\/www.bibula.com\/?p=69374","title":{"rendered":"Bp Tissier de Mallerais FSSPX: Nie jeste\u015bmy Ko\u015bcio\u0142em r\u00f3wnoleg\u0142ym"},"content":{"rendered":"<div>Fragment kazania bp. Bernarda Tissiera de Mallerais\u2019go, wyg\u0142oszonego 28 czerwca br. w Ec\u00c3\u00b4ne w Szwajcarii, w seminarium duchownym p.w. \u015bw. Piusa X, podczas ceremonii \u015bwi\u0119ce\u0144 kap\u0142a\u0144skich i diako\u0144skich.<\/div>\r\n<blockquote>\r\n<p>[Wy, kandydaci do \u015bwi\u0119ce\u0144,] b\u0119dziecie kap\u0142anami w czasie kryzysu w Ko\u015bciele. Tak d\u0142ugo, jak B\u00f3g zechce &#8211; nie nam zna\u0107 dnia ani godziny [kiedy si\u0119 on sko\u0144czy]. Lecz wy b\u0119dziecie \u015bwiadkami. Praktycznie od pocz\u0105tku istnienia Bractwa, po owym li\u015bcie pochwalnym rzymskich duchownych<sup><a id=\"fnref-2987-1\" href=\"http:\/\/news.fsspx.pl\/2013\/07\/bp-tissier-de-mallerais-fsspx-nie-jestesmy-kosciolem-rownoleglym\/#fn-2987-1\">1<\/a><\/sup>, byli\u015bmy pot\u0119piani, prze\u015bladowani, wykluczani, skazywani na wygnanie kanoniczne i psychologiczne, a jednak trwali\u015bmy. To jest tajemnicze, to nie wydaje si\u0119 normalne; powiedzia\u0142bym, \u017ce to co\u015b wyj\u0105tkowego. To, co nie jest normalne, to Ko\u015bci\u00f3\u0142 okupowany przez jego wroga. Zatem od pocz\u0105tku musimy znosi\u0107 pr\u00f3by, drodzy m\u0142odzi kap\u0142ani, drodzy przyszli kap\u0142ani, b\u0142ogos\u0142awieni prze\u015bladowani. B\u0142ogos\u0142awieni, kt\u00f3rzy cierpi\u0105 prze\u015bladowania dla sprawiedliwo\u015bci, albowiem ich jest Kr\u00f3lestwo Niebieskie. Nie czujemy si\u0119 szczeg\u00f3lnie przygn\u0119bieni, ale prze\u015bladowania mog\u0105 by\u0107 coraz dotkliwsze. Trzeba wytrwa\u0107, trzeba sta\u0107 niewzruszenie i prosi\u0107 Matk\u0119 Bo\u017c\u0105 o si\u0142\u0119 do bycia wyznawc\u0105 wiary. O bycie takim, jak byli \u015bwi\u0119ci.<\/p>\r\n<p>Sp\u00f3jrzcie na \u015bw. Hilarego z Poitiers, biskupa Poitiers w Galii w czasach arianizmu, gdy wi\u0119kszo\u015b\u0107 chrze\u015bcijan sta\u0142a si\u0119 heretykami, arianami. Tak wi\u0119c \u015bw. Hilary w Poitiers pozosta\u0142 biskupem katolickim, ale cesarz skaza\u0142 go na wygnanie do Egiptu. Co by si\u0119 sta\u0142o, do czego by dosz\u0142o, gdyby pozosta\u0142 w Galii? Musia\u0142by uk\u0142ada\u0107 si\u0119 z herezj\u0105. Szcz\u0119\u015bliwy Hilary, \u017ce poszed\u0142 na wygnanie, aby g\u0142osi\u0107 wiar\u0119 katolick\u0105, wiar\u0119 w Tr\u00f3jc\u0119 \u015awi\u0119t\u0105! Oto przyk\u0142ad dobrze oddaj\u0105cy nasz\u0105 sytuacj\u0119. Znajdujemy si\u0119 w sytuacji przypominaj\u0105cej wygnanie, lecz na szcz\u0119\u015bcie mo\u017cemy swobodnie g\u0142osi\u0107 ca\u0142\u0105 wiar\u0119 bez zawierania kompromis\u00f3w z b\u0142\u0119dem.<\/p>\r\n<p>Naszym powo\u0142aniem podczas tego kryzysu w Ko\u015bciele, drodzy m\u0142odzi ksi\u0119\u017ca &#8211; mo\u017ce to was uspokoi &#8211; naszym powo\u0142aniem nie jest wstrzykiwanie Ko\u015bcio\u0142owi soborowemu antymodernistycznej szczepionki, ale niesienie skarbu Ko\u015bcio\u0142a, co te\u017c czynimy. Niezniszczalny Ko\u015bci\u00f3\u0142 nie mo\u017ce utraci\u0107 skarbu swojej Tradycji, swojej wiary, swego kap\u0142a\u0144stwa. Musi by\u0107 kto\u015b, kto niesie ten skarb. I my kim\u015b takim jeste\u015bmy. My\u015bl\u0119, \u017ce w ten spos\u00f3b nale\u017cy postawi\u0107 t\u0119 kwesti\u0119. Na wygnaniu, do\u015bwiadczaj\u0105c ostracyzmu, niesiemy Ko\u015bci\u00f3\u0142. Oto, co nas inspiruje, drodzy wierni, drodzy ksi\u0119\u017ca, drodzy moi wsp\u00f3\u0142bracia [w biskupstwie]. Sp\u00f3jrzcie na Dzieci\u0105tko Jezus niesione na wygnaniu w Egipcie przez \u015bw. J\u00f3zefa. \u015aw. J\u00f3zef ni\u00f3s\u0142 Jezusa na wygnaniu, Ko\u015bci\u00f3\u0142 mia\u0142 sw\u00f3j pocz\u0105tek na wygnaniu, a jednak wci\u0105\u017c istnieje. On nie mo\u017ce przesta\u0107 istnie\u0107. Jezus, Dzieci\u0105tko Jezus by\u0142o w zal\u0105\u017cku Ko\u015bcio\u0142a katolickiego, poniewa\u017c On jest g\u0142ow\u0105 swego Mistycznego Cia\u0142a. W tej sytuacji zes\u0142ania, On by\u0142 na zes\u0142aniu. My, podczas naszego wygnania, niesiemy Ko\u015bci\u00f3\u0142. Nie obawiajcie si\u0119, my to czynimy i wy b\u0119dziecie to czyni\u0107. [Pe\u0142ni\u0107] zadanie, kt\u00f3rego jeste\u015bmy zupe\u0142nie niegodni.<\/p>\r\n<p>Nie jeste\u015bmy nie wiadomo czym, nie jeste\u015bmy sekt\u0105, nie jeste\u015bmy ma\u0142ym Ko\u015bcio\u0142em, kt\u00f3ry nigdy nie wr\u00f3ci do wielkiego Ko\u015bcio\u0142a. Oczywi\u015bcie, zgoda, nie jeste\u015bmy niczym takim. Nie jeste\u015bmy i nigdy nie byli\u015bmy jakim\u015b Ko\u015bcio\u0142em r\u00f3wnoleg\u0142ym, nawet po \u015bwi\u0119ceniach biskupich. Ko\u015bci\u00f3\u0142 r\u00f3wnoleg\u0142y &#8211; ten jest gdzie indziej. My\u015bl\u0119, \u017ce si\u0119 rozumiemy. Jeste\u015bmy Ko\u015bcio\u0142em katolickim [w jedno\u015bci] z wiecznym Rzymem.<\/p>\r\n<p>Zatem, drodzy przyszli kap\u0142ani, drodzy przyszli diakoni, b\u0105d\u017acie tymi, kt\u00f3rzy nios\u0105 Ko\u015bci\u00f3\u0142. B\u0105d\u017acie dumni, a jednocze\u015bnie pokorni, poniewa\u017c jeste\u015bmy niczym. Jest tajemnic\u0105, \u017ce B\u00f3g wybra\u0142 abp. Lefebvre\u2019a i jego ma\u0142\u0105 wsp\u00f3lnot\u0119 Tradycji, aby nios\u0142a Ko\u015bci\u00f3\u0142. To wybitne powo\u0142anie, wyj\u0105tkowe, \u017ar\u00f3d\u0142o nieocenionych \u0142ask, pod warunkiem, \u017ce je gromadzimy.<\/p>\r\n<p>(\u017ar\u00f3d\u0142o: laportelatine.org, 3 lipca 2013).<\/p>\r\n<\/blockquote>\r\n<p><small>W t\u0142umaczeniu zachowano m\u00f3wiony styl wypowiedzi.<\/small><\/p>\r\n<div id=\"footnotes-2987\"><ol>\r\n<li id=\"fn-2987-1\">18 lutego 1971 r. Jan J\u00f3zef kard. Wright, prefekt Kongregacji ds. Duchowie\u0144stwa, napisa\u0142 <em>decretum laudis<\/em>, list pochwalny pod adresem nowo powsta\u0142ego seminarium w Ec\u00c3\u00b4ne i statut\u00f3w Bractwa.<\/li>\r\n<\/ol><\/div>","protected":false},"excerpt":{"rendered":"Fragment kazania bp. Bernarda Tissiera de Mallerais\u2019go, wyg\u0142oszonego 28 czerwca br. w Ec\u00c3\u00b4ne w Szwajcarii, w seminarium duchownym p.w. \u015bw. Piusa X, podczas ceremonii \u015bwi\u0119ce\u0144 kap\u0142a\u0144skich i diako\u0144skich. [Wy, kandydaci do \u015bwi\u0119ce\u0144,] b\u0119dziecie kap\u0142anami w czasie kryzysu w Ko\u015bciele. Tak d\u0142ugo, jak B\u00f3g zechce &#8211; nie nam zna\u0107 dnia ani godziny [kiedy si\u0119 on sko\u0144czy]. [&hellip;]","protected":false},"author":1,"featured_media":0,"comment_status":"closed","ping_status":"closed","sticky":false,"template":"","format":"standard","meta":{"_acf_changed":false,"_monsterinsights_skip_tracking":false,"_monsterinsights_sitenote_active":false,"_monsterinsights_sitenote_note":"","_monsterinsights_sitenote_category":0,"ngg_post_thumbnail":0,"footnotes":"","_wp_rev_ctl_limit":""},"categories":[135],"tags":[119,32],"acf":[],"_links":{"self":[{"href":"https:\/\/www.bibula.com\/index.php?rest_route=\/wp\/v2\/posts\/69374"}],"collection":[{"href":"https:\/\/www.bibula.com\/index.php?rest_route=\/wp\/v2\/posts"}],"about":[{"href":"https:\/\/www.bibula.com\/index.php?rest_route=\/wp\/v2\/types\/post"}],"author":[{"embeddable":true,"href":"https:\/\/www.bibula.com\/index.php?rest_route=\/wp\/v2\/users\/1"}],"replies":[{"embeddable":true,"href":"https:\/\/www.bibula.com\/index.php?rest_route=%2Fwp%2Fv2%2Fcomments&post=69374"}],"version-history":[{"count":0,"href":"https:\/\/www.bibula.com\/index.php?rest_route=\/wp\/v2\/posts\/69374\/revisions"}],"wp:attachment":[{"href":"https:\/\/www.bibula.com\/index.php?rest_route=%2Fwp%2Fv2%2Fmedia&parent=69374"}],"wp:term":[{"taxonomy":"category","embeddable":true,"href":"https:\/\/www.bibula.com\/index.php?rest_route=%2Fwp%2Fv2%2Fcategories&post=69374"},{"taxonomy":"post_tag","embeddable":true,"href":"https:\/\/www.bibula.com\/index.php?rest_route=%2Fwp%2Fv2%2Ftags&post=69374"}],"curies":[{"name":"wp","href":"https:\/\/api.w.org\/{rel}","templated":true}]}}