{"id":69247,"date":"2013-07-02T17:39:27","date_gmt":"2013-07-02T22:39:27","guid":{"rendered":"http:\/\/www.bibula.com\/?p=69247"},"modified":"2020-09-18T08:45:54","modified_gmt":"2020-09-18T12:45:54","slug":"msz-ponad-18-milionow-polakow-zyje-za-granica","status":"publish","type":"post","link":"https:\/\/www.bibula.com\/?p=69247","title":{"rendered":"MSZ: ponad 18 milion\u00f3w Polak\u00f3w \u017cyje za granic\u0105"},"content":{"rendered":"<p><strong>Ponad 18 milion\u00f3w Polak\u00f3w \u017cyje poza granicami kraju &#8211; wynika z danych Ministerstwa Spraw Zagranicznych. 4,3 mln Polak\u00f3w \u017cyje w Europie Zachodniej, 1,5 mln w Europie Wschodniej, ok. 12,5 mln w obu Amerykach.<\/strong><\/p>\r\n<p>Wiceminister spraw zagranicznych Katarzyna Pe\u0142czy\u0144ska-Na\u0142\u0119cz zaprezentowa\u0142a senatorom z komisji spraw emigracji i \u0142\u0105czno\u015bci z Polakami za granic\u0105 raport MSZ o sytuacji Polonii i Polak\u00f3w za granic\u0105 w 2012.<\/p>\r\n<div class=\"cut1\">[&#8230;] <span class=\"podpis_sz\">Ca\u0142y tekst dost\u0119pny w materiale \u017ar\u00f3d\u0142owym<\/span><\/div>\r\n<p>\u0179r\u00f3d\u0142o: PAP<\/p>","protected":false},"excerpt":{"rendered":"Ponad 18 milion\u00f3w Polak\u00f3w \u017cyje poza granicami kraju &#8211; wynika z danych Ministerstwa Spraw Zagranicznych. 4,3 mln Polak\u00f3w \u017cyje w Europie Zachodniej, 1,5 mln w Europie Wschodniej, ok. 12,5 mln w obu Amerykach. Wiceminister spraw zagranicznych Katarzyna Pe\u0142czy\u0144ska-Na\u0142\u0119cz zaprezentowa\u0142a senatorom z komisji spraw emigracji i \u0142\u0105czno\u015bci z Polakami za granic\u0105 raport MSZ o sytuacji Polonii [&hellip;]","protected":false},"author":1,"featured_media":0,"comment_status":"closed","ping_status":"closed","sticky":false,"template":"","format":"standard","meta":{"_acf_changed":false,"_monsterinsights_skip_tracking":false,"_monsterinsights_sitenote_active":false,"_monsterinsights_sitenote_note":"","_monsterinsights_sitenote_category":0,"ngg_post_thumbnail":0,"footnotes":"","_wp_rev_ctl_limit":""},"categories":[129],"tags":[448,359],"acf":[],"_links":{"self":[{"href":"https:\/\/www.bibula.com\/index.php?rest_route=\/wp\/v2\/posts\/69247"}],"collection":[{"href":"https:\/\/www.bibula.com\/index.php?rest_route=\/wp\/v2\/posts"}],"about":[{"href":"https:\/\/www.bibula.com\/index.php?rest_route=\/wp\/v2\/types\/post"}],"author":[{"embeddable":true,"href":"https:\/\/www.bibula.com\/index.php?rest_route=\/wp\/v2\/users\/1"}],"replies":[{"embeddable":true,"href":"https:\/\/www.bibula.com\/index.php?rest_route=%2Fwp%2Fv2%2Fcomments&post=69247"}],"version-history":[{"count":2,"href":"https:\/\/www.bibula.com\/index.php?rest_route=\/wp\/v2\/posts\/69247\/revisions"}],"predecessor-version":[{"id":117190,"href":"https:\/\/www.bibula.com\/index.php?rest_route=\/wp\/v2\/posts\/69247\/revisions\/117190"}],"wp:attachment":[{"href":"https:\/\/www.bibula.com\/index.php?rest_route=%2Fwp%2Fv2%2Fmedia&parent=69247"}],"wp:term":[{"taxonomy":"category","embeddable":true,"href":"https:\/\/www.bibula.com\/index.php?rest_route=%2Fwp%2Fv2%2Fcategories&post=69247"},{"taxonomy":"post_tag","embeddable":true,"href":"https:\/\/www.bibula.com\/index.php?rest_route=%2Fwp%2Fv2%2Ftags&post=69247"}],"curies":[{"name":"wp","href":"https:\/\/api.w.org\/{rel}","templated":true}]}}