{"id":69045,"date":"2013-06-24T10:54:20","date_gmt":"2013-06-24T15:54:20","guid":{"rendered":"http:\/\/www.bibula.com\/?p=69045"},"modified":"2020-11-02T18:18:19","modified_gmt":"2020-11-02T23:18:19","slug":"wroclaw-miasto-spotkan-czy-skansen-polski-ludowej","status":"publish","type":"post","link":"https:\/\/www.bibula.com\/?p=69045","title":{"rendered":"Wroc\u0142aw &#8211; miasto spotka\u0144 czy skansen Polski Ludowej?"},"content":{"rendered":"<h3>O\u015bwiadczenie<\/h3>\r\n<p><img decoding=\"async\" class=\"alignleft\" style=\"margin: 10px;\" src=\"http:\/\/www.legitymizm.org\/img_mini\/wroclaw_cesarski.jpg\" alt=\"\" width=\"140\" height=\"140\" align=\"left\">Pan Rafa\u0142 Dutkiewicz, prezydent Wroc\u0142awia, po raz kolejny zha\u0144bi\u0142 sprawowany urz\u0105d, ponownie honoruj\u0105c w roli gospodarza miasta cz\u0142owieka bior\u0105cego czynny udzia\u0142 w zaprowadzaniu na ziemiach polskich okupacji komunistycznej, skompromitowanego s\u0142u\u017cb\u0105 w wojskach Ludowego Komisariatu Spraw Wewn\u0119trznych ZSRS (NKWD) i w Korpusie Bezpiecze\u0144stwa Wewn\u0119trznego, a tak\u017ce dzia\u0142alno\u015bci\u0105 agenturaln\u0105 na rzecz Informacji Wojskowej. W 2013 roku, r\u00f3wnie\u017c dzi\u0119ki uznaniu ze strony prezydenta Wroc\u0142awia, <strong>prof. Zygmunt Bauman<\/strong>, b\u0119d\u0105cy idealnym przyk\u0142adem biografii \u201eutrwalacza w\u0142adzy ludowej\u201d, traktowany jest jak m\u0119drzec wy\u0142\u0105czony spod wszelkiej krytyki. Wydarzenia, do kt\u00f3rych 22 czerwca dosz\u0142o na terenie Uniwersytetu Wroc\u0142awskiego, s\u0105 znakomitym, cho\u0107 przygn\u0119biaj\u0105cym dowodem na instytucjonaln\u0105 i mentaln\u0105 ci\u0105g\u0142o\u015b\u0107 mi\u0119dzy Polsk\u0105 Rzeczpospolit\u0105 Ludow\u0105 a Rzeczpospolit\u0105 Polsk\u0105. Zamiast Wolnej Polski, o kt\u00f3r\u0105 pan Dutkiewicz podobno walczy\u0142, w takich chwilach dostrzegamy odra\u017caj\u0105ce oblicze Drugiej PRL.<\/p>\r\n<p>Pan Dutkiewicz \u201d\u201d niestroni\u0105cy od wizerunku \u201ekonserwatysty\u201d \u201d\u201d ju\u017c niejednokrotnie dawa\u0142 wyraz swojej wrogo\u015bci wobec tych si\u0142 politycznych, kt\u00f3re broni\u0105 pewnej idei Polski. W ostatnich miesi\u0105cach deklarowa\u0142 m.in. marnowanie pieni\u0119dzy podatnik\u00f3w na tzw. walk\u0119 z rasizmem (czyli \u201d\u201d nazwijmy to wprost \u201d\u201d ukryte pod pozorem \u201edzia\u0142a\u0144 edukacyjnych\u201d promowanie skrajnej lewicy), w roku 2008 podleg\u0142y mu urz\u0119dnik nielegalnie rozwi\u0105za\u0142 przygotowuj\u0105c\u0105 si\u0119 do przemarszu demonstracj\u0119 ku czci ofiar Zbrodni Katy\u0144skiej, a 11 listopada 2010 r. pan Dutkiewicz wzi\u0105\u0142 udzia\u0142 w akcji zag\u0142uszania setkami gwizdk\u00f3w marszu patriotycznego, zmierzaj\u0105cego w stron\u0119 pomnika kr\u00f3la Boles\u0142awa Chrobrego (lokalne media informowa\u0142y o biernym udziale: by\u0142 w grupie zag\u0142uszaj\u0105cych, cho\u0107 sam nie gwizda\u0142). Nie dziwi ju\u017c zatem niedawny udzia\u0142 pana Dutkiewicza w warszawskiej debacie po\u015bwi\u0119conej ca\u0142kiem powa\u017cnym rozwa\u017caniom, czy odradzanie si\u0119 polskiej to\u017csamo\u015bci narodowej w czasach, kiedy Polska jest prowincj\u0105 Unii Europejskiej, jest r\u00f3wnoznaczne z gro\u017ab\u0105 pojawienia si\u0119 \u201efaszyzmu\u201d.<\/p>\r\n<p>Mimo wieloletniej tresury umys\u0142\u00f3w jeszcze nie wszyscy Polacy s\u0105 przekonani do stwierdzenia, \u017ce poczuwanie si\u0119 do obowi\u0105zk\u00f3w polskich jest co najmniej bliskie faszyzmowi. Dlatego mimo wszystkich r\u00f3\u017cnic ideowych i programowych, jakie dziel\u0105 nas od Narodowego Odrodzenia Polski, musimy z uznaniem przyj\u0105\u0107 protest dzia\u0142aczy i sympatyk\u00f3w tej partii. Protest, co warto podkre\u015bli\u0107, zorganizowany bez u\u017cycia jakichkolwiek form przemocy, lecz spacyfikowany przy udziale policyjnych jednostek antyterrorystycznych, kt\u00f3re m\u0142odych ludzi przypominaj\u0105cych o zbrodniach komunistycznych zmusi\u0142y do opuszczenia terenu Uniwersytetu.<\/p>\r\n<p>W pami\u0119\u0107 mieszka\u0144c\u00f3w Wroc\u0142awia powinny zapa\u015b\u0107 s\u0142owa pana Dutkiewicza o tym, \u017ce \u017ca\u0142uje, i\u017c nie ma do dyspozycji w\u0142asnych jednostek policyjnych. S\u0142uszniej zapewne by\u0142oby nazwa\u0107 je boj\u00f3wkami partyjnymi\u2026 Wed\u0142ug relacji <a href=\"http:\/\/wroclaw.gazeta.pl\/wroclaw\/1,35771,14149856,Antyterrorysci_na_wykladzie_prof__Baumana_we_Wroclawiu.html#MT\">\u201eGazety Wyborczej\u201d<\/a> prezydent obra\u017ca\u0142 te\u017c wroc\u0142awian s\u0142owami: <em>Nie b\u0119d\u0119 tolerowa\u0142 nacjonalistycznej ho\u0142oty w moim mie\u015bcie<\/em>, a tak\u017ce \u201d\u201d w apelu do ministra spraw wewn\u0119trznych \u201d\u201d zapowiedzia\u0142 dalsze represje wymierzone w narodow\u0105 opozycj\u0119. Pan Dutkiewicz zapomnia\u0142 widocznie, \u017ce jest wy\u0142\u0105cznie urz\u0119dnikiem wynaj\u0119tym przez obywateli do wype\u0142niania okre\u015blonej funkcji w lokalnym samorz\u0105dzie, a nie w\u0142a\u015bcicielem Wroc\u0142awia, kt\u00f3ry mia\u0142by nadzorowa\u0107 polityczn\u0105 poprawno\u015b\u0107 mieszka\u0144c\u00f3w.<\/p>\r\n<p>Podnie\u015b\u0107 nale\u017cy, \u017ce \u201d\u201d nadal cytujemy \u201eGazet\u0119 Wyborcz\u0105\u201d \u201d\u201d <em>Wydarzeniami, do jakich dosz\u0142o, zaskoczony jest ca\u0142kowicie Marek Bojarski, rektor Uniwersytetu Wroc\u0142awskiego. O sprawie dowiedzia\u0142 si\u0119 od nas podczas powrotu do Wroc\u0142awia z zagranicznej podr\u00f3\u017cy<\/em>. Kto zatem zdecydowa\u0142 o naruszeniu autonomii Uniwersytetu i wprowadzeniu do budynku uczelni policjant\u00f3w uzbrojonych w rozpylacze gazu i bro\u0144 g\u0142adkolufow\u0105, a tak\u017ce nieumundurowanej agentury? W artykule \u201eGazety Wyborczej\u201d wspomina si\u0119 o dzia\u0142aniach podj\u0119tych na \u017cyczenie lidera Sojuszu Lewicy Demokratycznej, pana Leszka Millera, kt\u00f3ry nalega\u0142 na <em>odpowiednie potraktowanie wydarzenia<\/em>. Kto jeszcze jest personalnie odpowiedzialny za zaistnia\u0142y skandal, kt\u00f3ry przypomina najgorsze praktyki rzekomo minionego systemu?<\/p>\r\n<p>Od ponad dw\u00f3ch dekad media g\u0142\u00f3wnego nurtu nieustannie podkre\u015blaj\u0105 \u201enarastanie brunatnego zagro\u017cenia\u201d. Warto dostrzec interesuj\u0105c\u0105 analogi\u0119 \u201d\u201d im d\u0142u\u017cej trwa toczona na wszystkich frontach tzw. walka z faszyzmem, rasizmem, nacjonalizmem i antysemityzmem oraz wszelkimi przejawami nietolerancji, dyskryminacji, nienawi\u015bci i wykluczenia, tym \u201ezagro\u017cenie\u201d staje si\u0119 coraz wi\u0119ksze, \u201ebrunatny cie\u0144\u201d nad Polsk\u0105 g\u0119stnieje.<\/p>\r\n<p>W pa\u017adzierniku 1995 roku w imi\u0119 post\u0119pu i tolerancji, bez \u017cadnej reakcji ze strony policji, na terenie Uniwersytetu Warszawskiego reprezentanci lewicy bili s\u0142uchaczy i zniszczyli mienie Wydzia\u0142u Filozofii, aby tylko nie dopu\u015bci\u0107 do wyk\u0142adu francuskiego filologa i polityka, profesora Brunona Gollnischa. W\u00f3wczas by\u0142 to odosobniony incydent. Obecnie dostrzegamy problem instytucjonalny: w 2013 r. osoby kojarzone z szeroko rozumianym polskim obozem narodowym rugowane s\u0105 z przestrzeni akademickiej, pozbawiane prawa g\u0142osu lub n\u0119kane donosami (<em>on my\u015bli inaczej!<\/em>). W czerwcu 1989 r. podobno sko\u0144czy\u0142 si\u0119 w Polsce komunizm, ale pogl\u0105dy i wypowiedzi antykomunistyczne wci\u0105\u017c sta\u0107 si\u0119 mog\u0105 przyczyn\u0105 wielu powa\u017cnych k\u0142opot\u00f3w. Dzi\u015b to postmodernizm jest nowym opakowaniem starych komunistycznych tre\u015bci, mo\u017cna zatem pokusi\u0107 si\u0119 o parafraz\u0119 najbardziej znanego chyba cytatu Filipa K. Dicka i stwierdzi\u0107: <em>Imperium sowieckie wcale si\u0119 nie rozpad\u0142o<\/em>.<\/p>\r\n<p><strong>dr hab. Jacek Bartyzel, prof. UMK<\/strong><\/p>\r\n<p><em>przewodnicz\u0105cy honorowy Klubu Konserwatywnego w \u0141odzi<\/em><\/p>\r\n<p><strong>Grzegorz Braun<\/strong><\/p>\r\n<p><em>re\u017cyser<\/em><\/p>\r\n<p><strong>Robert Maurer<\/strong><\/p>\r\n<p><em>cz\u0142onek Oddzia\u0142u Wroc\u0142awskiego Kongresu Nowej Prawicy<\/em><\/p>\r\n<p><strong>Adrian Nikiel<\/strong><\/p>\r\n<p><em>prezes Organizacji Monarchist\u00f3w Polskich<\/em><\/p>","protected":false},"excerpt":{"rendered":"O\u015bwiadczenie Pan Rafa\u0142 Dutkiewicz, prezydent Wroc\u0142awia, po raz kolejny zha\u0144bi\u0142 sprawowany urz\u0105d, ponownie honoruj\u0105c w roli gospodarza miasta cz\u0142owieka bior\u0105cego czynny udzia\u0142 w zaprowadzaniu na ziemiach polskich okupacji komunistycznej, skompromitowanego s\u0142u\u017cb\u0105 w wojskach Ludowego Komisariatu Spraw Wewn\u0119trznych ZSRS (NKWD) i w Korpusie Bezpiecze\u0144stwa Wewn\u0119trznego, a tak\u017ce dzia\u0142alno\u015bci\u0105 agenturaln\u0105 na rzecz Informacji Wojskowej. W 2013 roku, [&hellip;]","protected":false},"author":1,"featured_media":0,"comment_status":"closed","ping_status":"closed","sticky":false,"template":"","format":"standard","meta":{"_acf_changed":false,"_monsterinsights_skip_tracking":false,"_monsterinsights_sitenote_active":false,"_monsterinsights_sitenote_note":"","_monsterinsights_sitenote_category":0,"ngg_post_thumbnail":0,"footnotes":"","_wp_rev_ctl_limit":""},"categories":[8],"tags":[35,66,344,92,81,55,36],"acf":[],"_links":{"self":[{"href":"https:\/\/www.bibula.com\/index.php?rest_route=\/wp\/v2\/posts\/69045"}],"collection":[{"href":"https:\/\/www.bibula.com\/index.php?rest_route=\/wp\/v2\/posts"}],"about":[{"href":"https:\/\/www.bibula.com\/index.php?rest_route=\/wp\/v2\/types\/post"}],"author":[{"embeddable":true,"href":"https:\/\/www.bibula.com\/index.php?rest_route=\/wp\/v2\/users\/1"}],"replies":[{"embeddable":true,"href":"https:\/\/www.bibula.com\/index.php?rest_route=%2Fwp%2Fv2%2Fcomments&post=69045"}],"version-history":[{"count":1,"href":"https:\/\/www.bibula.com\/index.php?rest_route=\/wp\/v2\/posts\/69045\/revisions"}],"predecessor-version":[{"id":120146,"href":"https:\/\/www.bibula.com\/index.php?rest_route=\/wp\/v2\/posts\/69045\/revisions\/120146"}],"wp:attachment":[{"href":"https:\/\/www.bibula.com\/index.php?rest_route=%2Fwp%2Fv2%2Fmedia&parent=69045"}],"wp:term":[{"taxonomy":"category","embeddable":true,"href":"https:\/\/www.bibula.com\/index.php?rest_route=%2Fwp%2Fv2%2Fcategories&post=69045"},{"taxonomy":"post_tag","embeddable":true,"href":"https:\/\/www.bibula.com\/index.php?rest_route=%2Fwp%2Fv2%2Ftags&post=69045"}],"curies":[{"name":"wp","href":"https:\/\/api.w.org\/{rel}","templated":true}]}}