{"id":68984,"date":"2013-06-21T14:29:34","date_gmt":"2013-06-21T19:29:34","guid":{"rendered":"http:\/\/www.bibula.com\/?p=68984"},"modified":"2013-06-21T14:29:34","modified_gmt":"2013-06-21T19:29:34","slug":"obama-szkoly-katolickie-jak-segregacja-rasowa-irlandia-pln-oburzona","status":"publish","type":"post","link":"https:\/\/www.bibula.com\/?p=68984","title":{"rendered":"Obama: szko\u0142y katolickie jak segregacja rasowa. Irlandia P\u0142n. oburzona"},"content":{"rendered":"<p><strong>Gwa\u0142town\u0105 krytyk\u0119 wzbudzi\u0142o przem\u00f3wienie prezydenta Baracka Obamy, kt\u00f3ry podczas wizyty w p\u00f3\u0142nocnoirlandzkim Belfa\u015bcie skrytykowa\u0142 katolicki system szkolnictwa i por\u00f3wna\u0142 funkcjonowanie szk\u00f3\u0142 religijnych do systemu segregacji rasowej, jaki istnia\u0142 kiedy\u015b na G\u0142\u0119bokim Po\u0142udniu w USA.<\/strong><\/p>\r\n<p>Obama stwierdzi\u0142 podczas spotkania z m\u0142odzie\u017c\u0105 w ratuszu miejskim, \u017ce jedn\u0105 z podstawowych przeszk\u00f3d w procesie pokojowym w Irlandii P\u00f3\u0142nocnej jest fakt, \u017ce miasta i szko\u0142y s\u0105 podzielone.<\/p>\r\n<p>&#8211; <em>Je\u017celi katolicy maj\u0105 swoje szko\u0142y i budynki a protestanci swoje, je\u015bli nie mo\u017cemy dostrzec samych siebie w innych, je\u015bli pozwala si\u0119, by l\u0119k i uraza wzmacnia\u0142y si\u0119, to pobudza podzia\u0142. I zniech\u0119ca do wsp\u00f3\u0142pracy<\/em> &#8211; m\u00f3wi\u0142 prezydent i wskazywa\u0142 na histori\u0119 Ameryki, kt\u00f3ra musia\u0142a si\u0119 upora\u0107 z problemem niewolnictwa i segregacji rasowej. Por\u00f3wna\u0142 te\u017c wojn\u0119 secesyjn\u0105 i jej konsekwencje do konfliktu w Irlandii P\u00f3\u0142nocnej.<\/p>\r\n<p>S\u0142owa polityka wzbudzi\u0142y gwa\u0142town\u0105 krytyk\u0119 w\u015br\u00f3d katolik\u00f3w w Irlandii P\u00f3\u0142nocnej. Analiz\u0119 przedstawion\u0105 przez Obam\u0119 uznano za \u201ebudz\u0105c\u0105 niepok\u00f3j\u201d i \u201enieuzasadnion\u0105\u201d.<\/p>\r\n<p>Zdaniem Liama Gibsona, p\u00f3\u0142nocnoirlandzkiego przedstawiciela Stowarzyszenia Obro\u0144c\u00f3w Dzieci Pocz\u0119tych (SPUC), przem\u00f3wienie Obamy by\u0142o obra\u017aliwe nie tylko dla katolik\u00f3w, kt\u00f3rzy d\u0142ugo walczyli o prawo do obecno\u015bci szk\u00f3\u0142 katolickich na tym terenie, ale tak\u017ce dla tych, \u201ekt\u00f3rzy buduj\u0105 jedno\u015b\u0107 spo\u0142eczn\u0105 w Irlandii P\u00f3\u0142nocnej\u201d. Przyzna\u0142, \u017ce diagnoz\u0119 przedstawion\u0105 przez ameryka\u0144skiego polityka odebra\u0142 bardzo osobi\u015bcie. Jak wyja\u015bnia, przybywaj\u0105cy z USA jako go\u015b\u0107 prezydent za ca\u0142\u0105 polityczn\u0105 przemoc, do jakiej dochodzi\u0142o przesz\u0142o\u015bci w Irlandii P\u00f3\u0142nocnej, obwinia system szk\u00f3\u0142 katolickich.<\/p>\r\n<p>Z kolei wed\u0142ug Davida Freddoso z portalu Conservative Intelligence Briefing, Obama pope\u0142ni\u0142 gaf\u0119. By to zrozumie\u0107, analityk proponuje wyobra\u017cenie sobie, co by si\u0119 dzia\u0142o, gdyby podobnie niepochlebne s\u0142owa pod adresem islamskiego szkolnictwa polityk ten wypowiedzia\u0142 na Zachodnim Brzegu.<\/p>\r\n<p>Bp Donald McKeown, przewodnicz\u0105cy p\u00f3\u0142nocnoirlandzkiej komisji ds. katolickiego duszpasterstwa m\u0142odzie\u017cy, uzna\u0142, \u017ce analiza Obamy opiera si\u0119 na banalizacji problem\u00f3w regionu i w \u017caden spos\u00f3b nie odzwierciedla jego obecnej sytuacji. Wed\u0142ug duchownego, szko\u0142y katolickie s\u0105 obecnie niezwykle otwarte, oraz \u201erasowo i j\u0119zykowo zr\u00f3\u017cnicowane\u201d.<\/p>\r\n<p>Wed\u0142ug licznych komentator\u00f3w, antykatolickie nastawienie najbardziej antyrodzinnego i najbardziej proaborcyjnego prezydenta w historii USA nie powinno dziwi\u0107, natomiast powinno by\u0107 sygna\u0142em ostrzegawczym dla wielu polityk\u00f3w, kt\u00f3rzy powinni sobie przypomnie\u0107 ostrze\u017cenia Benedykta XVI przed politykami promuj\u0105cymi pod p\u0142aszczykiem tolerancji \u201edyktatur\u0119 relatywizmu\u201d.<\/p>\r\n<p>\u0179r\u00f3d\u0142o: KAI<\/p>\r\n<p>ged<\/p>","protected":false},"excerpt":{"rendered":"Gwa\u0142town\u0105 krytyk\u0119 wzbudzi\u0142o przem\u00f3wienie prezydenta Baracka Obamy, kt\u00f3ry podczas wizyty w p\u00f3\u0142nocnoirlandzkim Belfa\u015bcie skrytykowa\u0142 katolicki system szkolnictwa i por\u00f3wna\u0142 funkcjonowanie szk\u00f3\u0142 religijnych do systemu segregacji rasowej, jaki istnia\u0142 kiedy\u015b na G\u0142\u0119bokim Po\u0142udniu w USA. Obama stwierdzi\u0142 podczas spotkania z m\u0142odzie\u017c\u0105 w ratuszu miejskim, \u017ce jedn\u0105 z podstawowych przeszk\u00f3d w procesie pokojowym w Irlandii P\u00f3\u0142nocnej jest [&hellip;]","protected":false},"author":1,"featured_media":0,"comment_status":"closed","ping_status":"closed","sticky":false,"template":"","format":"standard","meta":{"_acf_changed":false,"_monsterinsights_skip_tracking":false,"_monsterinsights_sitenote_active":false,"_monsterinsights_sitenote_note":"","_monsterinsights_sitenote_category":0,"ngg_post_thumbnail":0,"footnotes":"","_wp_rev_ctl_limit":""},"categories":[6],"tags":[132,80,237,21],"acf":[],"_links":{"self":[{"href":"https:\/\/www.bibula.com\/index.php?rest_route=\/wp\/v2\/posts\/68984"}],"collection":[{"href":"https:\/\/www.bibula.com\/index.php?rest_route=\/wp\/v2\/posts"}],"about":[{"href":"https:\/\/www.bibula.com\/index.php?rest_route=\/wp\/v2\/types\/post"}],"author":[{"embeddable":true,"href":"https:\/\/www.bibula.com\/index.php?rest_route=\/wp\/v2\/users\/1"}],"replies":[{"embeddable":true,"href":"https:\/\/www.bibula.com\/index.php?rest_route=%2Fwp%2Fv2%2Fcomments&post=68984"}],"version-history":[{"count":0,"href":"https:\/\/www.bibula.com\/index.php?rest_route=\/wp\/v2\/posts\/68984\/revisions"}],"wp:attachment":[{"href":"https:\/\/www.bibula.com\/index.php?rest_route=%2Fwp%2Fv2%2Fmedia&parent=68984"}],"wp:term":[{"taxonomy":"category","embeddable":true,"href":"https:\/\/www.bibula.com\/index.php?rest_route=%2Fwp%2Fv2%2Fcategories&post=68984"},{"taxonomy":"post_tag","embeddable":true,"href":"https:\/\/www.bibula.com\/index.php?rest_route=%2Fwp%2Fv2%2Ftags&post=68984"}],"curies":[{"name":"wp","href":"https:\/\/api.w.org\/{rel}","templated":true}]}}