{"id":68962,"date":"2013-06-21T09:55:13","date_gmt":"2013-06-21T14:55:13","guid":{"rendered":"http:\/\/www.bibula.com\/?p=68962"},"modified":"2013-06-21T09:55:13","modified_gmt":"2013-06-21T14:55:13","slug":"bieda-w-polsce-piszczy-coraz-glosniej","status":"publish","type":"post","link":"https:\/\/www.bibula.com\/?p=68962","title":{"rendered":"Bieda w Polsce piszczy coraz g\u0142o\u015bniej"},"content":{"rendered":"<p>1. Do wczorajszego porz\u0105dku obrad Sejmu, w ramach tzw. informacji bie\u017c\u0105cej, klub Prawa i Sprawiedliwo\u015bci zaproponowa\u0142 debat\u0119 na temat \u201ebraku dzia\u0142a\u0144 rz\u0105du zmierzaj\u0105cych do ograniczenia zakresu podmiotowego i przedmiotowego biedy w Polsce\u201d, kt\u00f3r\u0105 prowadzi\u0142a w naszym imieniu pose\u0142 i profesor J\u00f3zefa Hrynkiewicz.<\/p>\r\n<p>Inspiracj\u0105 do rozpocz\u0119cia debaty na ten temat, by\u0142 opublikowany pod koniec maja tego roku kolejny raport G\u0142\u00f3wnego Urz\u0119du Statystycznego (GUS) \u201eUb\u00f3stwo w Polsce w 2012 roku na podstawie bada\u0144 bud\u017cet\u00f3w gospodarstw domowych\u201d.<\/p>\r\n<p>W trwaj\u0105cej blisko 2 godziny debacie, wzi\u0119\u0142o udzia\u0142 blisko 30 pos\u0142\u00f3w ze wszystkich klub\u00f3w parlamentarnych, a na pytania pos\u0142\u00f3w odpowiadali wiceministrowie pracy i polityki spo\u0142ecznej: sekretarz stanu Jaros\u0142aw Duda i podsekretarz stanu El\u017cbieta Seredyn.<\/p>\r\n<p>2. Zabiera\u0142em g\u0142os w tej debacie i zwr\u00f3ci\u0142em uwag\u0119 ministr\u00f3w na bulwersuj\u0105ce zjawisko wykazywane w raporcie GUS wzrostu biedy skrajnej w latach 2011-2012 (bieda skrajna to taki poziom dochod\u00f3w na g\u0142ow\u0119 w rodzinie, poni\u017cej kt\u00f3rego nast\u0119puje biologiczne wyniszczenie cz\u0142owieka).<\/p>\r\n<p>Ot\u00f3\u017c wed\u0142ug tego dokumentu zjawisko biedy skrajnej od 2005 roku systematycznie mala\u0142o z 12,3% do 5,6% w roku 2008 (w liczbach bezwzgl\u0119dnych z 5,6 mln os\u00f3b do 2,2 mln os\u00f3b), przez kilka kolejnych lat utrzymywa\u0142o si\u0119 na tym samym poziomie, by wyra\u017anie wzrosn\u0105\u0107 w latach 2011 i 2012 do odpowiednio 6,5 % i 6,7%, a wi\u0119c o blisko 400 tysi\u0119cy os\u00f3b.<\/p>\r\n<p>Ta dramatyczna sytuacja gwa\u0142townego przyrostu skrajnej biedy w Polsce nast\u0105pi\u0142a w sytuacji kiedy skumulowany wzrost gospodarczy w latach 2008 -2012 wyni\u00f3s\u0142 a\u017c 18% PKB i na ten poziom wzrostu bardzo cz\u0119sto powo\u0142uj\u0105 si\u0119 w wypowiedziach publicznych zar\u00f3wno premier Tusk jak i odpowiedzialny za bud\u017cet pa\u0144stwa minister Rostowski.<\/p>\r\n<p>3. Je\u017celi przyjrzymy si\u0119 strukturze tej biedy to informacje prezentowane przez GUS w tym zakresie s\u0105 dos\u0142ownie pora\u017caj\u0105ce.<\/p>\r\n<p>Je\u017celi chodzi o struktur\u0119 wiekow\u0105 to w skrajnej biedzie \u017cyje 9,3% os\u00f3b w wieku od 0 do 17 lat. A wi\u0119c prawie co 10 Polak do 17 roku \u017cycia ma poziom dochod\u00f3w, kt\u00f3ry powoduje ich biologiczne wyniszczenie i dzieje si\u0119 to w kraju b\u0119d\u0105cym cz\u0142onkiem UE, kt\u00f3ry do tej pory prezentowany jest jako tzw. zielona wyspa.<\/p>\r\n<p>R\u00f3wnie dramatycznie wygl\u0105daj\u0105 dane dotycz\u0105ce skrajnej biedy wg. typu gospodarstwa domowego.<\/p>\r\n<p>A\u017c 26,6% ma\u0142\u017ce\u0144stw z czw\u00f3rk\u0105 i wi\u0119ksz\u0105 liczb\u0105 dzieci, 9,7% ma\u0142\u017ce\u0144stw z tr\u00f3jk\u0105 dzieci, 4% ma\u0142\u017ce\u0144stw z dw\u00f3j\u0105 dzieci, 2,5% ma\u0142\u017ce\u0144stw z jednym dzieckiem i 8,7% rodzin z jednym rodzicem i dzie\u0107mi na utrzymaniu znalaz\u0142o si\u0119 poni\u017cej progu skrajnej biedy.<\/p>\r\n<p>4. Przedstawiciele rz\u0105du niestety nie mieli zbyt wiele do powiedzenia. M\u00f3wili mi\u0119dzy innymi o podniesieniu kryterium dochodowego o 35 z\u0142 (po paru latach braku takich podwy\u017cek) pozwalaj\u0105cego na otrzymanie zasi\u0142ku rodzinnego na dzieci tyle tylko, \u017ce mimo tej podwy\u017cki od listopada poprzedniego roku, kolejne 160 tysi\u0119cy dzieci zosta\u0142o pozbawione takich zasi\u0142k\u00f3w.<\/p>\r\n<p>Z kolei pos\u0142owie Platformy powo\u0142ywali si\u0119 na kolejny raport prof. Czapi\u0144skiego \u201eDiagnoza spo\u0142eczna 2012\u201d, z kt\u00f3rego pono\u0107 wynika powszechna szcz\u0119\u015bliwo\u015b\u0107 Polak\u00f3w (blisko 80% badanych okre\u015bla\u0142o si\u0119 jako szcz\u0119\u015bliwi) ale tego rodzaju wypowiedzi potwierdzaj\u0105 tylko tez\u0119, \u017ce pos\u0142owie partii rz\u0105dz\u0105cej s\u0105 coraz bardziej oderwani od rzeczywisto\u015bci.<\/p>\r\n<p>5. Debata toczy\u0142a si\u0119 od godziny 11 do 13 ale mimo obecno\u015bci w Sejmie dziennikarzy wi\u0119kszo\u015bci medi\u00f3w, nie by\u0142o ni\u0105 \u017cadnego zainteresowania.<\/p>\r\n<p>Zreszt\u0105 sam raport GUS zosta\u0142 opublikowany pod koniec maja tego roku ale w mediach od tamtego momentu nie by\u0142o na ten temat zbyt wielu informacji.<\/p>\r\n<p>Jest to bowiem kolejna publikacja GUS, kt\u00f3ra pokazuje obraz rozlewaj\u0105cej si\u0119 w Polsce biedy, dotycz\u0105cej ogromnej cz\u0119\u015bci naszego spo\u0142ecze\u0144stwa w tym w du\u017cej mierze dzieci, co oznacza w przysz\u0142o\u015bci dziedziczenie przez nie biedy.<\/p>\r\n<p>A rozpowszechnianie takich informacji nie le\u017cy ci\u0105gle w interesie medi\u00f3w g\u0142\u00f3wnego nurtu w Polsce.<\/p>\r\n\r\n<p><strong><em>Zbigniew Ku\u017amiuk<\/em><\/strong><\/p>","protected":false},"excerpt":{"rendered":"1. Do wczorajszego porz\u0105dku obrad Sejmu, w ramach tzw. informacji bie\u017c\u0105cej, klub Prawa i Sprawiedliwo\u015bci zaproponowa\u0142 debat\u0119 na temat \u201ebraku dzia\u0142a\u0144 rz\u0105du zmierzaj\u0105cych do ograniczenia zakresu podmiotowego i przedmiotowego biedy w Polsce\u201d, kt\u00f3r\u0105 prowadzi\u0142a w naszym imieniu pose\u0142 i profesor J\u00f3zefa Hrynkiewicz. Inspiracj\u0105 do rozpocz\u0119cia debaty na ten temat, by\u0142 opublikowany pod koniec maja tego [&hellip;]","protected":false},"author":1,"featured_media":0,"comment_status":"closed","ping_status":"closed","sticky":false,"template":"","format":"standard","meta":{"_acf_changed":false,"_monsterinsights_skip_tracking":false,"_monsterinsights_sitenote_active":false,"_monsterinsights_sitenote_note":"","_monsterinsights_sitenote_category":0,"ngg_post_thumbnail":0,"footnotes":"","_wp_rev_ctl_limit":""},"categories":[8],"tags":[92],"acf":[],"_links":{"self":[{"href":"https:\/\/www.bibula.com\/index.php?rest_route=\/wp\/v2\/posts\/68962"}],"collection":[{"href":"https:\/\/www.bibula.com\/index.php?rest_route=\/wp\/v2\/posts"}],"about":[{"href":"https:\/\/www.bibula.com\/index.php?rest_route=\/wp\/v2\/types\/post"}],"author":[{"embeddable":true,"href":"https:\/\/www.bibula.com\/index.php?rest_route=\/wp\/v2\/users\/1"}],"replies":[{"embeddable":true,"href":"https:\/\/www.bibula.com\/index.php?rest_route=%2Fwp%2Fv2%2Fcomments&post=68962"}],"version-history":[{"count":0,"href":"https:\/\/www.bibula.com\/index.php?rest_route=\/wp\/v2\/posts\/68962\/revisions"}],"wp:attachment":[{"href":"https:\/\/www.bibula.com\/index.php?rest_route=%2Fwp%2Fv2%2Fmedia&parent=68962"}],"wp:term":[{"taxonomy":"category","embeddable":true,"href":"https:\/\/www.bibula.com\/index.php?rest_route=%2Fwp%2Fv2%2Fcategories&post=68962"},{"taxonomy":"post_tag","embeddable":true,"href":"https:\/\/www.bibula.com\/index.php?rest_route=%2Fwp%2Fv2%2Ftags&post=68962"}],"curies":[{"name":"wp","href":"https:\/\/api.w.org\/{rel}","templated":true}]}}