{"id":68935,"date":"2013-06-20T13:53:21","date_gmt":"2013-06-20T18:53:21","guid":{"rendered":"http:\/\/www.bibula.com\/?p=68935"},"modified":"2013-06-20T13:53:21","modified_gmt":"2013-06-20T18:53:21","slug":"rostowski-z-bilderbergu","status":"publish","type":"post","link":"https:\/\/www.bibula.com\/?p=68935","title":{"rendered":"Rostowski z Bilderbergu"},"content":{"rendered":"<p><strong>Gdzie zapad\u0142a decyzja o politycznej przysz\u0142o\u015bci Donalda Tuska?<\/strong><\/p>\r\n<p><strong>&#8211; <em>Podj\u0105\u0142em decyzj\u0119, \u017ce chc\u0119 by\u0107 dalej polskim premierem i \u017ce do 2015 roku, a wi\u0119c do czasu, kiedy wyborcy podejm\u0105 kolejn\u0105 decyzj\u0119, kto ma rz\u0105dzi\u0107 w Polsce, b\u0119d\u0119 anga\u017cowa\u0142 si\u0119 wy\u0142\u0105cznie w sprawy krajowe, je\u015bli chodzi o stanowiska, jakie mi si\u0119 przypisuje w przysz\u0142o\u015bci<\/em> &#8211; to o\u015bwiadczenie Donalda Tuska w telewizyjnym programie Tomasza Lisa, ostatecznie ko\u0144cz\u0105ce spekulacje na temat ubiegania si\u0119 premiera o fotel szefa Komisji Europejskiej, zosta\u0142o wyg\u0142oszone 10 czerwca wieczorem. Dzie\u0144 wcze\u015bniej w Londynie zako\u0144czy\u0142o si\u0119 coroczne spotkanie Grupy Bilderberg, w kt\u00f3rym bra\u0142 udzia\u0142 wicepremier Jacek Rostowski. Czy te dwa wydarzenia maj\u0105 ze sob\u0105 zwi\u0105zek?<\/strong><\/p>\r\n<p>Oczywi\u015bcie to nie Tusk zrezygnowa\u0142 z kandydowania na najwa\u017cniejsz\u0105 osob\u0119 w Brukseli. To z niego zrezygnowano &#8211; o ile w og\u00f3le brano go pod uwag\u0119, co wcale nie jest takie pewne. Tak czy inaczej, decyzja o tym, kto b\u0119dzie kierowa\u0142 Komisj\u0105 Europejsk\u0105 po unijnych wyborach w 2014 r., ju\u017c zapad\u0142a. Czy sta\u0142o si\u0119 to w dniach 6-9 czerwca na londy\u0144skim spotkaniu Bilderbergu? Wiele na to wskazuje.<\/p>\r\n<p><strong>Dzie\u0142o \u017cycia Retingera<\/strong><\/p>\r\n<p>Od ponad p\u00f3\u0142wiecza rok w rok, w maju lub czerwcu, za ka\u017cdym razem w innym miejscu \u015bwiata &#8211; zawsze w ekskluzywnym hotelu &#8211; spotyka si\u0119 grono os\u00f3b, kt\u00f3re przez miejscowych mog\u0142yby zosta\u0107 uznane za bogatych turyst\u00f3w. Ale nie dla cel\u00f3w turystycznych odbywaj\u0105 si\u0119 te spotkania. Omawia si\u0119 na nich najwa\u017cniejsze kwestie dotycz\u0105ce \u015bwiatowej polityki.<\/p>\r\n<p>Wszystko zacz\u0119\u0142o si\u0119 w maju 1954 r. w holenderskiej miejscowo\u015bci Oosterbech, po\u0142o\u017conej niedaleko s\u0142awnego Arnhem, gdzie dziesi\u0119\u0107 lat wcze\u015bniej walczyli polscy komandosi gen. Sosabowskiego. Na miejsce pierwszego spotkania wybrano hotel &#8222;Bilderberg\u201d, st\u0105d utrwali\u0142a si\u0119 nazwa Grupa Bilderberg. W pierwszym spotkaniu wzi\u0119\u0142o udzia\u0142 oko\u0142o 80 os\u00f3b, obecnie ta liczba si\u0119ga 140. Sk\u0142ad uczestnik\u00f3w za ka\u017cdym razem jest nieco inny, cho\u0107 istnieje \u015bcis\u0142a czo\u0142\u00f3wka, kt\u00f3ra pojawia si\u0119 zawsze.<\/p>\r\n<p>Inicjatorem pierwszego spotkania, a nast\u0119pnie &#8211; a\u017c do \u015bmierci &#8211; sekretarzem Grupy by\u0142 <strong>J\u00f3zef Retinger<\/strong> (1888-1960) &#8211; posta\u0107 tyle\u017c barwna, co tajemnicza. Urodzi\u0142 si\u0119 w Krakowie, by\u0142 wychowankiem hrabiego W\u0142adys\u0142awa Zamoyskiego, kt\u00f3ry da\u0142 mu gruntowne wykszta\u0142cenie w Pary\u017cu. Od czasu I wojny \u015bwiatowej wsp\u00f3\u0142pracowa\u0142 z wywiadami r\u00f3\u017cnych pa\u0144stw, zw\u0142aszcza brytyjskim. Nie do ko\u0144ca wyja\u015bnione jest jego uczestnictwo w masonerii, pewne jest za to, \u017ce w latach 20. wsp\u00f3\u0142pracowa\u0142 z meksyka\u0144skimi rewolucjonistami, kt\u00f3rzy d\u0105\u017cyli do zniszczenia Ko\u015bcio\u0142a i oparcia tego kraju na zasadach maso\u0144skich.<\/p>\r\n<p>W latach II wojny \u015bwiatowej spotykamy Retingera w najbli\u017cszym otoczeniu gen. W\u0142adys\u0142awa Sikorskiego. Powszechnie uznawano go za &#8222;cie\u0144\u201d genera\u0142a, gdy\u017c by\u0142 jego osobistym t\u0142umaczem i uczestnikiem najtajniejszych negocjacji. Najbardziej zagadkow\u0105 spraw\u0105 jest jednak to, \u017ce towarzysz\u0105cy Sikorskiemu niemal we wszystkich podr\u00f3\u017cach zagranicznych Retinger nie pojawi\u0142 si\u0119 na pok\u0142adzie Liberatora, kt\u00f3ry 4 lipca 1943 r. rozbi\u0142 si\u0119 w pobli\u017cu Gibraltaru. Innym tajemniczym faktem jest jego spadochronowa podr\u00f3\u017c do okupowanej Polski w kwietniu 1944 r. i lotniczy powr\u00f3t na kilka dni przed wybuchem Powstania Warszawskiego.<\/p>\r\n<p>Po wojnie, dzi\u0119ki znakomitym kontaktom w\u015br\u00f3d zachodnich elit, sta\u0142 si\u0119 nieformalnym &#8222;ojcem chrzestnym\u201d integracji europejskiej. Potwierdzaj\u0105 to s\u0142owa wykute na tablicy po\u015bwi\u0119conej Retingerowi, a os\u0142oni\u0119tej kilkana\u015bcie lat temu w Krakowie: &#8222;Wielkiemu pionierowi jedno\u015bci europejskiej\u201d. Pod t\u0105 dedykacj\u0105 podpisa\u0142y si\u0119: Europejska Liga Wsp\u00f3\u0142pracy Gospodarczej, Ruch Europejski i Spotkania Bilderberskie. Wydaje si\u0119, \u017ce te ostatnie by\u0142y najwi\u0119kszym \u017cyciowym sukcesem Retingera, kt\u00f3ry potrafi\u0142 pozyska\u0107 tak znamienitego sponsora, jak <strong>ksi\u0105\u017c\u0119 Bernhard<\/strong>, m\u0105\u017c holenderskiej kr\u00f3lowej, oraz grono wp\u0142ywowych uczestnik\u00f3w.<\/p>\r\n<p><strong>Znani i nieznani<\/strong><\/p>\r\n<p>Sk\u0142ad uczestnik\u00f3w spotka\u0144 Grupy Bilderberg oddaje w\u0142a\u015bciwe proporcje wp\u0142yw\u00f3w poszczeg\u00f3lnych pa\u0144stw w dzisiejszym \u015bwiecie. Na 140 os\u00f3b obecnych na tegorocznym spotkaniu ponad 30 to obywatele USA, kraje zachodniej Europy, Kanad\u0119 i Turcj\u0119 reprezentuje najwy\u017cej po kilkana\u015bcie os\u00f3b, natomiast rejony najmniej znacz\u0105ce &#8211; jak pa\u0144stwa by\u0142ego bloku sowieckiego &#8211; maj\u0105 zwykle po jednym lub dw\u00f3ch przedstawicieli. Pozosta\u0142e kontynenty w og\u00f3le nie s\u0105 tu reprezentowane. Pewn\u0105 modyfikacj\u0105 tego podej\u015bcia by\u0142o utworzenie w 1972 r. na bazie Bilderbergu Komisji Tr\u00f3jstronnej z udzia\u0142em osobisto\u015bci p\u00f3\u0142nocnoameryka\u0144skich, europejskich i japo\u0144skich (na skutek osi\u0105gni\u0119cia przez Japoni\u0119 statusu pot\u0119gi gospodarczej).<\/p>\r\n<p>W\u015br\u00f3d uczestnik\u00f3w spotka\u0144 bilderberskich dominuj\u0105 politycy (zar\u00f3wno czynni, jak i byli lub chwilowo nieczynni), czo\u0142owi ludzie biznesu, zw\u0142aszcza mi\u0119dzynarodowej finansjery i wielkich korporacji, dziennikarze najwi\u0119kszych medi\u00f3w i naukowcy, szczeg\u00f3lnie ekonomi\u015bci. Jednak wi\u0119kszo\u015b\u0107 nazwisk &#8211; poza czynnymi politykami &#8211; nic nie m\u00f3wi zwyk\u0142ym obywatelom. To typowe &#8222;szare eminencje\u201d, funkcjonuj\u0105ce na mi\u0119dzynarodowych salonach w\u0142adzy i pieni\u0105dza.<\/p>\r\n<p><strong>Od Olechowskiego do Rostowskiego<\/strong><\/p>\r\n<p>Od 20 lat w tych spotkaniach bior\u0105 udzia\u0142 Polacy. Pierwszym by\u0142 <strong>Andrzej Olechowski<\/strong>, kt\u00f3ry po raz pierwszy pojawi\u0142 si\u0119 w Helsinkach w 1994 r. (jeszcze jako urz\u0119duj\u0105cy minister spraw zagranicznych), a po raz ostatni w kanadyjskiej Ottawie w 2006 r. (ju\u017c jako zmarginalizowany polityk PO). W 1998 r. podczas spotkania klubu w szkockiej miejscowo\u015bci Ayrshire towarzyszy\u0142a mu \u00f3wczesna minister sprawiedliwo\u015bci <strong>Hanna Suchocka<\/strong> (by\u0107 mo\u017ce mia\u0142o to zwi\u0105zek z &#8211; ostatecznie nieudanym &#8211; wysuni\u0119ciem jej kandydatury na stanowisko sekretarza generalnego Rady Europy).\u00a0 W 2004 r. do w\u0142oskiej Stresy Olechowski pojecha\u0142 ze <strong>S\u0142awomirem Sikor\u0105<\/strong>, prezesem Banku Handlowego, kt\u00f3rego rad\u0105 nadzorcz\u0105 by\u0142y minister od wielu lat kieruje. Natomiast rok p\u00f3\u017aniej podczas spotkania w niemieckiej miejscowo\u015bci Rottach-Egern Olechowskiemu towarzyszy\u0142 <strong>Jacek Szwajcowski<\/strong>, szef Polskiej Grupy Farmaceutycznej.<\/p>\r\n<p>W 2008 r. na spotkaniu bilderberskim w Chantilly w ameryka\u0144skim stanie Wirginia jedynym Polakiem by\u0142 <strong>Aleksander Kwa\u015bniewski<\/strong>, a cztery lata p\u00f3\u017aniej w tym samym miejscu pojawi\u0142 si\u0119 <strong>Jacek Rostowski<\/strong>. Jego udzia\u0142 w tegorocznym spotkaniu Grupy niew\u0105tpliwie \u015bwiadczy o zaufaniu mi\u0119dzynarodowych elit, jakim cieszy si\u0119 obecny minister finans\u00f3w. By\u0107 mo\u017ce zaufanie to ma zwi\u0105zek z jego brytyjskim obywatelstwem, a mo\u017ce bardziej z \u017cydowskim pochodzeniem Rostowskiego (o czym dopiero ostatnio zacz\u0105\u0142 g\u0142o\u015bno m\u00f3wi\u0107). Wszak w Grupie Bilderberg spotka\u0107 mo\u017cna wielu wp\u0142ywowych \u017byd\u00f3w, takich jak <strong>Henry Kissinger<\/strong>, by\u0142y sekretarz skarbu USA <strong>Robert Rubin<\/strong>, ameryka\u0144scy analitycy geopolityczni <strong>Robert Kaplan<\/strong> i <strong>Richard Perle<\/strong>, brytyjski polityk <strong>Peter Mandelson<\/strong>, byli szefowie Banku \u015awiatowego <strong>James Wolfensohn <\/strong>i <strong>Robert Zoellick<\/strong> &#8211; by si\u0119gn\u0105\u0107 tylko do listy tegorocznego spotkania.<\/p>\r\n<p><strong>Tajny rz\u0105d \u015bwiatowy?<\/strong><\/p>\r\n<p>O tematyce spotka\u0144 wiadomo jedynie z przeciek\u00f3w &#8211; obejmuje ona najwa\u017cniejsze bie\u017c\u0105ce problemy polityczne i gospodarcze \u015bwiata. Ale czy Grupa Bilderberg jest tylko klubem dyskusyjnym? Wielu w to w\u0105tpi, trudno bowiem sobie wyobrazi\u0107, by tyle wp\u0142ywowych postaci zje\u017cd\u017ca\u0142o si\u0119 co roku tylko po to, by sobie podyskutowa\u0107. Dlatego od dawna Bilderberg nazywany jest &#8222;tajnym rz\u0105dem \u015bwiatowym\u201d, czyli gremium podejmuj\u0105cym wa\u017cne decyzje w skali mi\u0119dzynarodowej. Zapewne to nie jedyne takie gremium, a do\u015b\u0107 du\u017ca liczba zmieniaj\u0105cych si\u0119 uczestnik\u00f3w nakazuje s\u0105dzi\u0107, \u017ce prawdziwe decyzje zapadaj\u0105 w znacznie w\u0119\u017cszym gronie. Lecz zakulisowy charakter tych spotka\u0144 pozwala przypuszcza\u0107, i\u017c mamy do czynienia z towarzystwem bardzo wp\u0142ywowym.<\/p>\r\n<p>Czy na pocz\u0105tku czerwca w Londynie ustalono, kto b\u0119dzie przysz\u0142ym szefem Komisji Europejskiej i kto obejmie pozosta\u0142e wa\u017cne stanowiska w UE? Dziwne by\u0142oby, gdyby tego tematu nie poruszono, gdy\u017c nast\u0119pne spotkanie bilderberskie odb\u0119dzie si\u0119 ju\u017c po przysz\u0142orocznych wyborach do Parlamentu Europejskiego, kt\u00f3re s\u0142u\u017c\u0105 tylko formalnemu zatwierdzeniu wcze\u015bniej podj\u0119tych decyzji. Tym bardziej \u017ce na londy\u0144skim spotkaniu Grupy pojawili si\u0119 obecny szef KE <strong>Jos\u00c3\u00a9 Barroso<\/strong> i jego zast\u0119pczyni <strong>Viviane Reding<\/strong>. Je\u015bli tak by\u0142o, to Jacek Rostowski przywi\u00f3z\u0142 nazwisko przysz\u0142ego szefa unijnego rz\u0105du do Warszawy i przekaza\u0142 Donaldowi Tuskowi, a my poznamy je dopiero za jaki\u015b czas\u2026<\/p>\r\n<p><em><strong>Pawe\u0142 Siergiejczyk<\/strong><\/em><\/p>\r\n<p><em>Artyku\u0142 ukaza\u0142 si\u0119 w najnowszym numerze tygodnika &#8222;Nasza Polska&#8221; Nr 25 (920) z 18 czerwca 2013 r.<\/em><strong><em> <\/em><\/strong><\/p>","protected":false},"excerpt":{"rendered":"Gdzie zapad\u0142a decyzja o politycznej przysz\u0142o\u015bci Donalda Tuska? &#8211; Podj\u0105\u0142em decyzj\u0119, \u017ce chc\u0119 by\u0107 dalej polskim premierem i \u017ce do 2015 roku, a wi\u0119c do czasu, kiedy wyborcy podejm\u0105 kolejn\u0105 decyzj\u0119, kto ma rz\u0105dzi\u0107 w Polsce, b\u0119d\u0119 anga\u017cowa\u0142 si\u0119 wy\u0142\u0105cznie w sprawy krajowe, je\u015bli chodzi o stanowiska, jakie mi si\u0119 przypisuje w przysz\u0142o\u015bci &#8211; to [&hellip;]","protected":false},"author":1,"featured_media":0,"comment_status":"closed","ping_status":"closed","sticky":false,"template":"","format":"standard","meta":{"_acf_changed":false,"_monsterinsights_skip_tracking":false,"_monsterinsights_sitenote_active":false,"_monsterinsights_sitenote_note":"","_monsterinsights_sitenote_category":0,"ngg_post_thumbnail":0,"footnotes":"","_wp_rev_ctl_limit":""},"categories":[9],"tags":[92,53,351,20],"acf":[],"_links":{"self":[{"href":"https:\/\/www.bibula.com\/index.php?rest_route=\/wp\/v2\/posts\/68935"}],"collection":[{"href":"https:\/\/www.bibula.com\/index.php?rest_route=\/wp\/v2\/posts"}],"about":[{"href":"https:\/\/www.bibula.com\/index.php?rest_route=\/wp\/v2\/types\/post"}],"author":[{"embeddable":true,"href":"https:\/\/www.bibula.com\/index.php?rest_route=\/wp\/v2\/users\/1"}],"replies":[{"embeddable":true,"href":"https:\/\/www.bibula.com\/index.php?rest_route=%2Fwp%2Fv2%2Fcomments&post=68935"}],"version-history":[{"count":0,"href":"https:\/\/www.bibula.com\/index.php?rest_route=\/wp\/v2\/posts\/68935\/revisions"}],"wp:attachment":[{"href":"https:\/\/www.bibula.com\/index.php?rest_route=%2Fwp%2Fv2%2Fmedia&parent=68935"}],"wp:term":[{"taxonomy":"category","embeddable":true,"href":"https:\/\/www.bibula.com\/index.php?rest_route=%2Fwp%2Fv2%2Fcategories&post=68935"},{"taxonomy":"post_tag","embeddable":true,"href":"https:\/\/www.bibula.com\/index.php?rest_route=%2Fwp%2Fv2%2Ftags&post=68935"}],"curies":[{"name":"wp","href":"https:\/\/api.w.org\/{rel}","templated":true}]}}