{"id":68887,"date":"2013-06-18T08:30:37","date_gmt":"2013-06-18T13:30:37","guid":{"rendered":"http:\/\/www.bibula.com\/?p=68887"},"modified":"2013-06-18T08:30:37","modified_gmt":"2013-06-18T13:30:37","slug":"polacy-nie-chca-niemieckich-klamstw","status":"publish","type":"post","link":"https:\/\/www.bibula.com\/?p=68887","title":{"rendered":"Polacy nie chc\u0105 niemieckich k\u0142amstw"},"content":{"rendered":"<p>Telewizja Polska rozpocz\u0119\u0142a wczoraj emisj\u0119 serialu \u201eNasze matki, nasi ojcowie\u201d, kt\u00f3ry pokazuje \u017co\u0142nierzy Armii Krajowej jako antysemit\u00f3w i\u201d\u00afrelatywizuje niemieck\u0105 odpowiedzialno\u015b\u0107 za\u201d\u00afzbrodnie II wojny \u015bwiatowej. \u201eTo\u201d\u00afmanifestacja pogardy wobec pami\u0119ci dla ofiar niemieckich mord\u00f3w\u201d -\u201d\u00afczytamy w\u201d\u00afli\u015bcie otwartym przes\u0142anym przez Zwi\u0105zek Polak\u00f3w w\u201d\u00afNiemczech.<\/p>\r\n<p>Sprawa po\u0142\u0105czy\u0142a nawet zwa\u015bnionych na\u201d\u00afco\u201d\u00afdzie\u0144 komentator\u00f3w i\u201d\u00afpolityk\u00f3w. Poza skrajnie lewackimi przedstawicielami niszowych medi\u00f3w pr\u00f3\u017cno szuka\u0107 osoby, kt\u00f3ra jednoznacznie pozytywnie wyrazi\u0142aby si\u0119 o\u201d\u00afserialu. -\u201d\u00afPolski epizod w\u201d\u00affilmie jest zak\u0142amany, zrobiony na\u201d\u00afkolanie. Zaanga\u017cowano aktor\u00f3w z\u201d\u00afby\u0142ego Zwi\u0105zku Radzieckiego -\u201d\u00afm\u00f3wi\u0142 w\u201d\u00afporanku TVP Adam Krzemi\u0144ski, publicysta tygodnika \u201ePolityka\u201d. Tak\u017ce on zwraca uwag\u0119, \u017ce\u201d\u00affilm zawiera haniebne uproszczenia i\u201d\u00afrozmywa odpowiedzialno\u015b\u0107. -\u201d\u00afStereotyp polskiego antysemityzmu jest pokazywany w\u201d\u00afNiemczech od\u201d\u00aflat 60. To\u201d\u00afperfidia -\u201d\u00afm\u00f3wi\u0142.<\/p>\r\n<p>Telewizja, chc\u0105c z\u0142agodzi\u0107 kompromitacj\u0119, zorganizowa\u0142a przed jutrzejszym odcinkiem \u201eNaszych matek\u2026\u201d debat\u0119. Udzia\u0142 wezm\u0105 w\u201d\u00afniej historycy: prof.\u201d\u00afTomasz Szarota -\u201d\u00afhistoryk PAN, i\u201d\u00afprof.\u201d\u00afJulius H. Schoeps -\u201d\u00afdyrektor Centrum Studi\u00f3w Europejsko-\u017bydowskich im. Moj\u017cesza Mendelssohna na\u201d\u00afUniwersytecie w\u201d\u00afPoczdamie, konsultant historyczny serialu. Udzia\u0142 zapowiedzia\u0142 te\u017c\u201d\u00afm.in. Szewach Weiss, b. ambasador Izraela w\u201d\u00afPolsce, oraz komentatorzy i\u201d\u00afdziennikarze z\u201d\u00afPolski i\u201d\u00afNiemiec. W\u0142adze TVP przekonuj\u0105, \u017ce\u201d\u00afpokazuj\u0105 film, aby polski widz m\u00f3g\u0142 wyrobi\u0107 sobie opini\u0119.<\/p>\r\n<p>Zdaniem historyka prof.\u201d\u00afJana \u0179aryna sprawa jest szkodliwa na\u201d\u00afdw\u00f3ch poziomach -\u201d\u00afPolska nie ma\u201d\u00afwypracowanego modelu prezentowania swojej historii i\u201d\u00afmo\u017cna j\u0105\u201d\u00afniszczy\u0107 przez prezentowanie widzom wersji niemieckiej czy jakiejkolwiek innej. Tym samym likwiduje si\u0119 wra\u017cliwo\u015b\u0107 widz\u00f3w oraz przyzwyczaja ich do\u201d\u00afobcej narracji -\u201d\u00afm\u00f3wi w\u201d\u00afrozmowie z\u201d\u00af\u201eCodzienn\u0105\u201d. \u0179aryn zwraca uwag\u0119, \u017ce\u201d\u00afprzez zakupienie praw do\u201d\u00affilmu strona polska legitymizuje produkcj\u0119 i\u201d\u00afpokazuje, \u017ce\u201d\u00afnie ma\u201d\u00afnic przeciwko. -\u201d\u00afZamiast prowadzi\u0107 dyskusje z\u201d\u00afpoziomu, kt\u00f3ry pokaza\u0142by niezgod\u0119, wysy\u0142a si\u0119 tym samym sygna\u0142, \u017ce\u201d\u00afwszystko jest w\u201d\u00afporz\u0105dku, do\u201d\u00afkolejnych potencjalnych odbiorc\u00f3w na\u201d\u00afca\u0142ym \u015bwiecie -\u201d\u00afdodaje. Jak si\u0119 okazuje, film ma\u201d\u00afby\u0107 wy\u015bwietlany w\u201d\u00afinnych krajach, tak\u017ce w\u201d\u00afStanach Zjednoczonych.<\/p>\r\n<p>-\u201d\u00afS\u0142\u00f3w brakuje -\u201d\u00afrozk\u0142ada r\u0119ce Maciej \u0141opi\u0144ski, szef gabinetu \u015bp. prezydenta Lecha Kaczy\u0144skiego. -\u201d\u00afZewsz\u0105d s\u0142yszymy, \u017ce\u201d\u00afnikt nic nie mo\u017ce w\u201d\u00aftej sprawie zrobi\u0107. Ani rz\u0105d, ani Krajowa Rada Radiofonii i\u201d\u00afTelewizji. Ale\u017c mog\u0105 -\u201d\u00afnale\u017cy natychmiast odwo\u0142a\u0107 wielokrotnie skompromitowanego prezesa TVP Juliusza Brauna. Nie ma\u201d\u00afpieni\u0119dzy na\u201d\u00affilmy takich autorek, jak Anita Gargas, Joanna Lichocka czy Ewa Stankiewicz, a\u201d\u00afwyrzuca si\u0119 pieni\u0105dze na\u201d\u00afantypolskie produkcje -\u201d\u00afdodaje.<br \/><br \/><em><strong>Wojciech Mucha<\/strong><\/em><\/p>\r\n<p>GPC<\/p>\r\n<blockquote>\r\n<p><strong>KOMENTARZ <em>BIBU\u0141Y<\/em><\/strong>: Kto jest &#8222;konsultantem historycznym&#8221; serialu? Prof.\u201d\u00afJulius H. Schoeps -\u201d\u00afdyrektor Centrum Studi\u00f3w Europejsko-\u017bydowskich im. Moj\u017cesza Mendelssohna na\u201d\u00afUniwersytecie w\u201d\u00afPoczdamie. I wszystko jasne kto tym dyryguje: niemiecki rewizjonizm id\u0105cy w parze z syjonistycznym antypolonizmem. R\u0119ka w r\u0119k\u0119 wsp\u00f3\u0142pracuj\u0105 Niemcy z \u017bydami, tak samo jak przed wojn\u0105 za Hitlera.<\/p>\r\n<\/blockquote>","protected":false},"excerpt":{"rendered":"Telewizja Polska rozpocz\u0119\u0142a wczoraj emisj\u0119 serialu \u201eNasze matki, nasi ojcowie\u201d, kt\u00f3ry pokazuje \u017co\u0142nierzy Armii Krajowej jako antysemit\u00f3w i\u201d\u00afrelatywizuje niemieck\u0105 odpowiedzialno\u015b\u0107 za\u201d\u00afzbrodnie II wojny \u015bwiatowej. \u201eTo\u201d\u00afmanifestacja pogardy wobec pami\u0119ci dla ofiar niemieckich mord\u00f3w\u201d -\u201d\u00afczytamy w\u201d\u00afli\u015bcie otwartym przes\u0142anym przez Zwi\u0105zek Polak\u00f3w w\u201d\u00afNiemczech. Sprawa po\u0142\u0105czy\u0142a nawet zwa\u015bnionych na\u201d\u00afco\u201d\u00afdzie\u0144 komentator\u00f3w i\u201d\u00afpolityk\u00f3w. Poza skrajnie lewackimi przedstawicielami niszowych medi\u00f3w pr\u00f3\u017cno szuka\u0107 [&hellip;]","protected":false},"author":1,"featured_media":0,"comment_status":"closed","ping_status":"closed","sticky":false,"template":"","format":"standard","meta":{"_acf_changed":false,"_monsterinsights_skip_tracking":false,"_monsterinsights_sitenote_active":false,"_monsterinsights_sitenote_note":"","_monsterinsights_sitenote_category":0,"ngg_post_thumbnail":0,"footnotes":"","_wp_rev_ctl_limit":""},"categories":[8],"tags":[65,124,22,92,159,20],"acf":[],"_links":{"self":[{"href":"https:\/\/www.bibula.com\/index.php?rest_route=\/wp\/v2\/posts\/68887"}],"collection":[{"href":"https:\/\/www.bibula.com\/index.php?rest_route=\/wp\/v2\/posts"}],"about":[{"href":"https:\/\/www.bibula.com\/index.php?rest_route=\/wp\/v2\/types\/post"}],"author":[{"embeddable":true,"href":"https:\/\/www.bibula.com\/index.php?rest_route=\/wp\/v2\/users\/1"}],"replies":[{"embeddable":true,"href":"https:\/\/www.bibula.com\/index.php?rest_route=%2Fwp%2Fv2%2Fcomments&post=68887"}],"version-history":[{"count":0,"href":"https:\/\/www.bibula.com\/index.php?rest_route=\/wp\/v2\/posts\/68887\/revisions"}],"wp:attachment":[{"href":"https:\/\/www.bibula.com\/index.php?rest_route=%2Fwp%2Fv2%2Fmedia&parent=68887"}],"wp:term":[{"taxonomy":"category","embeddable":true,"href":"https:\/\/www.bibula.com\/index.php?rest_route=%2Fwp%2Fv2%2Fcategories&post=68887"},{"taxonomy":"post_tag","embeddable":true,"href":"https:\/\/www.bibula.com\/index.php?rest_route=%2Fwp%2Fv2%2Ftags&post=68887"}],"curies":[{"name":"wp","href":"https:\/\/api.w.org\/{rel}","templated":true}]}}