{"id":68726,"date":"2013-06-10T12:13:13","date_gmt":"2013-06-10T17:13:13","guid":{"rendered":"http:\/\/www.bibula.com\/?p=68726"},"modified":"2013-06-10T12:13:13","modified_gmt":"2013-06-10T17:13:13","slug":"prawda-o-zbrodni-wolynskiej","status":"publish","type":"post","link":"https:\/\/www.bibula.com\/?p=68726","title":{"rendered":"Prawda o zbrodni wo\u0142y\u0144skiej"},"content":{"rendered":"<p><em><strong>Z dr Joann\u0105 Wieliczk\u0105-Szarkow\u0105, autork\u0105 ksi\u0105\u017cki \u201eWo\u0142y\u0144 we krwi 1943\u201d, rozmawia Adam Kruczek<\/strong><\/em><\/p>\r\n<p><strong>Nie spotka\u0142em w polskiej literaturze przedmiotu ksi\u0105\u017cki, kt\u00f3ra by w tak kompleksowy i przyst\u0119pny spos\u00f3b opisywa\u0142a zag\u0142ad\u0119 polskich Kres\u00f3w, jak \u201eWo\u0142y\u0144 we krwi 1943\u201d. Ale zakres tej pracy znacznie przekracza zasygnalizowan\u0105 w tytule cezur\u0119 miejsca i czasu.<\/strong><\/p>\r\n<p>&#8211; Ksi\u0105\u017cka mia\u0142a przede wszystkim przywr\u00f3ci\u0107 pami\u0119\u0107 i uczci\u0107 ofiary ludob\u00f3jstwa dokonanego przez ukrai\u0144skich nacjonalist\u00f3w na Polakach na Wo\u0142yniu. Nie przypadkiem te\u017c zosta\u0142a wydana przed 70. rocznic\u0105 tej tragedii, kt\u00f3r\u0105 obchodzimy 11 lipca, na pami\u0105tk\u0119 tzw. Krwawej Niedzieli, kiedy to nast\u0105pi\u0142o apogeum mord\u00f3w, i st\u0105d to podkre\u015blenie w tytule. Aby jednak w spos\u00f3b zrozumia\u0142y opisa\u0107 sam\u0105 \u201erze\u017a wo\u0142y\u0144sk\u0105\u201d, chcia\u0142am pokaza\u0107, jak i dlaczego mog\u0142a si\u0119 wydarzy\u0107. St\u0105d odwo\u0142anie do najdawniejszej nawet historii i czas\u00f3w, kiedy Polacy pojawili si\u0119 na tych ziemiach, kt\u00f3re sta\u0142y si\u0119 ich Ojczyzn\u0105.<\/p>\r\n<p><strong>W Pani ksi\u0105\u017cce potoczysta gaw\u0119da o Kresach w miar\u0119 up\u0142ywu czasu przechodzi w prawdziwy thriller. Komu poleci\u0142aby Pani t\u0119 lektur\u0119?<\/strong><\/p>\r\n<p>&#8211; Niewyobra\u017calne okrucie\u0144stwo czy wr\u0119cz bestialstwo, z jakim dokonywano zbrodni na bezbronnych Polakach, zar\u00f3wno doros\u0142ych, jak i dzieciach, poczynaj\u0105c od nienarodzonych i niemowl\u0105t w ko\u0142yskach, jest charakterystyczn\u0105 cech\u0105 ukrai\u0144skiego ludob\u00f3jstwa, nazywanego w\u0142a\u015bnie dodatkowo \u201eokrutnym, dzikim, straszliwym\u201d &#8211; genocidium atrox. Dlatego te\u017c nie spos\u00f3b by\u0142o unikn\u0105\u0107 przytaczania drastycznych przyk\u0142ad\u00f3w, kt\u00f3re rzeczywi\u015bcie nie s\u0105 przeznaczone dla m\u0142odszych dzieci. Mam nadziej\u0119, \u017ce ksi\u0105\u017cka pomo\u017ce tym wszystkim, kt\u00f3rzy nie wiedz\u0105 jeszcze, co sta\u0142o si\u0119 na Wo\u0142yniu w 1943 roku &#8211; a dziesi\u0119\u0107 lat temu by\u0142a to po\u0142owa Polak\u00f3w &#8211; mo\u017ce nauczycielom historii, a tak\u017ce m\u0142odzie\u017cy oraz innym chc\u0105cym pozna\u0107 te wydarzenia.<\/p>\r\n<p><strong>Pokazuje Pani, \u017ce wybuch zbrodniczego sza\u0142u, jaki ogarn\u0105\u0142 tak wielu Ukrai\u0144c\u00f3w w 1943 r., nie powsta\u0142 znik\u0105d, ale by\u0142 zwie\u0144czeniem procesu rozwoju zbrodniczej idei wprowadzanej przez lata w czyn przez ukrai\u0144skich faszyst\u00f3w. Czym uwi\u00f3d\u0142 ich integralny nacjonalizm Dmytro Doncowa i dlaczego dzi\u015b na Ukrainie czci si\u0119 zbrodniarzy OUN-UPA?<\/strong><\/p>\r\n<p>&#8211; Nacjonali\u015bci ukrai\u0144scy wpoili znacznej cz\u0119\u015bci swojego spo\u0142ecze\u0144stwa prosty program zdobycia niepodleg\u0142o\u015bci. Przekonywali, \u017ce \u201egdy na ziemi ukrai\u0144skiej nie b\u0119dzie ani jednego \u017byda, Polaka, W\u0119gra, Rumuna, Moskala i innego obcego, Ukraina b\u0119dzie\u201d, i wzywali: \u201egdy przyjdzie stosowna chwila, nale\u017cy r\u017cn\u0105\u0107, r\u017cn\u0105\u0107 i jeszcze raz r\u017cn\u0105\u0107\u201d, a gdy \u201ena Ukrainie nie b\u0119dzie \u017cadnego obcego, zw\u0142aszcza Lacha, to i Roosevelt uzna Ukrain\u0119\u201d. Ch\u0142opi ukrai\u0144scy wzi\u0119li udzia\u0142 w mordowaniu Polak\u00f3w, bo mogli w ten spos\u00f3b przej\u0105\u0107 ich dobytek i ziemi\u0119, a to po\u017c\u0105danie posiadania w wielu przypadkach okaza\u0142o si\u0119 silniejsze ni\u017c moralny nakaz \u201enie zabijaj\u201d.<\/p>\r\n<p>We wschodniej i po\u0142udniowej Ukrainie przewa\u017ca przekonanie, \u017ce OUN i UPA to organizacje faszystowskie, kt\u00f3re splami\u0142y si\u0119 zbrodnicz\u0105 dzia\u0142alno\u015bci\u0105 i nie zas\u0142uguj\u0105 na gloryfikacj\u0119. Ale na zachodniej Ukrainie, kt\u00f3rej ziemie nale\u017ca\u0142y kiedy\u015b do Rzeczypospolitej, tradycje OUN-UPA by\u0142y i s\u0105 bardzo silne (podobnie jest w \u015brodowiskach emigracyjnych w Kanadzie i Ameryce Po\u0142udniowej) i to w\u0142a\u015bnie na tych tradycjach buduje si\u0119 tam to\u017csamo\u015b\u0107 narodowo-pa\u0144stwow\u0105, w kt\u00f3rej podkre\u015bla si\u0119, \u017ce cz\u0142onkowie UPA byli bohaterami walcz\u0105cymi o niepodleg\u0142o\u015b\u0107 Ukrainy, jednocze\u015bnie nie dopuszczaj\u0105c prawdy, i\u017c OUN-UPA dokona\u0142a ludob\u00f3jstwa na Polakach.<\/p>\r\n<p><strong>Mo\u017cna spotka\u0107 si\u0119 z opini\u0105, \u017ce na temat tego, co sta\u0142o si\u0119 na Kresach w czasie II wojny \u015bwiatowej, funkcjonuj\u0105 dwie prawdy &#8211; polska i ukrai\u0144ska &#8211; i nie da si\u0119 ich pogodzi\u0107. Tak wypowiada\u0142 si\u0119 np. Bronis\u0142aw Geremek, cz\u0119sto mo\u017cna si\u0119 z tym pogl\u0105dem spotka\u0107 np. w \u201eGazecie Wyborczej\u201d. Pani nie podziela tego relatywizmu.<\/strong><\/p>\r\n<p>&#8211; Nie mam w\u0105tpliwo\u015bci, \u017ce prawda jest jedna, zreszt\u0105 w znacznej mierze ju\u017c udokumentowana. W \u015bwietle mi\u0119dzynarodowych akt\u00f3w, np. konwencji ONZ z 9 grudnia 1948 roku, zbrodnie ukrai\u0144skich nacjonalist\u00f3w s\u0105 ludob\u00f3jstwem. Znamy przybli\u017con\u0105 liczb\u0119 ofiar, jeszcze \u017cyj\u0105 \u015bwiadkowie tych wydarze\u0144. W cywilizacji \u0142aci\u0144skiej, do kt\u00f3rej nale\u017cymy, nie ma takiej idei czy warto\u015bci, w imi\u0119 kt\u00f3rej mo\u017cna by pozbawi\u0107 \u017cycia niewinne, bezbronne ofiary. Nie ma \u017cadnego usprawiedliwienia dla wspominanych tu mord\u00f3w.<\/p>\r\n<p><strong>Czy nie zamierza Pani w kolejnej publikacji rozszerzy\u0107 rozdzia\u0142u po\u015bwi\u0119conego zbrodniom w Ma\u0142opolsce Wschodniej, kt\u00f3re by\u0142y nie mniej krwawe ni\u017c na Wo\u0142yniu?<\/strong><\/p>\r\n<p>&#8211; Opisanie zbrodni w Ma\u0142opolsce Wschodniej, gdzie zgin\u0119\u0142o ponad 70 tysi\u0119cy Polak\u00f3w, jest bardzo potrzebne, cho\u0107 musz\u0119 wyzna\u0107, \u017ce codzienne obcowanie z &#8211; jak to okre\u015bli\u0142 biskup \u0142ucki Marcjan Trofimiak &#8211; \u201etajemnic\u0105 z\u0142a (mysterium iniquitatis), z\u0142a, kt\u00f3re nie poddaje si\u0119 \u017cadnemu racjonalnemu wyt\u0142umaczeniu, z\u0142a, kt\u00f3re wykracza poza wszelkie ludzkie poj\u0119cia\u201d, by\u0142o dla mnie naprawd\u0119 trudne. Oczywi\u015bcie, tym bardziej powinni\u015bmy robi\u0107 wszystko, aby pami\u0119\u0107 o niewinnych ofiarach nigdy si\u0119 nie zatar\u0142a.<\/p>\r\n<p><strong>W Sejmie pos\u0142owie Platformy Obywatelskiej nie chc\u0105 si\u0119 zgodzi\u0107 na adekwatn\u0105 do stanu faktycznego uchwa\u0142\u0119 w 70-lecie zbrodni wo\u0142y\u0144skiej. Jak Pani s\u0105dzi, co przeszkadza w jednoznacznym os\u0105dzeniu tej zbrodni?<\/strong><\/p>\r\n<p>&#8211; Bezwzgl\u0119dnie fa\u0142szywe przekonanie rz\u0105dz\u0105cych Polsk\u0105, \u017ce spe\u0142nianie oczekiwa\u0144 nacjonalist\u00f3w ukrai\u0144skich i \u201eniedra\u017cnienie\u201d Ukrainy zapewni nam dobre stosunki z tym pa\u0144stwem i zapobiegnie ponownemu uzale\u017cnieniu naszych s\u0105siad\u00f3w od Rosji. Jak do tej pory okazywanie s\u0142abo\u015bci i uleg\u0142o\u015bci, co czyni\u0105 polscy politycy, nie przynios\u0142o \u017cadnych wymiernych korzy\u015bci, wr\u0119cz przeciwnie. W imi\u0119 prawdy zbrodnia musi zosta\u0107 pot\u0119piona, bo pojednanie oparte na k\u0142amstwie nie ma \u017cadnego znaczenia. Niepami\u0119\u0107 o co najmniej 130 tysi\u0105cach m\u0119czennik\u00f3w wo\u0142y\u0144sko-ma\u0142opolskiego ludob\u00f3jstwa jest ha\u0144b\u0105 dla pa\u0144stwa polskiego.<\/p>\r\n<p><strong>Dzi\u0119kuj\u0119 za rozmow\u0119.<\/strong><\/p>","protected":false},"excerpt":{"rendered":"Z dr Joann\u0105 Wieliczk\u0105-Szarkow\u0105, autork\u0105 ksi\u0105\u017cki \u201eWo\u0142y\u0144 we krwi 1943\u201d, rozmawia Adam Kruczek Nie spotka\u0142em w polskiej literaturze przedmiotu ksi\u0105\u017cki, kt\u00f3ra by w tak kompleksowy i przyst\u0119pny spos\u00f3b opisywa\u0142a zag\u0142ad\u0119 polskich Kres\u00f3w, jak \u201eWo\u0142y\u0144 we krwi 1943\u201d. Ale zakres tej pracy znacznie przekracza zasygnalizowan\u0105 w tytule cezur\u0119 miejsca i czasu. &#8211; Ksi\u0105\u017cka mia\u0142a przede wszystkim [&hellip;]","protected":false},"author":1,"featured_media":0,"comment_status":"closed","ping_status":"closed","sticky":false,"template":"","format":"standard","meta":{"_acf_changed":false,"_monsterinsights_skip_tracking":false,"_monsterinsights_sitenote_active":false,"_monsterinsights_sitenote_note":"","_monsterinsights_sitenote_category":0,"ngg_post_thumbnail":0,"footnotes":"","_wp_rev_ctl_limit":""},"categories":[215],"tags":[188,17],"acf":[],"_links":{"self":[{"href":"https:\/\/www.bibula.com\/index.php?rest_route=\/wp\/v2\/posts\/68726"}],"collection":[{"href":"https:\/\/www.bibula.com\/index.php?rest_route=\/wp\/v2\/posts"}],"about":[{"href":"https:\/\/www.bibula.com\/index.php?rest_route=\/wp\/v2\/types\/post"}],"author":[{"embeddable":true,"href":"https:\/\/www.bibula.com\/index.php?rest_route=\/wp\/v2\/users\/1"}],"replies":[{"embeddable":true,"href":"https:\/\/www.bibula.com\/index.php?rest_route=%2Fwp%2Fv2%2Fcomments&post=68726"}],"version-history":[{"count":0,"href":"https:\/\/www.bibula.com\/index.php?rest_route=\/wp\/v2\/posts\/68726\/revisions"}],"wp:attachment":[{"href":"https:\/\/www.bibula.com\/index.php?rest_route=%2Fwp%2Fv2%2Fmedia&parent=68726"}],"wp:term":[{"taxonomy":"category","embeddable":true,"href":"https:\/\/www.bibula.com\/index.php?rest_route=%2Fwp%2Fv2%2Fcategories&post=68726"},{"taxonomy":"post_tag","embeddable":true,"href":"https:\/\/www.bibula.com\/index.php?rest_route=%2Fwp%2Fv2%2Ftags&post=68726"}],"curies":[{"name":"wp","href":"https:\/\/api.w.org\/{rel}","templated":true}]}}