{"id":68635,"date":"2013-05-30T10:22:21","date_gmt":"2013-05-30T15:22:21","guid":{"rendered":"http:\/\/www.bibula.com\/?p=68635"},"modified":"2013-05-30T10:22:21","modified_gmt":"2013-05-30T15:22:21","slug":"komunia-sw-na-reke","status":"publish","type":"post","link":"https:\/\/www.bibula.com\/?p=68635","title":{"rendered":"Komunia \u015aw. na r\u0119k\u0119?"},"content":{"rendered":"<p><strong>Postawmy sobie pytanie: Co stanowi si\u0142\u0119 katolicyzmu w Polsce? Odpowied\u017a jest oczywista: wci\u0105\u017c powszechna praktyka indywidualnej spowiedzi \u015bwi\u0119tej, mi\u0142o\u015b\u0107 do Maryi Matki Bo\u017cej i cze\u015b\u0107 wobec Naj\u015bwi\u0119tszego Sakramentu. W Polsce Komunia \u015bwi\u0119ta jest ci\u0105gle dla zdecydowanej wi\u0119kszo\u015bci wierz\u0105cych wielk\u0105 \u015bwi\u0119to\u015bci\u0105. W Polsce kl\u0119kamy przed Chrystusem obecnym w Hostii, zachowujemy cisz\u0119 w ko\u015bcio\u0142ach, odprawiamy procesje eucharystyczne. W Polsce ci, kt\u00f3rzy pozostaj\u0105 w grzechu ci\u0119\u017ckim, nie przyst\u0119puj\u0105 do Komunii \u015bwi\u0119tej. W Polsce katolicy nie postulowali przyjmowania Komunii \u015bwi\u0119tej \u201edo r\u0119ki\u201d, a po odg\u00f3rnym wprowadzeniu tej praktyki &#8211; nie przyj\u0119\u0142a si\u0119 ona jako masowa.<\/strong><\/p>\r\n<p>Wiara i mi\u0142o\u015b\u0107 do Pana Boga materializuj\u0105 si\u0119, to znaczy wyra\u017caj\u0105 si\u0119 w znakach: w gestach, \u015bpiewie, pi\u0119knie ko\u015bcio\u0142\u00f3w, szat i parament\u00f3w liturgicznych. Ko\u015bci\u00f3\u0142 pami\u0119ta o pochwale, jakiej Zbawiciel udzieli\u0142 Marii, siostrze \u0141azarza, kiedy ta na sze\u015b\u0107 dni przed Pasch\u0105 nama\u015bci\u0142a Chrystusa drogocennym olejkiem. Z uznaniem i wzruszeniem pami\u0119tamy o J\u00f3zefie z Arymatei i Nikodemie, kt\u00f3rzy sprawili zmar\u0142emu Jezusowi godny pogrzeb. Z liturgii Starego Testamentu, z pi\u0119kna \u015bwi\u0105tyni jerozolimskiej, a jeszcze bardziej z tych w\u0142a\u015bnie postaw wyros\u0142a dba\u0142o\u015b\u0107 o pi\u0119kno naszych katedr i ko\u015bcio\u0142\u00f3w, pi\u0119kno chora\u0142u gregoria\u0144skiego, pi\u0119kno szat liturgicznych i kielich\u00f3w. Ten, kto prawdziwie kocha Pana Boga, nigdy nie b\u0119dzie oboj\u0119tny wobec tych materialnych znak\u00f3w. Do nich nale\u017c\u0105 tak\u017ce gesty cz\u0142owieka w liturgii i w modlitwie osobistej. Pokora wobec majestatu Boga, wiara w Jego \u015bwi\u0119to\u015b\u0107 dyktuj\u0105 nam przykl\u0119kanie przed tajemnic\u0105 wiary, jak\u0105 jest Naj\u015bwi\u0119tszy Sakrament i pe\u0142ne szacunku przyjmowanie Komunii \u015bwi\u0119tej.<\/p>\r\n<p>Ksi\u0105\u017cka Juana Rodolfa Laise\u2019a jest \u015bwiadectwem wiary i mi\u0142o\u015bci argenty\u0144skiego biskupa wobec Naj\u015bwi\u0119tszego Sakramentu. Zgodnie ze swoim sumieniem biskup broni\u0142 powierzonych sobie wiernych przed umniejszeniem czci w \u017cyciu eucharystycznym. Niniejsza ksi\u0105\u017cka jest te\u017c zapisem smutnej historii rewolucji, jaka w tym wzgl\u0119dzie dokona\u0142a si\u0119 w krajach Zachodu pod koniec lat sze\u015b\u0107dziesi\u0105tych i w latach siedemdziesi\u0105tych minionego wieku. Zwolennicy Komunii \u015bwi\u0119tej \u201edo r\u0119ki\u201d powo\u0142uj\u0105 si\u0119 na Sob\u00f3r Watyka\u0144ski II. Trzeba z ca\u0142\u0105 moc\u0105 podkre\u015bli\u0107, \u017ce sob\u00f3r ten nigdy nie postulowa\u0142 takiej formy przyjmowania Eucharystii. Wyros\u0142a ona, jak dog\u0142\u0119bnie pokazuje niniejsze opracowanie, z buntu wobec norm liturgicznych i lekcewa\u017cenia napomnie\u0144 Stolicy Apostolskiej. Jest te\u017c znakiem zewn\u0119trznym zmiany, jaka dokona\u0142a si\u0119 w duchowo\u015bci katolik\u00f3w Zachodu. Jakie s\u0105 inne jeszcze oznaki tej zmiany, trudno m\u00f3wi\u0107 i opisywa\u0107 &#8211; napawaj\u0105 one zgroz\u0105.<\/p>\r\n<p>Ksi\u0105\u017cka <em>Komunia \u015bwi\u0119ta na r\u0119k\u0119<\/em> opisuje zdarzenia sprzed przesz\u0142o 10 lat. Od tego czasu Stolica \u015awi\u0119ta wyda\u0142a r\u00f3\u017cne dokumenty po\u015bwi\u0119cone Eucharystii. Wprawdzie nie cofaj\u0105 one zgody na udzielanie Komunii \u015bwi\u0119tej \u201edo r\u0119ki\u201d, jednak ich duch przez niekt\u00f3rych okre\u015blany wstecznym, wyra\u017anie kieruje nas ku tradycji w prze\u017cywaniu Ofiary Mszy \u015bwi\u0119tej i kultu eucharystycznego. My\u015blimy tu zw\u0142aszcza o encyklice <em>Ecclesia de Eucharistia<\/em>, instrukcji <em>Redemptionis Sacramentum<\/em> czy adhortacji <em>Sacramentum Caritatis<\/em>.<\/p>\r\n<p>W ksi\u0105\u017cce <em>Dar i tajemnica<\/em>, napisanej na 50. rocznic\u0119 \u015bwi\u0119ce\u0144 kap\u0142a\u0144skich, Ojciec \u015awi\u0119ty Jan Pawe\u0142 II zach\u0119ca do modlitwy litani\u0105 do Chrystusa Kap\u0142ana i Hostii. W\u015br\u00f3d jej wielu przejmuj\u0105cych wezwa\u0144 jest i to: <em>Aby\u015b przez nich cze\u015b\u0107 wobec Naj\u015bwi\u0119tszego Sakramentu rozszerzy\u0107 raczy\u0142! <\/em>Oby si\u0119 spe\u0142ni\u0142o to wo\u0142anie! Oby wielk\u0105 ambicj\u0105 kap\u0142an\u00f3w i wiernych by\u0142o szerzenie swoim \u017cyciem i postaw\u0105 czci wobec Eucharystii. Jednym z przyk\u0142ad\u00f3w tej troski i ambicji jest niniejsze opracowanie, kt\u00f3re wydawcy oddaj\u0105 do r\u0105k polskiego czytelnika.<\/p>\r\n<p>W roku 1264 papie\u017c Urban IV ustanawiaj\u0105c uroczysto\u015b\u0107 Bo\u017cego Cia\u0142a prosi\u0142 \u015bw. Tomasza z Akwinu, teologa Eucharystii, o napisanie modlitw i hymn\u00f3w na to \u015bwi\u0119to. Powsta\u0142 wtedy mi\u0119dzy innymi \u015bpiew <em>Adoro Te devote\u2026 Zbli\u017cam si\u0119 w pokorze i nisko\u015bci swej, wielbi\u0119 Tw\u00f3j majestat skryty w Hostii tej\u2026<\/em>Niech te natchnione s\u0142owa, ci\u0105gle \u015bpiewane w naszych ko\u015bcio\u0142ach, oddaj\u0105 prawd\u0119. By\u015bmy zawsze z pokor\u0105 wielbili majestat Boga, kt\u00f3ry dla nas skry\u0142 si\u0119 w Hostii, a przez to zawsze rozszerzali cze\u015b\u0107 wobec Naj\u015bwi\u0119tszego Sakramentu.<\/p>\r\n<p><strong><em>Ks. prob. Marcin W\u0119c\u0142awski<\/em><\/strong><\/p>\r\n<p><em>W uroczysto\u015b\u0107 Bo\u017cego Cia\u0142a roku Pa\u0144skiego 2007<\/em><\/p>\r\n<p>Prezentowany tekst jest wprowadzeniem do ksi\u0105\u017cki\u00a0 &#8222;Komunia \u015aw. na r\u0119k\u0119?&#8221; ksi\u0119dza biskupa Juana Rodolfo Laise. Publikacj\u0119 mo\u017cna naby\u0107 na stronie\u00a0<span style=\"text-decoration: underline;\"><a href=\"http:\/\/www.ksiegarnia.piotrskarga.pl\/komunia-sw--na-reke-,13,716,produkt.html\">ksiegarnia.piotrskarga.pl<\/a><\/span>.<em> <\/em><\/p>","protected":false},"excerpt":{"rendered":"Postawmy sobie pytanie: Co stanowi si\u0142\u0119 katolicyzmu w Polsce? Odpowied\u017a jest oczywista: wci\u0105\u017c powszechna praktyka indywidualnej spowiedzi \u015bwi\u0119tej, mi\u0142o\u015b\u0107 do Maryi Matki Bo\u017cej i cze\u015b\u0107 wobec Naj\u015bwi\u0119tszego Sakramentu. W Polsce Komunia \u015bwi\u0119ta jest ci\u0105gle dla zdecydowanej wi\u0119kszo\u015bci wierz\u0105cych wielk\u0105 \u015bwi\u0119to\u015bci\u0105. W Polsce kl\u0119kamy przed Chrystusem obecnym w Hostii, zachowujemy cisz\u0119 w ko\u015bcio\u0142ach, odprawiamy procesje eucharystyczne. [&hellip;]","protected":false},"author":1,"featured_media":0,"comment_status":"closed","ping_status":"closed","sticky":false,"template":"","format":"standard","meta":{"_acf_changed":false,"_monsterinsights_skip_tracking":false,"_monsterinsights_sitenote_active":false,"_monsterinsights_sitenote_note":"","_monsterinsights_sitenote_category":0,"ngg_post_thumbnail":0,"footnotes":"","_wp_rev_ctl_limit":""},"categories":[135],"tags":[119,92,33],"acf":[],"_links":{"self":[{"href":"https:\/\/www.bibula.com\/index.php?rest_route=\/wp\/v2\/posts\/68635"}],"collection":[{"href":"https:\/\/www.bibula.com\/index.php?rest_route=\/wp\/v2\/posts"}],"about":[{"href":"https:\/\/www.bibula.com\/index.php?rest_route=\/wp\/v2\/types\/post"}],"author":[{"embeddable":true,"href":"https:\/\/www.bibula.com\/index.php?rest_route=\/wp\/v2\/users\/1"}],"replies":[{"embeddable":true,"href":"https:\/\/www.bibula.com\/index.php?rest_route=%2Fwp%2Fv2%2Fcomments&post=68635"}],"version-history":[{"count":0,"href":"https:\/\/www.bibula.com\/index.php?rest_route=\/wp\/v2\/posts\/68635\/revisions"}],"wp:attachment":[{"href":"https:\/\/www.bibula.com\/index.php?rest_route=%2Fwp%2Fv2%2Fmedia&parent=68635"}],"wp:term":[{"taxonomy":"category","embeddable":true,"href":"https:\/\/www.bibula.com\/index.php?rest_route=%2Fwp%2Fv2%2Fcategories&post=68635"},{"taxonomy":"post_tag","embeddable":true,"href":"https:\/\/www.bibula.com\/index.php?rest_route=%2Fwp%2Fv2%2Ftags&post=68635"}],"curies":[{"name":"wp","href":"https:\/\/api.w.org\/{rel}","templated":true}]}}