{"id":68631,"date":"2013-05-30T10:17:55","date_gmt":"2013-05-30T15:17:55","guid":{"rendered":"http:\/\/www.bibula.com\/?p=68631"},"modified":"2013-05-30T10:17:55","modified_gmt":"2013-05-30T15:17:55","slug":"francja-sad-zdecyduje-o-usunieciu-z-ksiegi-chrzcielnej","status":"publish","type":"post","link":"https:\/\/www.bibula.com\/?p=68631","title":{"rendered":"Francja: s\u0105d zdecyduje o&#8230; usuni\u0119ciu z ksi\u0119gi chrzcielnej"},"content":{"rendered":"<p><strong>S\u0105d apelacyjny w Caen ma rozpatrzy\u0107 decyzj\u0119 s\u0105du cywilnego z 6 pa\u017adziernika 2011 r. w Coutances, kt\u00f3ry zdecydowa\u0142, by diecezja usun\u0119\u0142a ze swojej ksi\u0119gi chrzcielnej zapis o chrzcie Ren\u00c3\u00a9 Lebouvier, urodzonego \u00a09 sierpnia 1941 r. i ochrzczonego dwa dni p\u00f3\u017aniej.\u00a0<\/strong><\/p>\r\n<p>Skar\u017c\u0105cy twierdzi, \u017ce \u201enie pa\u0142a \u017cadn\u0105 z\u0142o\u015bci\u0105 do religii. Wielu jego bliskich jest katolikami\u201d, ale on jest ju\u017c \u201epoza religi\u0105 i jest to sprawa osobista\u201d, dlatego domaga si\u0119, by o jego chrzcie nie by\u0142o \u017cadnego, ko\u015bcielnego \u015bladu.<\/p>\r\n<p>Jego \u017c\u0105dania popiera Krajowa Federacja Wolnego My\u015blenia (FNLP). Jej wiceprzewodnicz\u0105cy, Christian Eyschen zapowiedzia\u0142 sw\u0105 obecno\u015b\u0107 na posiedzeniu s\u0105du. Stowarzyszenie popiera laicko\u015b\u0107, twierdz\u0105c w swoim statucie, \u017ce \u201ewidzi religi\u0119 jako najgorsz\u0105 przeszkod\u0119 w emancypacji my\u015blenia\u201d. Ren\u00c3\u00a9 Lebouvier jest cz\u0142onkiem tej organizacji. Zapisuj\u0105c si\u0119 do niej stwierdza\u0142, \u017ce \u201ezaprzecza swojemu chrztowi i chce, by wszelkie \u015blady o nim zosta\u0142y ca\u0142kowicie wymazane\u201d.<\/p>\r\n<p>S\u0105d w Coutances za\u017c\u0105da\u0142 od diecezji, by w ci\u0105gu 30 dni usun\u0119\u0142a wszelkie informacje o chrzcie Lebouvier, ale z\u0142o\u017cona apelacja wstrzyma\u0142a wykonanie wyroku.<\/p>\r\n<p>\u201eIstnienie tego chrztu w rejestrze dost\u0119pnym dla os\u00f3b trzecich dla Ren\u00c3\u00a9 Lebouvier stanowi samo w sobie rozpowszechnianie tego faktu, kt\u00f3ry jest w konsekwencji zamachem na \u017cycie prywatne\u201d &#8211; twierdzi\u0142 pokr\u0119tnie s\u0105d w Coutances. &#8211; <em>Ustawa o separacji Ko\u015bcio\u0142a od pa\u0144stwa z 1905 r. stwierdza bardzo jasno, \u017ce ka\u017cdy kult jest wolny w swoim organizowaniu si\u0119. Ponaddto, chrzest nie jest aktem \u017cycia prywatnego, ale publicznego<\/em> &#8211; argumentowa\u0142 adwokat diecezji Coutances, Vincent Asselineau.<\/p>\r\n<p>FLC<\/p>","protected":false},"excerpt":{"rendered":"S\u0105d apelacyjny w Caen ma rozpatrzy\u0107 decyzj\u0119 s\u0105du cywilnego z 6 pa\u017adziernika 2011 r. w Coutances, kt\u00f3ry zdecydowa\u0142, by diecezja usun\u0119\u0142a ze swojej ksi\u0119gi chrzcielnej zapis o chrzcie Ren\u00c3\u00a9 Lebouvier, urodzonego \u00a09 sierpnia 1941 r. i ochrzczonego dwa dni p\u00f3\u017aniej.\u00a0 Skar\u017c\u0105cy twierdzi, \u017ce \u201enie pa\u0142a \u017cadn\u0105 z\u0142o\u015bci\u0105 do religii. Wielu jego bliskich jest katolikami\u201d, ale [&hellip;]","protected":false},"author":1,"featured_media":0,"comment_status":"closed","ping_status":"closed","sticky":false,"template":"","format":"standard","meta":{"_acf_changed":false,"_monsterinsights_skip_tracking":false,"_monsterinsights_sitenote_active":false,"_monsterinsights_sitenote_note":"","_monsterinsights_sitenote_category":0,"ngg_post_thumbnail":0,"footnotes":"","_wp_rev_ctl_limit":""},"categories":[6],"tags":[132,191],"acf":[],"_links":{"self":[{"href":"https:\/\/www.bibula.com\/index.php?rest_route=\/wp\/v2\/posts\/68631"}],"collection":[{"href":"https:\/\/www.bibula.com\/index.php?rest_route=\/wp\/v2\/posts"}],"about":[{"href":"https:\/\/www.bibula.com\/index.php?rest_route=\/wp\/v2\/types\/post"}],"author":[{"embeddable":true,"href":"https:\/\/www.bibula.com\/index.php?rest_route=\/wp\/v2\/users\/1"}],"replies":[{"embeddable":true,"href":"https:\/\/www.bibula.com\/index.php?rest_route=%2Fwp%2Fv2%2Fcomments&post=68631"}],"version-history":[{"count":0,"href":"https:\/\/www.bibula.com\/index.php?rest_route=\/wp\/v2\/posts\/68631\/revisions"}],"wp:attachment":[{"href":"https:\/\/www.bibula.com\/index.php?rest_route=%2Fwp%2Fv2%2Fmedia&parent=68631"}],"wp:term":[{"taxonomy":"category","embeddable":true,"href":"https:\/\/www.bibula.com\/index.php?rest_route=%2Fwp%2Fv2%2Fcategories&post=68631"},{"taxonomy":"post_tag","embeddable":true,"href":"https:\/\/www.bibula.com\/index.php?rest_route=%2Fwp%2Fv2%2Ftags&post=68631"}],"curies":[{"name":"wp","href":"https:\/\/api.w.org\/{rel}","templated":true}]}}