{"id":68621,"date":"2013-05-30T07:48:08","date_gmt":"2013-05-30T12:48:08","guid":{"rendered":"http:\/\/www.bibula.com\/?p=68621"},"modified":"2013-05-30T07:48:08","modified_gmt":"2013-05-30T12:48:08","slug":"ministrze-slugo-dlaczego-tak-nienawidzi-pan-polski-i-polskiej-kultury","status":"publish","type":"post","link":"https:\/\/www.bibula.com\/?p=68621","title":{"rendered":"Ministrze, s\u0142ugo: Dlaczego tak nienawidzi pan Polski i polskiej kultury?"},"content":{"rendered":"<p><strong>Minister Kultury i Dziedzictwa Narodowego<\/strong><\/p>\r\n<p style=\"text-align: left;\" align=\"center\"><strong>Bogdan Zdrojewski<\/strong><\/p>\r\n<p><strong>Czwarte wezwanie<\/strong> o uzasadnienie wys\u0142ania Yael Bartana &#8211; jako reprezentantki polskiej kultury na 54. Biennale Sztuki w Wenecji.<\/p>\r\n<p>&nbsp;<\/p>\r\n<p><em><strong>Panie &#8222;Ministrze\u201d<\/strong><\/em><\/p>\r\n<p>Ustawa Prawo Prasowe, oraz Ustawa o dost\u0119pie do informacji publicznych obliguje Pana do niezw\u0142ocznego udzielenia odpowiedzi na temat podejmowanych przez Pana decyzji.<\/p>\r\n<p>22 lutego 2013 roku zada\u0142em Panu bardzo proste pytanie:<\/p>\r\n<p>Wnios\u0142em o uzasadnienie wys\u0142ania Yael Bartana jako reprezentantki polskiej kultury na 54. Biennale Sztuki w Wenecji.<\/p>\r\n<p>Pytanie proste i nie powinno stwarza\u0107 problem\u00f3w dla Ministra i ca\u0142ego sztabu ekspert\u00f3w.<br \/> <strong>Chyba, \u017ce dokona\u0142o si\u0119 przest\u0119pstwa &#8211; bo wtedy ka\u017cde s\u0142owo podejrzanego mo\u017ce by\u0107 u\u017cyte przeciwko niemu.<\/strong><\/p>\r\n<p>Min\u0119\u0142o ponad trzy miesi\u0105ce i Pan milczy.<br \/> \u0141amie Pan tym samym obowi\u0105zuj\u0105ce Prawo, kt\u00f3re obliguje Pana do udzielenia niezw\u0142ocznej odpowiedzi &#8211; b\u0105d\u017a w razie odmowy &#8211; w ci\u0105gu dw\u00f3ch dni uzasadnienia jej odmowy.<\/p>\r\n<p>Gdybym ja by\u0142 na Pana miejscu &#8211; to w 15 minut zreferowa\u0142bym sekretarce odpowied\u017a. Ale w pierwszym rz\u0119dzie nie dopu\u015bci\u0142 do takiej obelgi wobec Polak\u00f3w &#8211; jakiej Pan dokona\u0142.<\/p>\r\n<p>Dla Pana jednak 94 dni to za ma\u0142o czasu by ponie\u015b\u0107 moraln\u0105 odpowiedzialno\u015b\u0107 za haniebn\u0105 prowokacj\u0119 awanturnik\u00f3w z bandy nazywanej &#8222;<strong>Krytyk\u0105 Polityczn\u0105<\/strong>\u201d, kt\u00f3rzy pluj\u0105c Polakom w twarz &#8211; na kilka dni przed pierwsz\u0105 rocznic\u0105 katastrofy w Smole\u0144sku &#8211; w samym \u015brodku Warszawy zorganizowali zbiorowisko s\u0142u\u017c\u0105ce poni\u017ceniu Narodu Polskiego.<\/p>\r\n<p>W Pana imieniu i za Pana zgod\u0105 zrealizowano film &#8211; kt\u00f3rego celem by\u0142o przedstawienie Polak\u00f3w jako &#8222;faszyst\u00f3w\u201d &#8211; co potwierdzili pracownicy rzekomo &#8222;Narodowej Galerii Sztuki &#8222;Zach\u0119ta\u201d\u201d.<\/p>\r\n<p>Od wielu lat walczy Pan z rzeczywist\u0105 polsk\u0105 kultur\u0105 &#8211; wprowadzaj\u0105c w jej miejsce r\u00f3\u017cnorakie patologie opisywane przymiotnikami, lub przyrostkami.<\/p>\r\n<p>Dnia 9 maja br otrzyma\u0142em anonim z Centrum Informacyjnego Ministerstwa Kultury i Dziedzictwa Narodowego &#8211; przedstawiaj\u0105cy mi tryb post\u0119powa\u0144, kt\u00f3re doprowadzi\u0142y do wys\u0142ania Yael Bartana &#8211; jako <em>reprezentantki polskiej kultury<\/em> na 54. Biennale Sztuki w Wenecji, a potem firmowania jej prowokacji &#8211; szyldem polskiego Ministerstwa Kultury i Dziedzictwa Narodowego.<\/p>\r\n<p>Zauwa\u017c\u0119 fakt, \u017ce w <strong>informacji tej podano k\u0142amstwo<\/strong> &#8211; jakoby &#8222;<em>Minister Kultury i Dziedzictwa Narodowego og\u0142osi\u0142 publiczny konkurs na wy\u0142onienie projektu prezentacji w pawilonie polskim w Wenecji\u201d.<\/em> Nigdy nie widzia\u0142em \u017cadnych og\u0142osze\u0144 dotycz\u0105cych konkursu na wy\u0142onienie reprezentacji Polski na na 54. Biennale Sztuki w Wenecji, a przeprowadzona ostatnio kwerenda nie doprowadzi\u0142a do \u017cadnych innych informacji &#8211; jak tylko og\u0142oszenia w sprawie nast\u0119pnego Biennale w Wenecji.<\/p>\r\n<p>Ale najistotniejsze jest to, \u017ce osoba udzielaj\u0105ca mi odpowiedzi ma problemy ze zrozumieniem tekstu czytanego.<br \/> Nie prosi\u0142em o podanie trybu wy\u0142onienia Yael Bartana &#8211; jako reprezentantki polskiej kultury na 54. Biennale Sztuki w Wenecji, ale uzasadnienia: <strong>dlaczego syjonistyczn\u0105 prowokacj\u0119 &#8211; obra\u017caj\u0105ca Nar\u00f3d Polski &#8211; mianowa\u0142 Pan symbolem &#8222;polskiej kultury\u201d?!!!<\/strong><\/p>\r\n<p>Pozwol\u0119 sobie zauwa\u017cy\u0107, \u017ce dostatecznie znam histori\u0119 \u017byd\u00f3w &#8211; by nie da\u0107 si\u0119 nabra\u0107 na pokr\u0119tn\u0105 interpretacj\u0119 tre\u015bci tej prymitywnej agitki.<br \/> <strong>Syjonizm jest pierwsz\u0105 i jedyn\u0105 funkcjonuj\u0105c\u0105 do tej pory ideologi\u0105 nazistowsk\u0105!<br \/> <\/strong>Fakt, \u017ce za syjonist\u00f3w uwa\u017ca\u0142a siebie r\u00f3wnie\u017c niewielka grupa romantyk\u00f3w nie zmienia sprawy, \u017ce w prowokacjach i zbrodniach przeciwko ludzko\u015bci syjonizm stoi w jednym szeregu z nazizmem &#8211; z kt\u00f3rym przez lata wsp\u00f3\u0142pracowa\u0142!<\/p>\r\n<p>Skoro Yael Bartana chcia\u0142a pokaza\u0107 mary i koszmary syjonizmu &#8211; to powinna przedstawi\u0107 wycieczki Izraelczyk\u00f3w urz\u0105dzaj\u0105cych sobie szabasowe pikniki z widokiem na mordowanych Palesty\u0144czyk\u00f3w. I dokona\u0107 tego pod szyldem Izraela!<br \/> Taki przekaz jest bardzo bliski psychopatom z kr\u0119gu &#8222;Krytyki Politycznej\u201d, kt\u00f3rych mianowa\u0142 Pan &#8222;jury\u201d promuj\u0105ce t\u0105 kobiet\u0119.<\/p>\r\n<p>Za przejaw kolejnej bezczelno\u015bci uwa\u017cam stwierdzenie anonima z Centrum Informacyjnego informuj\u0105ce \u017ce:<em> &#8222;Jury podejmuj\u0105c decyzj\u0119 dotycz\u0105c\u0105 rekomendacji projektu kieruje si\u0119 wy\u0142\u0105cznie kryteriami warto\u015bci artystycznych.\u201d<br \/> <\/em><\/p>\r\n<p>Zadaj\u0119 wi\u0119c Panu pytanie:<\/p>\r\n<p>Kto i po jakich prochach uzna\u0142, \u017ce ta prymitywna awantura ma co\u015b wsp\u00f3lnego ze sztuk\u0105?!!!<\/p>\r\n<p>Pana &#8222;eksperci\u201d nie nadaj\u0105 si\u0119 nawet na uczni\u00f3w bo nie posiadaj\u0105 minimum kultury i inteligencji. Ale ci prymitywni kolesie Dyrektor Zach\u0119ty nie b\u0119d\u0105 Polakom wmawia\u0107, \u017ce uw\u0142aczaj\u0105ca nam prowokacja ma co\u015b wsp\u00f3lnego z kultur\u0105, albo sztuk\u0105!!!.<\/p>\r\n<p>Wiem, \u017ce Panu i Pana pracownikom &#8211; z\u0142o\u017cenie kilku zda\u0144 razem stwarza problemy.<br \/> Pana &#8222;najwybitniejszych ekspert\u00f3w\u201d przeros\u0142o zadane przeze mnie pytanie<strong>: czy wiedz\u0105 &#8211; co oceniaj\u0105?<br \/> <\/strong>Od ponad roku nie potrafi\u0105 na nie odpowiedzie\u0107.<br \/> W og\u00f3le nie potrafi\u0105 odpowiedzie\u0107 na \u017cadne pytanie &#8211; zadane im przez artyst\u0119 plastyka i teoretyka kultury.<br \/> Tylko wobec prymitywnych dziennikarzy udaj\u0105 celebryt\u00f3w.<\/p>\r\n<p>Dysponuje Pan milionami z\u0142otych zrabowanych Spo\u0142ecze\u0144stwu Polskiemu do zmarnowania na takie patologie &#8211; jak wys\u0142anie Yael Bartana &#8211; jako reprezentantki polskiej kultury na 54. Biennale Sztuki w Wenecji.<\/p>\r\n<p>Prosz\u0119 wi\u0119c zatrudni\u0107 internetowego &#8211; anonimowego specjalist\u0119 od prac naukowych. Na pewno b\u0119dzie lepszy od wszystkich Pana ekspert\u00f3w razem wzi\u0119tych.<\/p>\r\n<p><strong>W czwartym wezwaniu<\/strong> do uzasadnienia wys\u0142ania Yael Bartana &#8211; jako reprezentantki polskiej kultury na 54. Biennale Sztuki w Wenecji wyst\u0119puj\u0119 jako moralny spadkobierca kultury polskiej i reprezentant wi\u0119kszo\u015bci Narodu Polskiego, kt\u00f3ry zosta\u0142 opluty przez finansowanych z bud\u017cetu MKiDN awanturnik\u00f3w.<\/p>\r\n<p>Poniewa\u017c udaje Pan, \u017ce nie rozumie s\u0142owa &#8222;uzasadnienie\u201d to pozwalam sobie u\u015bci\u015bli\u0107 pytanie:<\/p>\r\n<ol>\r\n<li><strong>Co ma wsp\u00f3lnego syjonistyczna prowokacja z kultur\u0105 i sztuk\u0105?<\/strong><\/li>\r\n<li><strong>Dlaczego pluj\u0105c w twarz wszystkim polskim artystom &#8211; na reprezentantk\u0119 polskiej kultury &#8211; zaakceptowa\u0142 Pan kobiet\u0119, kt\u00f3ra nie posiada \u017cadnych kwalifikacji w dziedzinie kultury i sztuki?<\/strong><\/li>\r\n<li><strong>Dlaczego od lat wykorzystuje Pan Ministerstwo Kultury i Dziedzictwa Narodowego do politycznego awanturnictwa?<\/strong><\/li>\r\n<li><strong>Dlaczego z pe\u0142n\u0105 premedytacj\u0105 niszczy Pan kultur\u0119 polsk\u0105 i wprowadza do muze\u00f3w, oraz galerii &#8211; wszelkie przejawy prymitywnych patologii.<\/strong><\/li>\r\n<li><strong>Dlaczego tak nienawidzi Pan Polski i polskiej kultury?<\/strong><\/li>\r\n<\/ol>\r\n<p>Przypominam, \u017ce min\u0119\u0142y wszystkie terminy odpowiedzi na zadane przeze mnie pytanie, dlatego zamieszczam dla medi\u00f3w odno\u015bniki do wcze\u015bniej zadanych pyta\u0144::<\/p>\r\n<ul>\r\n<li>Pierwsze zapytanie:\u00a0<a href=\"http:\/\/zaprasza.net\/a.php?article_id=32121\">http:\/\/zaprasza.net\/a.php?article_id=32121<\/a><\/li>\r\n<li>Drugie zapytanie:\u00a0<a href=\"http:\/\/zaprasza.net\/a.php?article_id=32176\">http:\/\/zaprasza.net\/a.php?article_id=32176<\/a><\/li>\r\n<li>Trzecie zapytanie:\u00a0<a href=\"http:\/\/zaprasza.net\/a.php?article_id=32206\">http:\/\/zaprasza.net\/a.php?article_id=32206<\/a><\/li>\r\n<\/ul>\r\n<p>Artysta plastyk i teoretyk kultury<\/p>\r\n<p><em><strong>Artur \u0141oboda<\/strong><\/em><strong><br \/> <\/strong>Polskie Niezale\u017cne Media<br \/> Fundacja Promocji Kultury<br \/> <a href=\"http:\/\/www.fundacja.zaprasza.eu\/\">http:\/\/www.fundacja.zaprasza.eu<\/a><\/p>","protected":false},"excerpt":{"rendered":"Minister Kultury i Dziedzictwa Narodowego Bogdan Zdrojewski Czwarte wezwanie o uzasadnienie wys\u0142ania Yael Bartana &#8211; jako reprezentantki polskiej kultury na 54. Biennale Sztuki w Wenecji. &nbsp; Panie &#8222;Ministrze\u201d Ustawa Prawo Prasowe, oraz Ustawa o dost\u0119pie do informacji publicznych obliguje Pana do niezw\u0142ocznego udzielenia odpowiedzi na temat podejmowanych przez Pana decyzji. 22 lutego 2013 roku zada\u0142em [&hellip;]","protected":false},"author":1,"featured_media":0,"comment_status":"closed","ping_status":"closed","sticky":false,"template":"","format":"standard","meta":{"_acf_changed":false,"_monsterinsights_skip_tracking":false,"_monsterinsights_sitenote_active":false,"_monsterinsights_sitenote_note":"","_monsterinsights_sitenote_category":0,"ngg_post_thumbnail":0,"footnotes":"","_wp_rev_ctl_limit":""},"categories":[8],"tags":[92,101,97,54],"acf":[],"_links":{"self":[{"href":"https:\/\/www.bibula.com\/index.php?rest_route=\/wp\/v2\/posts\/68621"}],"collection":[{"href":"https:\/\/www.bibula.com\/index.php?rest_route=\/wp\/v2\/posts"}],"about":[{"href":"https:\/\/www.bibula.com\/index.php?rest_route=\/wp\/v2\/types\/post"}],"author":[{"embeddable":true,"href":"https:\/\/www.bibula.com\/index.php?rest_route=\/wp\/v2\/users\/1"}],"replies":[{"embeddable":true,"href":"https:\/\/www.bibula.com\/index.php?rest_route=%2Fwp%2Fv2%2Fcomments&post=68621"}],"version-history":[{"count":0,"href":"https:\/\/www.bibula.com\/index.php?rest_route=\/wp\/v2\/posts\/68621\/revisions"}],"wp:attachment":[{"href":"https:\/\/www.bibula.com\/index.php?rest_route=%2Fwp%2Fv2%2Fmedia&parent=68621"}],"wp:term":[{"taxonomy":"category","embeddable":true,"href":"https:\/\/www.bibula.com\/index.php?rest_route=%2Fwp%2Fv2%2Fcategories&post=68621"},{"taxonomy":"post_tag","embeddable":true,"href":"https:\/\/www.bibula.com\/index.php?rest_route=%2Fwp%2Fv2%2Ftags&post=68621"}],"curies":[{"name":"wp","href":"https:\/\/api.w.org\/{rel}","templated":true}]}}