{"id":68545,"date":"2013-05-24T10:44:04","date_gmt":"2013-05-24T15:44:04","guid":{"rendered":"http:\/\/www.bibula.com\/?p=68545"},"modified":"2013-05-24T10:44:04","modified_gmt":"2013-05-24T15:44:04","slug":"lwow-zagrozony","status":"publish","type":"post","link":"https:\/\/www.bibula.com\/?p=68545","title":{"rendered":"Lw\u00f3w zagro\u017cony"},"content":{"rendered":"<p><strong>Podczas 37 sesji Konferencji Generalnej UNESCO mo\u017ce zosta\u0107 podj\u0119ta decyzja o wy\u0142\u0105czeniu lwowskiej star\u00f3wki z listy \u015awiatowego Dziedzictwa &#8211; tak\u0105 informacj\u0119 poda\u0142 kierownik Wydzia\u0142u Ochrony Dziedzictwa Kulturowego lwowskiej administracji wojew\u00f3dzkiej Walerij Potiuk.<\/strong><\/p>\r\n<p>&#8211; Przyczyni\u0142y si\u0119 do tego liczne nieprawid\u0142owo\u015bci. Mamy zbyt wiele samowolnych dobud\u00f3wek, nadbud\u00f3wek na zabytkowych kamienicach, kt\u00f3re powstaj\u0105 wbrew obowi\u0105zuj\u0105cym kryteriom. Poza tym, nie mamy we Lwowie okre\u015blonych granic strefy historycznej zespo\u0142u staromiejskiego i nie okre\u015blili\u015bmy strefy ochronnej UNESCO. <\/p>\r\n<p>Podobne powody zagra\u017caj\u0105 \u0141awrze Kijowsko-Peczerskiej i soborowi \u015bw. Sofii w Kijowie &#8211; wszystkie obiekty mog\u0105 zosta\u0107 skre\u015blone z listy \u015awiatowego Dziedzictwa.<\/p>\r\n<p>Z tak kategoryczn\u0105 opini\u0105 nie zgadza si\u0119 Lilia Onyszczenko, przewodnicz\u0105ca Urz\u0119du ds. Ochrony Historycznego \u015arodowiska Lwowskiej Rady Miejskiej. Podkre\u015bla, i\u017c podczas 37 sesji Konferencji Generalnej UNESCO, kt\u00f3ra odb\u0119dzie w czerwcu w Kambod\u017cy, og\u0142oszone zostanie jedynie sprawozdanie podsumowuj\u0105ce monitorowanie lwowskiej star\u00f3wki w maju 2012 r.<\/p>\r\n<p>&#8211; Nikt nie m\u00f3wi o wy\u0142\u0105czeniu lwowskiej star\u00f3wki z listy \u015awiatowego Dziedzictwa UNESCO. Sprawozdania monitoringu s\u0105 sporz\u0105dzane regularnie. Po ich odczytaniu omawiane s\u0105 nieprawid\u0142owo\u015bci i problemy. Natomiast procedura wy\u0142\u0105czenia z listy \u015awiatowego Dziedzictwa UNESCO jest r\u00f3wnie d\u0142uga, co umieszczanie na niej. <\/p>\r\n<p>Pocz\u0105tkowo obiekt zostaje wpisany na list\u0119 obiekt\u00f3w zagro\u017conych, a dopiero p\u00f3\u017aniej, je\u015bli problem nie zostanie rozwi\u0105zany, mo\u017cna m\u00f3wi\u0107 o wy\u0142\u0105czeniu, &#8211; podsumowuje Lilia Onyszczenko.<\/p>\r\n<p>W sprawozdaniu, podsumowuj\u0105cym monitorowanie lwowskiej star\u00f3wki w maju 2012 r. zawarta jest rekomendacja natychmiastowego wstrzymania (albo z\u0142o\u017cenia do Centrum \u015awiatowego Dziedzictwa raport\u00f3w projekt\u00f3w do zbadania i oceny) nast\u0119puj\u0105cych projekt\u00f3w: projekt zespo\u0142u hotelowego przy ul. Fedorowa 23-25, projekt budynku mieszkalnego Ministerstwa Spraw Wewn\u0119trznych przy ul. Krywonosa 1, projekt zabudowy przy ul. Dowbusza 15.<\/p>\r\n<p>Na najbli\u017cszej sesji UNESCO konferencja generalna rozwa\u017cy mo\u017cliwo\u015b\u0107 w\u0142\u0105czenia 16 drewnianych cerkwi w Karpatach na list\u0119 \u015awiatowego Dziedzictwa. 4 z nich le\u017c\u0105 na terenach wojew\u00f3dztwa lwowskiego.<\/p>\r\n<p>zaxid.net\/Kurier Galicyjski\/KRESY.PL<\/p>","protected":false},"excerpt":{"rendered":"Podczas 37 sesji Konferencji Generalnej UNESCO mo\u017ce zosta\u0107 podj\u0119ta decyzja o wy\u0142\u0105czeniu lwowskiej star\u00f3wki z listy \u015awiatowego Dziedzictwa &#8211; tak\u0105 informacj\u0119 poda\u0142 kierownik Wydzia\u0142u Ochrony Dziedzictwa Kulturowego lwowskiej administracji wojew\u00f3dzkiej Walerij Potiuk. &#8211; Przyczyni\u0142y si\u0119 do tego liczne nieprawid\u0142owo\u015bci. Mamy zbyt wiele samowolnych dobud\u00f3wek, nadbud\u00f3wek na zabytkowych kamienicach, kt\u00f3re powstaj\u0105 wbrew obowi\u0105zuj\u0105cym kryteriom. Poza tym, [&hellip;]","protected":false},"author":1,"featured_media":0,"comment_status":"closed","ping_status":"closed","sticky":false,"template":"","format":"standard","meta":{"_acf_changed":false,"_monsterinsights_skip_tracking":false,"_monsterinsights_sitenote_active":false,"_monsterinsights_sitenote_note":"","_monsterinsights_sitenote_category":0,"ngg_post_thumbnail":0,"footnotes":"","_wp_rev_ctl_limit":""},"categories":[215],"tags":[188,167],"acf":[],"_links":{"self":[{"href":"https:\/\/www.bibula.com\/index.php?rest_route=\/wp\/v2\/posts\/68545"}],"collection":[{"href":"https:\/\/www.bibula.com\/index.php?rest_route=\/wp\/v2\/posts"}],"about":[{"href":"https:\/\/www.bibula.com\/index.php?rest_route=\/wp\/v2\/types\/post"}],"author":[{"embeddable":true,"href":"https:\/\/www.bibula.com\/index.php?rest_route=\/wp\/v2\/users\/1"}],"replies":[{"embeddable":true,"href":"https:\/\/www.bibula.com\/index.php?rest_route=%2Fwp%2Fv2%2Fcomments&post=68545"}],"version-history":[{"count":0,"href":"https:\/\/www.bibula.com\/index.php?rest_route=\/wp\/v2\/posts\/68545\/revisions"}],"wp:attachment":[{"href":"https:\/\/www.bibula.com\/index.php?rest_route=%2Fwp%2Fv2%2Fmedia&parent=68545"}],"wp:term":[{"taxonomy":"category","embeddable":true,"href":"https:\/\/www.bibula.com\/index.php?rest_route=%2Fwp%2Fv2%2Fcategories&post=68545"},{"taxonomy":"post_tag","embeddable":true,"href":"https:\/\/www.bibula.com\/index.php?rest_route=%2Fwp%2Fv2%2Ftags&post=68545"}],"curies":[{"name":"wp","href":"https:\/\/api.w.org\/{rel}","templated":true}]}}