{"id":68484,"date":"2013-05-19T18:46:22","date_gmt":"2013-05-19T23:46:22","guid":{"rendered":"http:\/\/www.bibula.com\/?p=68484"},"modified":"2013-05-19T18:46:22","modified_gmt":"2013-05-19T23:46:22","slug":"czy-papiez-franciszek-zdola-naprawic-kosciol","status":"publish","type":"post","link":"https:\/\/www.bibula.com\/?p=68484","title":{"rendered":"Czy papie\u017c Franciszek zdo\u0142a naprawi\u0107 Ko\u015bci\u00f3\u0142?"},"content":{"rendered":"<p>\u015awi\u0119ty Franciszek z Asy\u017cu, kt\u00f3rego imi\u0119 przyj\u0105\u0142 nowy papie\u017c, us\u0142ysza\u0142 jak ukrzy\u017cowany Zbawiciel m\u00f3wi do niego: \u201eFranciszku, id\u017a i odbuduj m\u00f3j Ko\u015bci\u00f3\u0142!\u201d. Te s\u0142owa zacytowa\u0142 bp Fellay, przesy\u0142aj\u0105c nowo wybranemu papie\u017cowi \u017cyczenia pontyfikatu pe\u0142nego sukces\u00f3w <sup><a id=\"fnref-2758-1\" href=\"http:\/\/news.fsspx.pl\/2013\/05\/czy-papiez-franciszek-zdola-naprawic-kosciol\/#fn-2758-1\">1<\/a><\/sup>. Teraz, gdy \u015bwiat\u0142a reflektor\u00f3w nie s\u0105 ju\u017c d\u0142u\u017cej\u00a0skierowane\u00a0na Watykan, a ka\u017cdy zajmuje si\u0119 swoimi sprawami, chcieliby\u015bmy zaproponowa\u0107 naszym czytelnikom kilka refleksji dotycz\u0105cych\u00a0ko\u015bcielnej kariery papie\u017ca Franciszka\u00a0oraz wskaza\u0107 klucz, kt\u00f3ry mo\u017ce pomoc w zrozumieniu jego pontyfikatu.<\/p>\r\n<table class=\"outset\" style=\"width: 197px; height: 361px;\" align=\"left\">\r\n<tbody>\r\n<tr>\r\n<td><img fetchpriority=\"high\" decoding=\"async\" src=\"http:\/\/news.fsspx.pl\/wp-content\/uploads\/Sen-papie%C5%BCa-Innocentego.-%C5%9Aw.-Franciszek-podtrzymuje-upadaj%C4%85c%C4%85-Bazylik%C4%99-%C5%9Aw.-Jana-Chrzciciela-na-Lateranie-fragment-fresku-p%C4%99dzla-Benizcjusza-Gozzoliego-z-ko%C5%9Bcio%C5%82a-w-Montefalco-183x300.jpg\" alt=\"Sen papie\u017ca Innocentego. \u015aw. Franciszek podtrzymuje upadaj\u0105c\u0105-Bazylik\u0119 \u015aw. Jana Chrzciciela na Lateranie - fragment fresku p\u0119dzla Benicjusza Gozzoliego z ko\u015bcio\u0142a w Montefalco\" width=\"183\" height=\"300\" \/><\/td>\r\n<\/tr>\r\n<tr>\r\n<td>\r\n<p class=\"zrodlo\">Sen papie\u017ca Innocentego.<br \/> \u015aw. Franciszek podtrzymuje upadaj\u0105c\u0105 Bazylik\u0119 \u015aw. Jana Chrzciciela na Lateranie (fragment fresku p\u0119dzla Benicjusza Gozzoliego<br \/> w ko\u015bciele w Montefalco).<\/p>\r\n<\/td>\r\n<\/tr>\r\n<\/tbody>\r\n<\/table>\r\n<p>Je\u015bli jego pos\u0142uga jako ordynariusza Buenos Aires mia\u0142aby stanowi\u0107 jak\u0105\u015b wskaz\u00f3wk\u0119 na przysz\u0142o\u015b\u0107, to by\u0142oby czym\u015b trudnym, mo\u017ce nawet aroganckim, \u017cywi\u0107 jakie\u015b szczeg\u00f3lne nadzieje. Kard. Bergoglio by\u0142 \u015bwiadomy op\u0142akanego stanu, w jakim znajdowa\u0142o si\u0119 podleg\u0142e mu duchowie\u0144stwo, a jednak nie potrafi\u0142 wp\u0142yn\u0105\u0107 na wzrost powo\u0142a\u0144 i poprawi\u0107 jako\u015bci formacji seminaryjnej i p\u00f3\u017aniejszej formacji kap\u0142a\u0144skiej. Seminarium w Buenos Aires nigdy nie mia\u0142o tak niewielu seminarzyst\u00f3w jak dzisiaj <sup><a id=\"fnref-2758-2\" href=\"http:\/\/news.fsspx.pl\/2013\/05\/czy-papiez-franciszek-zdola-naprawic-kosciol\/#fn-2758-2\">2<\/a><\/sup>. Celebracje liturgiczne, kt\u00f3rym przewodniczy\u0142 \u201ekardyna\u0142 ubogich\u201d, by\u0142y ubogie w tradycj\u0119, powag\u0119 i sakralny charakter <sup><a id=\"fnref-2758-3\" href=\"http:\/\/news.fsspx.pl\/2013\/05\/czy-papiez-franciszek-zdola-naprawic-kosciol\/#fn-2758-3\">3<\/a><\/sup>,<sup><a id=\"fnref-2758-4\" href=\"http:\/\/news.fsspx.pl\/2013\/05\/czy-papiez-franciszek-zdola-naprawic-kosciol\/#fn-2758-4\">4<\/a><\/sup>. Wydaje si\u0119, \u017ce z nastaniem papie\u017ca Franciszka zn\u00f3w grozi nam powr\u00f3t do dziwacznych, ze\u015bwiecczonych, a nawet \u015bwi\u0119tokradzkich celebracji czas\u00f3w papie\u017cy Paw\u0142a VI i Jana Paw\u0142a II, kt\u00f3rym towarzyszy\u0142 wrzaskliwy \u015bpiew, ta\u0144ce i brak dba\u0142o\u015bci o konsekrowane \u015awi\u0119te Postaci. Celebracje, kt\u00f3re zwyk\u0142 sprawowa\u0107 papie\u017c Franciszek jeszcze jako kardyna\u0142, zdaj\u0105 si\u0119 odleg\u0142e od tego, do czego usilnie d\u0105\u017cy\u0142 Benedykt XVI, pragn\u0105c przywr\u00f3ci\u0107 liturgii nieco z godno\u015bci nale\u017cnej s\u0142u\u017cbie Bo\u017cej. Stanowisko Franciszka w sprawie pal\u0105cych kwestii moralnych naszych czas\u00f3w jest przesi\u0105kni\u0119te duchem II Soboru Watyka\u0144skiego, tj. wewn\u0119trznie sprzeczne. Papie\u017c zdaje si\u0119 otwarcie\u00a0popiera\u0107 ko\u015bcielne pot\u0119pienie z\u0142a aborcji. R\u00f3wnie\u017c w walce ze sprzeciwiaj\u0105cym si\u0119 naturze pr\u00f3bom tworzenia homoseksualnych \u201ema\u0142\u017ce\u0144stw\u201d, o ile jego dwa publicznie og\u0142oszone listy by\u0142y bardzo jasne, to jego dzia\u0142ania nie by\u0142y zdecydowan\u0105 obron\u0105 praw Bo\u017cych <sup><a id=\"fnref-2758-5\" href=\"http:\/\/news.fsspx.pl\/2013\/05\/czy-papiez-franciszek-zdola-naprawic-kosciol\/#fn-2758-5\">5<\/a><\/sup>.<\/p>\r\n<p>W odniesieniu do gwa\u0142townego wzrostu liczby blu\u017anierstw w \u015bwiecie, kard. Bergoglio wi\u0119cej ni\u017c raz okaza\u0142 niech\u0119\u0107 do konfrontacji lub demonstracji przeciwko obrazoburczym wystawom. Czy nie jest w tym podobny do polityka, kt\u00f3ry lubi by\u0107 w dobrych stosunkach ze wszystkimi i raczej b\u0119dzie apelowa\u0142 o pok\u00f3j ni\u017c prowokowa\u0142 konflikt, odwa\u017cnie g\u0142osz\u0105c prawd\u0119 dotycz\u0105c\u0105 prawa moralnego?<\/p>\r\n<p>W przeciwie\u0144stwie do swojego poprzednika, lecz w \u015blad za Janem Paw\u0142em II, papie\u017c zdaje si\u0119 ch\u0119tnie zadowala\u0107 media, zawsze gotowe ukaza\u0107 go jako supergwiazd\u0119. Jednak w istocie ten okrzyczany \u201epapie\u017c pokornych i ubogich\u201d mo\u017ce propagowa\u0107 nie tyle sw\u0105 osobist\u0105 pokor\u0119, ile upokorzenie Ko\u015bcio\u0142a i zaprzeczenia praw Chrystusa. Jak wyja\u015bni\u0142 bp Fellay w <a href=\"http:\/\/news.fsspx.pl\/2013\/04\/list-do-przyjaciol-i-dobroczyncow-nr-80\/\">Li\u015bcie do Przyjaci\u00f3\u0142 i Dobroczy\u0144c\u00f3w<\/a>:<\/p>\r\n<blockquote>\r\n<p>Dzie\u0142a charytatywne czynione dla biednych, potrzebuj\u0105cych, chorych, zawsze\u00a0stanowi\u0142y prawdziwy obiekt troski Ko\u015bcio\u0142a i nie wolno nam si\u0119 od\u00a0nich wymawia\u0107.\u00a0Je\u017celi jednak owa troska zamienia si\u0119 w filantropi\u0119 koncentruj\u0105c\u0105 si\u0119 na cz\u0142owieku,\u00a0w\u00f3wczas Ko\u015bci\u00f3\u0142 nie wykonuje ju\u017c swojej misji, nie prowadzi ju\u017c dusz ku Bogu, co mo\u017cna uczyni\u0107 jedynie w spos\u00f3b nadprzyrodzony: przez wiar\u0119, nadziej\u0119, mi\u0142o\u015b\u0107 i \u0142ask\u0119. A wi\u0119c przez pot\u0119pienie wszystkiego, co stoi z nimi w sprzeczno\u015bci, tj. b\u0142\u0119d\u00f3w przeciwko wierze i moralno\u015bci. Poniewa\u017c, je\u015bli ludzie grzesz\u0105, czyni\u0105c to z braku takiego pot\u0119pienia, to id\u0105 na wieczne zatracenie. Racj\u0105 istnienia Ko\u015bcio\u0142a jest ich ochrona i pomoc w unikni\u0119ciu nieszcz\u0119\u015bcia wiecznego pot\u0119pienia.<\/p>\r\n<\/blockquote>\r\n<p>Nabrali\u015bmy pewnej nadziei, gdy og\u0142oszono, \u017ce papie\u017c wraz z ca\u0142ym portugalskim episkopatem pragnie po\u015bwi\u0119ci\u0107 sw\u00f3j pontyfikat Matce Bo\u017cej Fatimskiej <sup><a id=\"fnref-2758-6\" href=\"http:\/\/news.fsspx.pl\/2013\/05\/czy-papiez-franciszek-zdola-naprawic-kosciol\/#fn-2758-6\">6<\/a><\/sup>. Wkr\u00f3tce jednak dowiedzieli\u015bmy si\u0119, \u017ce Ojciec \u015awi\u0119ty oczekuje, i\u017c to po\u015bwi\u0119cenie b\u0119dzie po prostu prywatnym aktem pobo\u017cno\u015bci, w kt\u00f3rym wed\u0142ug w\u0142asnego uznania b\u0119d\u0105 mogli wzi\u0105\u0107 udzia\u0142 cz\u0142onkowie portugalskiej hierarchii ko\u015bcielnej &#8211; a nie aktem publicznej konsekracji. Wydaje si\u0119 zatem, \u017ce obecny papie\u017c nie b\u0119dzie tym, kt\u00f3ry po\u0142o\u017cy kres obecnym karom &#8211; i zapobiegnie przysz\u0142ym &#8211; poprzez nakazanie wszystkim biskupom \u015bwiata uczestnictwa w publicznym po\u015bwi\u0119ceniu Rosji Niepokalanemu Sercu Maryi.<\/p>\r\n<p>Modlimy si\u0119, \u017ceby Ta, kt\u00f3ra pokona\u0142a wszelkie herezje, natchn\u0119\u0142a nowego Wikariusza Chrystusowego, aby sta\u0142 si\u0119 kolejnym krzy\u017cowcem walcz\u0105cym przeciwko nowoczesnym b\u0142\u0119dom i ekumenicznym wypaczeniom przys\u0142aniaj\u0105cym prawdziwe oblicze Oblubienicy Chrystusa. Jednocze\u015bnie obserwujemy gesty kard. Bergoglio i s\u0142yszymy jego deklaracje, kt\u00f3re s\u0105 zapowiedzi\u0105 czego\u015b zupe\u0142nie innego. Kardyna\u0142 uczestniczy\u0142 w fa\u0142szywym kulcie w synagogach i wsp\u00f3lnych z protestantami dwuznacznych wydarzeniach ekumenicznych <sup><a id=\"fnref-2758-7\" href=\"http:\/\/news.fsspx.pl\/2013\/05\/czy-papiez-franciszek-zdola-naprawic-kosciol\/#fn-2758-7\">7<\/a><\/sup>,<sup><a id=\"fnref-2758-8\" href=\"http:\/\/news.fsspx.pl\/2013\/05\/czy-papiez-franciszek-zdola-naprawic-kosciol\/#fn-2758-8\">8<\/a><\/sup>.<\/p>\r\n<p>Pytany o stanowisko papie\u017ca Benedykta XVI na temat szerzenia wiary mieczem przez muzu\u0142man\u00f3w, kardyna\u0142 powiedzia\u0142: \u201eS\u0142owa papie\u017ca nie maj\u0105 mojego poparcia\u201d i przeciwstawi\u0142 go Janowi Paw\u0142owi II, o kt\u00f3rym s\u0105dzi\u0142, \u017ce zr\u0119cznie prowadzi \u201edialog\u201d ze \u015bwiatem muzu\u0142ma\u0144skim:<\/p>\r\n<blockquote>\r\n<p>Je\u015bli papie\u017c [Benedykt XVI] nie docenia warto\u015bci islamu, nie rozwijaj\u0105c swojego [negatywnego] stanowiska, to wydaje mi si\u0119, \u017ce w 20 sekund mo\u017ce zniszczy\u0107 to, co zosta\u0142o zbudowane w ci\u0105gu 20 lat\u201d<sup><a id=\"fnref-2758-9\" href=\"http:\/\/news.fsspx.pl\/2013\/05\/czy-papiez-franciszek-zdola-naprawic-kosciol\/#fn-2758-9\">9<\/a><\/sup>.<\/p>\r\n<\/blockquote>\r\n<p>Pozostawiaj\u0105c na boku kwestie spo\u0142eczne\u00a0(jego stanowisko w tych kwestiach jest zdecydowane, niemniej czysto humanistyczne), o wiele wi\u0119cej mo\u017cna powiedzie\u0107 o jego jawnej \u017cyczliwo\u015bci wobec komunist\u00f3w i walcz\u0105cego z chrze\u015bcija\u0144stwem rz\u0105du Argentyny. W swojej biografii <em>El Jesuita<\/em> (Jezuita) chwali prac\u0119 teolog\u00f3w zwi\u0105zanych z ruchem teologii wyzwolenia <sup><a id=\"fnref-2758-10\" href=\"http:\/\/news.fsspx.pl\/2013\/05\/czy-papiez-franciszek-zdola-naprawic-kosciol\/#fn-2758-10\">10<\/a><\/sup>, a tak\u017ce kard. Casarolego i jego <em>Ostpolitik<\/em> (polityk\u0119 wschodni\u0105 &#8211; przyp. t\u0142um.), d\u0105\u017c\u0105c\u0105 do zawarcia kompromisu z komunistyczn\u0105 Moskw\u0105 <sup><a id=\"fnref-2758-11\" href=\"http:\/\/news.fsspx.pl\/2013\/05\/czy-papiez-franciszek-zdola-naprawic-kosciol\/#fn-2758-11\">11<\/a><\/sup>. Misji papie\u017ca nie da si\u0119 pogodzi\u0107 z postaw\u0105 najemnego polityka gotowego do dzia\u0142ania na rzecz jakiejkolwiek sprawy, kt\u00f3ra akurat cieszy si\u0119 popularno\u015bci\u0105. A oto, co na temat najemnik\u00f3w ma do powiedzenia \u015bw. Augustyn:<\/p>\r\n<blockquote>\r\n<p>Us\u0142yszeli\u015bcie nadchodz\u0105cego wilka i uciekli\u015bcie. Uciekli\u015bcie, bo byli\u015bcie cisi, a byli\u015bcie cisi, bo si\u0119 bali\u015bcie.<\/p>\r\n<\/blockquote>\r\n<p>Bp Fellay, kiedy w ubieg\u0142ym miesi\u0105cu dokonywa\u0142 po\u015bwi\u0119cenia kamienia w\u0119gielnego nowego seminarium FSSPX w Wirginii, wyja\u015bni\u0142, \u017ce papie\u017c nie jest europejskim intelektualist\u0105, ale\u00a0pragmatykiem. Ten spos\u00f3b my\u015blenia ukierunkowany na dzia\u0142anie jest wyra\u017anie widoczny w \u0142ajaniu katolik\u00f3w, kt\u00f3rzy pragn\u0105 powrotu Ko\u015bcio\u0142a przedsoborowego, czyli Ko\u015bcio\u0142a Tradycji. Papie\u017c m\u00f3wi:<\/p>\r\n<blockquote>\r\n<p>Sob\u00f3r by\u0142 w pi\u0119knym dzie\u0142em Ducha \u015awi\u0119tego (\u2026) pojawiaj\u0105 si\u0119 g\u0142osy, by zrobi\u0107 krok wstecz. To jest up\u00f3r; to jest pr\u00f3ba powstrzymywania\u00a0Ducha \u015awi\u0119tego w dzia\u0142aniu &#8211; i to w\u0142a\u015bnie znaczy by\u0107 g\u0142upcem o leniwym sercu <sup><a id=\"fnref-2758-12\" href=\"http:\/\/news.fsspx.pl\/2013\/05\/czy-papiez-franciszek-zdola-naprawic-kosciol\/#fn-2758-12\">12<\/a><\/sup>.<\/p>\r\n<\/blockquote>\r\n<p>Te s\u0142owa nie wr\u00f3\u017c\u0105 dobrze jakiemukolwiek powrotowi do zdrowej doktryny ani \u017cadnemu mo\u017cliwemu do przyj\u0119cia pragmatycznemu porozumieniu skutkuj\u0105cemu przerwaniem szykan, kt\u00f3rym poddawane jest Bractwo \u015aw. Piusa X za pomoc\u0105 niesprawiedliwego pozbawienia go statusu kanonicznego. Mo\u017cna sobie wyobrazi\u0107, \u017ce jednym z tych warunk\u00f3w by\u0142oby wymaganie nie tylko zgody na powstrzymanie si\u0119 od krytyki <em>Vaticanum II<\/em>, ale r\u00f3wnie\u017c afirmatywne przyj\u0119cie tego \u201epi\u0119knego dzie\u0142a\u201d &#8211; na \u017caden z tych warunk\u00f3w FSSPX nigdy si\u0119 nie zgodzi.<\/p>\r\n<p>Nie ulega w\u0105tpliwo\u015bci, \u017ce pontyfikat papie\u017ca Franciszka wytyczy nowe szlaki. Wydaje si\u0119 kra\u0144cowo odleg\u0142y od pontyfikat\u00f3w dw\u00f3ch poprzednich papie\u017cy, kt\u00f3rzy byli wyk\u0142adowcami uniwersyteckimi. Obecnie panuj\u0105cemu papie\u017cowi mo\u017ce bardziej zale\u017ce\u0107 na praktycznych rezultatach. Takie pragnienie mo\u017ce okaza\u0107 si\u0119 dobre dla Wiary i Tradycji, je\u015bli jego skutkiem b\u0119dzie odbudowa Wiary, a w ten spos\u00f3b i Ko\u015bcio\u0142a. Istnieje jednak wiele powod\u00f3w, by obawia\u0107 si\u0119, \u017ce rezultaty, do kt\u00f3rych on uparcie d\u0105\u017cy, mog\u0105 okaza\u0107 si\u0119 bardziej szkodliwe dla Ko\u015bcio\u0142a ni\u017c okaza\u0142y si\u0119 korzystne umiarkowane reformy Benedykta XVI. Tak wi\u0119c teraz, bardziej ni\u017c kiedykolwiek, wszyscy tradycyjni katolicy powinni modli\u0107 si\u0119 za Piotra, o dar m\u0119stwa w wype\u0142nianiu jego misji \u201eutwierdzania braci w wierze\u201d.<\/p>\r\n<p>(\u017ar\u00f3d\u0142o: sspx.org, 8 maja 2013).<\/p>\r\n<div id=\"footnotes-2758\"><ol>\r\n<li id=\"fn-2758-1\"><a href=\"http:\/\/news.fsspx.pl\/2013\/03\/komunikat-domu-generalnego-fsspx-z-okazji-wyboru-papieza-franciszka\/\">Komunikat Domu Generalnego FSSPX z okazji wyboru papie\u017ca Franciszka<\/a>. <a href=\"http:\/\/news.fsspx.pl\/2013\/05\/czy-papiez-franciszek-zdola-naprawic-kosciol\/#fnref-2758-1\">\u00e2\u2020\u00a9<\/a><\/li>\r\n<li id=\"fn-2758-2\">\u201eW ubieg\u0142ym roku w archidiecezji (Buenos Aires) wy\u015bwi\u0119cono zaledwie 12 ksi\u0119\u017cy, podczas gdy zanim kard. Bergoglio zosta\u0142 jej ordynariuszem wy\u015bwi\u0119cano ich 40-50 rocznie\u201d, Jan L. Allen jun., \u201eNational Catholic Reporter\u201d, 5 kwietnia 2013. <a href=\"http:\/\/news.fsspx.pl\/2013\/05\/czy-papiez-franciszek-zdola-naprawic-kosciol\/#fnref-2758-2\">\u00e2\u2020\u00a9<\/a><\/li>\r\n<li id=\"fn-2758-3\"><a href=\"http:\/\/vaticaninsider.lastampa.it\/en\/inquiries-and-interviews\/detail\/articolo\/francesco-francis-francisco-23683\/\">Holy Thursday ceremony of the washing of the feet<\/a> (w j\u0119z. angielskim). <a href=\"http:\/\/news.fsspx.pl\/2013\/05\/czy-papiez-franciszek-zdola-naprawic-kosciol\/#fnref-2758-3\">\u00e2\u2020\u00a9<\/a><\/li>\r\n<li id=\"fn-2758-4\"><a href=\"http:\/\/news.fsspx.pl\/2013\/03\/ks-bouchacourt-fsspx-o-kard-bergoglio\/\">Ks. Bouchacourt FSSPX o kard. Bergoglio<\/a> <a href=\"http:\/\/news.fsspx.pl\/2013\/05\/czy-papiez-franciszek-zdola-naprawic-kosciol\/#fnref-2758-4\">\u00e2\u2020\u00a9<\/a><\/li>\r\n<li id=\"fn-2758-5\">Dysponujemy na przyk\u0142ad jego dwoma listami &#8211; jednym, prezentuj\u0105cym zdecydowane stanowisko i adresowanym do karmelitanek oraz drugim, skierowanym do podleg\u0142ego mu duchowie\u0144stwa diecezjalnego. Oba nosz\u0105 dat\u0119 22 czerwca 2010 r. &#8211; by\u0142 to czas oczekiwania na g\u0142osowanie nad ustaw\u0105, co mia\u0142o nast\u0105pi\u0107 w lipcu.<br \/>Ks. Bouchacourt, prze\u0142o\u017cony dystryktu Ameryki Po\u0142udniowej FSSPX, napisa\u0142: \u201eWys\u0142a\u0142 pi\u0119kny list do karmelitanek w Buenos Aires przeciwko ustawie o \u00abma\u0142\u017ce\u0144stwach\u00bb homoseksualnych &#8211; niestety w ko\u0144cu uchwalonej &#8211; ale podczas demonstracji przeciwko niej wyg\u0142osi\u0142 marne przem\u00f3wienie, w kt\u00f3rym ani razu nie pad\u0142o Imi\u0119 Bo\u017ce. Tymczasem jego przedm\u00f3wcy, ewangelikalnemu pastorowi, uda\u0142o si\u0119 porwa\u0107 zgromadzonych o wiele odwa\u017cniejsz\u0105 mow\u0105\u201d.<br \/>W marcu 2010 r. rzecznik kardyna\u0142a, Fryderyk Wals, pisa\u0142 na \u0142amach \u201eVeintitr\u00c3\u00a9s\u201d:<br \/>\u201eSprzeciwiamy si\u0119 (zawieraniu \u00abma\u0142\u017ce\u0144stw\u00bb przez homoseksualist\u00f3w) z powod\u00f3w natury prawnej, a nie z motyw\u00f3w religijnych. Nie chcemy dyskryminowa\u0107 zwi\u0105zk\u00f3w jednop\u0142ciowych. Nie jeste\u015bmy fanatykami. To, o co prosimy, to aby prawo by\u0142o przestrzegane\u2026 Uwa\u017camy, \u017ce mog\u0105 im zosta\u0107 zaproponowane korzystniejsze (prawa obejmuj\u0105ce) zwi\u0105zki cywilne ni\u017c obecnie istniej\u0105ce, ale nie ma\u0142\u017ce\u0144stwo\u201d.<br \/>Sergiusz Rubin (autoryzowany biograf kard. Bergoglio) oraz Marceli Marquez donosz\u0105, \u017ce kard. Bergoglio wspiera\u0142 ide\u0119 ustanowienia zwi\u0105zk\u00f3w cywilnych dla homoseksualist\u00f3w:<br \/>\u201eW obliczu rych\u0142ego uchwalenia ustawy o ma\u0142\u017ce\u0144stwach gejowskich, kard. Bergoglio proponowa\u0142 kompromis w kwestii zwi\u0105zk\u00f3w cywilnych jako \u00abmniejsze z\u0142o\u00bb &#8211; m\u00f3wi\u0142 Rubin. Sta\u0142 on na pozycji bardziej wzmo\u017conego dialogu ze spo\u0142ecze\u0144stwem\u201d (\u201eThe New York Times\u201d, 20 marca 2013 r.). Niedawno zaprzeczy\u0142 temu Micha\u0142 Woites w wywiadzie udzielonym Catholic News Agency ACI Prensa, co tylko powi\u0119kszy\u0142o zamieszanie. <a href=\"http:\/\/news.fsspx.pl\/2013\/05\/czy-papiez-franciszek-zdola-naprawic-kosciol\/#fnref-2758-5\">\u00e2\u2020\u00a9<\/a><\/li>\r\n<li id=\"fn-2758-6\"><a href=\"http:\/\/www.zenit.org\/en\/articles\/francis-petrine-ministry-consecrated-to-our-lady-of-fatima\">http:\/\/www.zenit.org\/en\/articles\/francis-petrine-ministry-consecrated-to-our-lady-of-fatima<\/a> (w j. angielskim). <a href=\"http:\/\/news.fsspx.pl\/2013\/05\/czy-papiez-franciszek-zdola-naprawic-kosciol\/#fnref-2758-6\">\u00e2\u2020\u00a9<\/a><\/li>\r\n<li id=\"fn-2758-7\"><a href=\"http:\/\/www.jta.org\/news\/article\/2013\/03\/13\/3121966\/new-pope-francis-i-is-argentinian-cardinal-jorge-maria-bergoglio\">http:\/\/www.jta.org\/news\/article\/2013\/03\/13\/3121966\/new-pope-francis-i-is-argentinian-cardinal-jorge-maria-bergoglio<\/a> (w j. angielskim). <a href=\"http:\/\/news.fsspx.pl\/2013\/05\/czy-papiez-franciszek-zdola-naprawic-kosciol\/#fnref-2758-7\">\u00e2\u2020\u00a9<\/a><\/li>\r\n<li id=\"fn-2758-8\">Na przyk\u0142ad: 23 czerwca 2006 r. kard. Bergoglio uczestniczy\u0142 w IV Braterskim Spotkaniu (<em>IV Encuentro Fraterno<\/em>), zorganizowanym przez CRECES (Odnowienie Komunii Katolik\u00f3w i Ewangelik\u00f3w w Duchu \u015awi\u0119tym) w Luna Park w Buenos Aires. W kwietniu 2009 r. kardyna\u0142 uczestniczy\u0142 w dwudniowym mityngu ksi\u0119\u017cy katolickich i protestanckich pastor\u00f3w, zorganizowanym przez to samo CRECES w Pilar w Buenos Aires. W lutym 2007 r. kardyna\u0142 odwiedzi\u0142 Argenty\u0144skie Towarzystwo Biblijne.<br \/>Kard. Bergoglio powiedzia\u0142 Grzegorzowi Venablesowi, argenty\u0144skiemu anglika\u0144skiemu \u201ebiskupowi\u201d, \u017ce ordynariaty dla by\u0142ych anglikan\u00f3w nie s\u0105 potrzebne: \u201eZaprosi\u0142 mnie na \u015bniadanie i bardzo wyra\u017anie o\u015bwiadczy\u0142, \u017ce ordynariat jest zupe\u0142nie niepotrzebny i \u017ce Ko\u015bci\u00f3\u0142 potrzebuje nas jako anglikan\u00f3w\u201d &#8211; relacjonowa\u0142 Venables. <a href=\"http:\/\/news.fsspx.pl\/2013\/05\/czy-papiez-franciszek-zdola-naprawic-kosciol\/#fnref-2758-8\">\u00e2\u2020\u00a9<\/a><\/li>\r\n<li id=\"fn-2758-9\"><a href=\"http:\/\/www.telegraph.co.uk\/news\/religion\/the-pope\/9931030\/Pope-Francis-run-in-with-Benedict-XVI-over-the-Prophet-Mohammed.html\">http:\/\/www.telegraph.co.uk\/news\/religion\/the-pope\/9931030\/Pope-Francis-run-in-with-Benedict-XVI-over-the-Prophet-Mohammed.html<\/a> (w j. angielskim). <a href=\"http:\/\/news.fsspx.pl\/2013\/05\/czy-papiez-franciszek-zdola-naprawic-kosciol\/#fnref-2758-9\">\u00e2\u2020\u00a9<\/a><\/li>\r\n<li id=\"fn-2758-10\">\u201eByli oni zaanga\u017cowani tak, jak chcia\u0142 tego Ko\u015bci\u00f3\u0142 i s\u0105 chlub\u0105 dla naszego Towarzystwa (Jezusowego)\u201d &#8211; powiedzia\u0142 kardyna\u0142, (w:) <em>El Jesuita, Conversaciones con el Cardenal Jorge Bergoglio, S.J.<\/em>, Buenos Aires, Vergara, 2012, str. 82. <a href=\"http:\/\/news.fsspx.pl\/2013\/05\/czy-papiez-franciszek-zdola-naprawic-kosciol\/#fnref-2758-10\">\u00e2\u2020\u00a9<\/a><\/li>\r\n<li id=\"fn-2758-11\">Dla kard. Bergoglio, kard. Casaroli uosabia\u0142 \u201eKo\u015bci\u00f3\u0142 misyjny\u201d, (za:) <em>El Jesuita, Conversaciones con el Cardenal Jorge Bergoglio S.J.<\/em>, Buenos Aires, Vergara, 2012, str. 78. <a href=\"http:\/\/news.fsspx.pl\/2013\/05\/czy-papiez-franciszek-zdola-naprawic-kosciol\/#fnref-2758-11\">\u00e2\u2020\u00a9<\/a><\/li>\r\n<li id=\"fn-2758-12\"><a href=\"http:\/\/www.asianews.it\/news-en\/Stubborn-are-those-who-would-turn-back-from-Vatican-II,-pope-says-27672.html\">http:\/\/www.asianews.it\/news-en\/Stubborn-are-those-who-would-turn-back-from-Vatican-II,-pope-says-27672.html<\/a> (w j. angielskim).<\/li>\r\n<\/ol><\/div>","protected":false},"excerpt":{"rendered":"\u015awi\u0119ty Franciszek z Asy\u017cu, kt\u00f3rego imi\u0119 przyj\u0105\u0142 nowy papie\u017c, us\u0142ysza\u0142 jak ukrzy\u017cowany Zbawiciel m\u00f3wi do niego: \u201eFranciszku, id\u017a i odbuduj m\u00f3j Ko\u015bci\u00f3\u0142!\u201d. Te s\u0142owa zacytowa\u0142 bp Fellay, przesy\u0142aj\u0105c nowo wybranemu papie\u017cowi \u017cyczenia pontyfikatu pe\u0142nego sukces\u00f3w 1. Teraz, gdy \u015bwiat\u0142a reflektor\u00f3w nie s\u0105 ju\u017c d\u0142u\u017cej\u00a0skierowane\u00a0na Watykan, a ka\u017cdy zajmuje si\u0119 swoimi sprawami, chcieliby\u015bmy zaproponowa\u0107 naszym czytelnikom [&hellip;]","protected":false},"author":1,"featured_media":0,"comment_status":"closed","ping_status":"closed","sticky":false,"template":"","format":"standard","meta":{"_acf_changed":false,"_monsterinsights_skip_tracking":false,"_monsterinsights_sitenote_active":false,"_monsterinsights_sitenote_note":"","_monsterinsights_sitenote_category":0,"ngg_post_thumbnail":0,"footnotes":"","_wp_rev_ctl_limit":""},"categories":[3],"tags":[301],"acf":[],"_links":{"self":[{"href":"https:\/\/www.bibula.com\/index.php?rest_route=\/wp\/v2\/posts\/68484"}],"collection":[{"href":"https:\/\/www.bibula.com\/index.php?rest_route=\/wp\/v2\/posts"}],"about":[{"href":"https:\/\/www.bibula.com\/index.php?rest_route=\/wp\/v2\/types\/post"}],"author":[{"embeddable":true,"href":"https:\/\/www.bibula.com\/index.php?rest_route=\/wp\/v2\/users\/1"}],"replies":[{"embeddable":true,"href":"https:\/\/www.bibula.com\/index.php?rest_route=%2Fwp%2Fv2%2Fcomments&post=68484"}],"version-history":[{"count":0,"href":"https:\/\/www.bibula.com\/index.php?rest_route=\/wp\/v2\/posts\/68484\/revisions"}],"wp:attachment":[{"href":"https:\/\/www.bibula.com\/index.php?rest_route=%2Fwp%2Fv2%2Fmedia&parent=68484"}],"wp:term":[{"taxonomy":"category","embeddable":true,"href":"https:\/\/www.bibula.com\/index.php?rest_route=%2Fwp%2Fv2%2Fcategories&post=68484"},{"taxonomy":"post_tag","embeddable":true,"href":"https:\/\/www.bibula.com\/index.php?rest_route=%2Fwp%2Fv2%2Ftags&post=68484"}],"curies":[{"name":"wp","href":"https:\/\/api.w.org\/{rel}","templated":true}]}}