{"id":68413,"date":"2013-05-14T12:45:22","date_gmt":"2013-05-14T17:45:22","guid":{"rendered":"http:\/\/www.bibula.com\/?p=68413"},"modified":"2013-05-14T12:45:22","modified_gmt":"2013-05-14T17:45:22","slug":"proces-beatyfikacyjny-o-ludwika-wrodarczyka-ofiary-rzezi-wolynskiej","status":"publish","type":"post","link":"https:\/\/www.bibula.com\/?p=68413","title":{"rendered":"Proces beatyfikacyjny o. Ludwika Wrodarczyka &#8211; ofiary rzezi wo\u0142y\u0144skiej"},"content":{"rendered":"<p><strong>W ramach obchod\u00f3w 70. rocznicy tragedii wo\u0142y\u0144skiej konferencja rzymskokatolickich biskup\u00f3w Ukrainy popar\u0142a podj\u0119cie stara\u0144 o rozpocz\u0119cie procesu beatyfikacyjnego o. Ludwika Wrodarczyka (1907-1943) &#8211; jednej z ofiar mord\u00f3w. Decyzja w tej sprawie zapad\u0142a na 41. plenarnym posiedzeniu Episkopatu w Berdyczowie w dniach 16-18 kwietnia.<\/strong><\/p>\r\n<p><img fetchpriority=\"high\" decoding=\"async\" class=\"alignleft\" style=\"margin: 10px;\" src=\"http:\/\/static.kresy.pl\/image\/ma\/5b47c3265519eafe36ca8ac1d2342cfe.jpg\" alt=\"\" width=\"232\" height=\"310\" align=\"left\" \/>Ojciec Wrodarczyk by\u0142 gorliwym duszpasterzem ze Zgromadzenia Oblat\u00f3w Maryi Niepokalanej (OMI) i zgin\u0105\u0142 w bestialski spos\u00f3b w grudniu 1943 roku. \u201eKurier Galicyjski\u201d informowa\u0142 ju\u017c, \u017ce od kilku lat Instytut Pami\u0119ci Narodowej &#8211; oddzia\u0142 w Lublinie, Centrum Ucrainicum Katolickiego Uniwersytetu Lubelskiego i Katolickie Stowarzyszenie \u201eCivitas Christiana\u201d organizuj\u0105 w Polsce i na Ukrainie wystaw\u0119 \u201eNiedoko\u0144czone msze wo\u0142y\u0144skie\u201d &#8211; dotycz\u0105c\u0105 martyrologium duchowie\u0144stwa wo\u0142y\u0144skiego, ofiar zbrodni nacjonalist\u00f3w ukrai\u0144skich w czasie II wojny \u015bwiatowej. W tym roku zostanie ona wystawiona 14 lipca w katedrze \u0142aci\u0144skiej w \u0141ucku. Znajdzie si\u0119 tam r\u00f3wnie\u017c odnalezione w archiwum zdj\u0119cie ojca oblata Ludwika Wrodarczyka.<\/p>\r\n<p>Ludwika Wrodarczyk urodzi\u0142 si\u0119 25 sierpnia 1907 roku w Radzionkowie na G\u00f3rnym \u015al\u0105sku w wielodzietnej rodzinie g\u00f3rniczej. W sierpniu 1926 rozpocz\u0105\u0142 nowicjat w Zgromadzeniu Misjonarzy Oblat\u00f3w Naj\u015bwi\u0119tszej Maryi Panny Niepokalanej (OMI). Pierwsze \u015bluby zakonne z\u0142o\u017cy\u0142 w Markowicach na Kujawach w 1927. Po studiach w oblackim seminarium duchownym w Obrze przyj\u0105\u0142 10 czerwca 1933 \u015bwi\u0119cenia kap\u0142a\u0144skie. Pierwsz\u0105 jego plac\u00f3wk\u0105 by\u0142o sanktuarium maryjne w Kodniu nad Bugiem. Od pocz\u0105tku lipca 1939 pe\u0142ni\u0142 pos\u0142ug\u0119 na Wo\u0142yniu. Mimo trudnych lat wojny owocnie pracowa\u0142, prowadzi\u0142 duszpasterstwo w nowo utworzonej parafii w Okopach. Odnotowano, \u017ce m\u0142ody zakonnik, znaj\u0105c w\u0142a\u015bciwo\u015bci lecznicze zi\u00f3\u0142, potrafi\u0142 nie\u015b\u0107 ulg\u0119 w chorobach swoim parafianom i mieszka\u0144com wiosek ukrai\u0144skich. W czasie okupacji niemieckiej nie ba\u0142 si\u0119 pomaga\u0107 \u017bydom. Instytut Yad Vashem w Jerozolimie nada\u0142 kap\u0142anowi po\u015bmiertnie medal \u201eSprawiedliwy w\u015br\u00f3d Narod\u00f3w \u015awiata\u201d.<\/p>\r\n<p>Zdaniem naukowc\u00f3w z Lublina &#8211; dr. Popka i dr Marii D\u0119bowskiej, autor\u00f3w biogramu o m\u0119\u017cnym oblacie &#8211; w nocy z 6 na 7 grudnia 1943, gdy w obawie przed napadem UPA ludno\u015b\u0107 polska w Okopach uciek\u0142a do lasu, ks. Wrodarczyk pozosta\u0142 w ko\u015bciele. Tam znale\u017ali go oprawcy i doprowadzili do ukrai\u0144skiej wsi Karpi\u0142\u00f3wka. Wed\u0142ug jednego z najbardziej wiarygodnych ustale\u0144 po okrutnych torturach ks. Ludwika \u201enagiego wyrzucono przed dom na \u015bnieg i z rozr\u0105banej piersi kat wyrwa\u0142 mu serce\u201d.<\/p>\r\n<p>W setn\u0105 rocznic\u0119 urodzin o. Ludwika Wrodarczyka w miejscu jego \u015bmierci ojcowie oblaci z Polski postawili krzy\u017c. W archidiecezji katowickiej rozpocz\u0105\u0142 si\u0119 wst\u0119pny proces beatyfikacyjny o. Ludwika Wrodarczyka.<\/p>\r\n<p><em><strong>Konstanty Czawaga<\/strong><\/em><\/p>\r\n<p>&#8222;Kurier Galicyjski&#8221;<\/p>","protected":false},"excerpt":{"rendered":"W ramach obchod\u00f3w 70. rocznicy tragedii wo\u0142y\u0144skiej konferencja rzymskokatolickich biskup\u00f3w Ukrainy popar\u0142a podj\u0119cie stara\u0144 o rozpocz\u0119cie procesu beatyfikacyjnego o. Ludwika Wrodarczyka (1907-1943) &#8211; jednej z ofiar mord\u00f3w. Decyzja w tej sprawie zapad\u0142a na 41. plenarnym posiedzeniu Episkopatu w Berdyczowie w dniach 16-18 kwietnia. Ojciec Wrodarczyk by\u0142 gorliwym duszpasterzem ze Zgromadzenia Oblat\u00f3w Maryi Niepokalanej (OMI) i [&hellip;]","protected":false},"author":1,"featured_media":0,"comment_status":"closed","ping_status":"closed","sticky":false,"template":"","format":"standard","meta":{"_acf_changed":false,"_monsterinsights_skip_tracking":false,"_monsterinsights_sitenote_active":false,"_monsterinsights_sitenote_note":"","_monsterinsights_sitenote_category":0,"ngg_post_thumbnail":0,"footnotes":"","_wp_rev_ctl_limit":""},"categories":[215],"tags":[65,188,17],"acf":[],"_links":{"self":[{"href":"https:\/\/www.bibula.com\/index.php?rest_route=\/wp\/v2\/posts\/68413"}],"collection":[{"href":"https:\/\/www.bibula.com\/index.php?rest_route=\/wp\/v2\/posts"}],"about":[{"href":"https:\/\/www.bibula.com\/index.php?rest_route=\/wp\/v2\/types\/post"}],"author":[{"embeddable":true,"href":"https:\/\/www.bibula.com\/index.php?rest_route=\/wp\/v2\/users\/1"}],"replies":[{"embeddable":true,"href":"https:\/\/www.bibula.com\/index.php?rest_route=%2Fwp%2Fv2%2Fcomments&post=68413"}],"version-history":[{"count":0,"href":"https:\/\/www.bibula.com\/index.php?rest_route=\/wp\/v2\/posts\/68413\/revisions"}],"wp:attachment":[{"href":"https:\/\/www.bibula.com\/index.php?rest_route=%2Fwp%2Fv2%2Fmedia&parent=68413"}],"wp:term":[{"taxonomy":"category","embeddable":true,"href":"https:\/\/www.bibula.com\/index.php?rest_route=%2Fwp%2Fv2%2Fcategories&post=68413"},{"taxonomy":"post_tag","embeddable":true,"href":"https:\/\/www.bibula.com\/index.php?rest_route=%2Fwp%2Fv2%2Ftags&post=68413"}],"curies":[{"name":"wp","href":"https:\/\/api.w.org\/{rel}","templated":true}]}}