{"id":68384,"date":"2013-05-13T12:25:16","date_gmt":"2013-05-13T17:25:16","guid":{"rendered":"http:\/\/www.bibula.com\/?p=68384"},"modified":"2013-05-13T12:25:16","modified_gmt":"2013-05-13T17:25:16","slug":"mozemy-stracic-miliard-euro","status":"publish","type":"post","link":"https:\/\/www.bibula.com\/?p=68384","title":{"rendered":"Mo\u017cemy straci\u0107 miliard euro"},"content":{"rendered":"<p><strong>W pierwszych dniach maja jak grom z jasnego nieba spad\u0142a na Polsk\u0119 wiadomo\u015b\u0107, \u017ce Bruksela ukara\u0142a nas kar\u0105 80 milion\u00f3w euro (ponad 330 milion\u00f3w z\u0142otych) za nieprawid\u0142owo\u015bci przy wyp\u0142acie pomocy dla ma\u0142ych gospodarstw niskotowarowych. To by\u0142 realizowany w minionych latach specjalny program wsparcia niewielkich gospodarstw rodzinnych dodatkowymi funduszami, z kt\u00f3rych skorzysta\u0142o ponad 150 tysi\u0119cy gospodarstw.<\/strong><\/p>\r\n<p>Okazuje si\u0119 jednak, \u017ce to nie by\u0142 grom z jasnego nieba. Ustali\u0142em w Brukseli, w Komisji Europejskiej, \u017ce polski rz\u0105d od czterech lat wiedzia\u0142 o tej gro\u017c\u0105cej Polsce karze za rzekome nieprawid\u0142owo\u015bci.<\/p>\r\n<p>Pisz\u0119 &#8211; rzekome nieprawid\u0142owo\u015bci &#8211; bo wed\u0142ug mnie, Komisja Europejska nie mia\u0142a podstaw do nak\u0142adania tej kary. Polscy rolnicy nikogo nie oszukali, nie sprzeniewierzyli \u017cadnych unijnych pieni\u0119dzy.<\/p>\r\n<p>Otrzymali pomoc, dzi\u0119ki kt\u00f3rej 150 tysi\u0119cy niewielkich gospodarstw rodzinnych mog\u0142o przetrwa\u0107 trudny czas po wej\u015bciu do Unii na nier\u00f3wnych warunkach i prawach. Tak\u017ce polska administracja tu akurat nie zawini\u0142a, gdy\u017c dzia\u0142a\u0142a zgodnie z ustalonymi przez Bruksel\u0119 regu\u0142ami gry i nie ma podstaw do a\u017c tak powa\u017cnych zarzut\u00f3w.<\/p>\r\n<p>Mimo to gro\u017aba utraty przez Polsk\u0119 80 milion\u00f3w euro jest realna. \u015aci\u015blej &#8211; utraty przez polskich rolnik\u00f3w, bo te 80 milion\u00f3w euro nie zostanie przelane na konto Brukseli z bud\u017cetu pa\u0144stwa, lecz Komisja potr\u0105ci je z przysz\u0142ych funduszy rolnych. Po prostu polscy rolnicy otrzymaj\u0105 o 80 milion\u00f3w euro mniej do podzia\u0142u.<\/p>\r\n<p>Sprawa nie jest zamkni\u0119ta, pozostaje jeszcze skarga do Trybuna\u0142u Sprawiedliwo\u015bci.\u00a0<\/p>\r\n<p><strong>Tusk traci argumenty<\/strong><\/p>\r\n<p>S\u0105 natomiast dwa negatywne sygna\u0142y w tej sprawie. Po pierwsze, rz\u0105d o gro\u017c\u0105cej karze wiedzia\u0142 od 2009 roku. Przez cztery lata ten trup by\u0142 ukrywany w szafie, a\u017c sam z niej wypad\u0142. I przez cztery lata rz\u0105d nie potrafi\u0142 odeprze\u0107 zarzut\u00f3w Komisji, nikogo przy tym nie prosz\u0105c, chocia\u017cby eurodeputowanych, o wsparcie w tej sprawie. To wielki b\u0142\u0105d rz\u0105du PO &#8211; PSL, kolejnych ministr\u00f3w rolnictwa i samego premiera. B\u0142\u0105d &#8211; nie wiem &#8211; czy wynikaj\u0105cy bardziej z arogancji, czy ze zwyk\u0142ego ba\u0142aganiarstwa i niekompetencji.<\/p>\r\n<p>I po drugie &#8211; gdy ten trup wypad\u0142 ju\u017c z szafy i okaza\u0142o si\u0119, \u017ce Komisja podj\u0119\u0142a ostatecznie decyzj\u0119, obcinaj\u0105c Polsce 80 milion\u00f3w euro, premier Tusk swoim starym zwyczajem zaatakowa\u0142 opozycj\u0119 i zwali\u0142 win\u0119 na poprzednik\u00f3w. W ten spos\u00f3b sam przyzna\u0142, \u017ce Polska jest winna, i powa\u017cnie zmniejszy\u0142, je\u015bli w og\u00f3le nie zniweczy\u0142, szanse na wygranie tej sprawy w Trybunale.<\/p>\r\n<p>Jak bowiem przekonywa\u0107 Trybuna\u0142, \u017ce Polska nic nie zawini\u0142a, skoro z ust polskiego premiera ca\u0142a Europa us\u0142ysza\u0142a, \u017ce zawini\u0142 poprzedni polski rz\u0105d. To drugi wielki b\u0142\u0105d samego premiera, \u015bwiadectwo jego niekompetencji i braku wyczucia w sprawach europejskich. B\u0142\u0105d, kt\u00f3ry mo\u017ce kosztowa\u0107 polsk\u0105 wie\u015b strat\u0119 ponad 330 milion\u00f3w z\u0142otych.<\/p>\r\n<p>Trzeba wspomnie\u0107, \u017ce to jednak nie najwi\u0119kszy i nie najbardziej kosztowny b\u0142\u0105d Donalda Tuska w sprawach wsi. Przed trzema miesi\u0105cami premier straci\u0142 prawie 8 miliard\u00f3w euro, czyli ponad 30 miliard\u00f3w z\u0142otych, przez to, \u017ce zgodzi\u0142 si\u0119 na okrojenie bud\u017cetu pomocy dla polskich rolnik\u00f3w w latach 2014-2020 do kwoty 28,6 miliard\u00f3w euro.<\/p>\r\n<p>W tym samym czasie Parlament Europejski, g\u0142\u00f3wnie dzi\u0119ki inicjatywom PiS, zaproponowa\u0142 dla polskich rolnik\u00f3w 36,3 miliarda euro. Ta prawie 8-miliardowa r\u00f3\u017cnica pokazuje pu\u0142ap niewykorzystanych mo\u017cliwo\u015bci, niewykorzystanych wskutek niekompetencji rz\u0105du PO &#8211; PSL i lekcewa\u017cenia spraw polskiej wsi.<\/p>\r\n<p>Mog\u0119 z pe\u0142n\u0105 odpowiedzialno\u015bci\u0105 zar\u0119czy\u0107 &#8211; gdyby\u015bmy dzi\u015b mieli rz\u0105d Prawa i Sprawiedliwo\u015bci, takich ust\u0119pstw by nie by\u0142o i pieni\u0105dze na rolnictwo by\u0142yby o kilka miliard\u00f3w euro wi\u0119ksze.<\/p>\r\n<p><strong>Naci\u0105gane zarzuty<\/strong><\/p>\r\n<p>To niestety nie koniec z\u0142ych wiadomo\u015bci. Minister rolnictwa Stanis\u0142aw Kalemba ujawni\u0142, \u017ce w Brukseli gro\u017c\u0105 nam kolejne kary na sum\u0119 do 1 miliarda euro.<\/p>\r\n<p>Na tak\u0105 kwot\u0119 opiewaj\u0105 post\u0119powania, kt\u00f3re Bruksela wytoczy\u0142a Polsce m.in. w sprawie \u015brodk\u00f3w wydanych na rolnictwo od 2004 roku.<\/p>\r\n<p>Dobrze, \u017ce o tym powiedzia\u0142, zanim zapadn\u0105 decyzje i kolejne trupy zn\u00f3w wypadn\u0105 z rz\u0105dowej szafy. Trzeba b\u0119dzie przyjrze\u0107 si\u0119 tym sprawom, bo mog\u0105 to by\u0107 kolejne naci\u0105gane zarzuty, przed kt\u00f3rymi trzeba si\u0119 skutecznie broni\u0107. B\u0119d\u0119 to wyja\u015bnia\u0142 w Brukseli.<\/p>\r\n<p>I kolejna z\u0142a wiadomo\u015b\u0107 &#8211; Unijny komisarz ds. bud\u017cetu Janusz Lewandowski oznajmi\u0142, \u017ce w Unii brakuje 11 miliard\u00f3w euro do spi\u0119cia bud\u017cetu na 2013 rok, w zwi\u0105zku z czym pa\u0144stwa musz\u0105 si\u0119 na ten brak zrzuci\u0107, a Polska ma odda\u0107 do unijnej kasy blisko 300 milion\u00f3w euro.<\/p>\r\n<p>I niestety szukaj\u0105ca oszcz\u0119dno\u015bci Bruksela chce tym razem ci\u0105\u0107 bud\u017cety rolne wszystkich pa\u0144stw na 2013 rok. Dop\u0142aty rolnicze maj\u0105 by\u0107 zmniejszone o 5 proc., z tym \u017ce tylko w odniesieniu do gospodarstw otrzymuj\u0105cych dop\u0142aty w wysoko\u015bci powy\u017cej 5 tysi\u0119cy euro.<\/p>\r\n<p>W przypadku Polski daje to w konsekwencji &#8211; bagatela &#8211; 42 miliony euro, czyli oko\u0142o 170 milion\u00f3w z\u0142otych. Kolejne stracone pieni\u0105dze polskich rolnik\u00f3w.<\/p>\r\n<p>Rz\u0105d PO &#8211; PSL na to ci\u0119cie zgodzi\u0142 si\u0119 skwapliwie, z w\u0142a\u015bciw\u0105 sobie nadgorliwo\u015bci\u0105. A przecie\u017c trzeba by\u0142o za\u017c\u0105da\u0107, \u017ce skoro ju\u017c konieczne s\u0105 oszcz\u0119dno\u015bci, to niech by je ponios\u0142y kraje, w kt\u00f3rych dop\u0142aty rolnicze znacznie przewy\u017cszaj\u0105 \u015bredni poziom.<\/p>\r\n<p>Grecy maj\u0105 na przyk\u0142ad ponad 500 euro na hektar, Holendrzy i Du\u0144czycy ponad 400, a Niemcy 350, tymczasem polscy rolnicy otrzymuj\u0105 na hektar niewiele ponad 200 euro. Sprawiedliwo\u015b\u0107 wymaga\u0142aby, aby ci\u0119ciami bud\u017cetowymi obj\u0105\u0107 kraje dotychczas uprzywilejowane, a nie kraje dyskryminowane, takie jak Polska.<\/p>\r\n<p>Parlament Europejski kontestuje te ci\u0119cia, a rz\u0105d PO &#8211; PSL nawet nie pr\u00f3bowa\u0142 si\u0119 im przeciwstawi\u0107. Po raz kolejny rz\u0105d Tuska wyst\u0119puje w roli adwokata unijnych, a nie polskich interes\u00f3w.<\/p>\r\n<p>Mo\u017cna powiedzie\u0107, \u017ce jest to nasz drogi rz\u0105d. Drogo Polak\u00f3w kosztuje.<\/p>\r\n<p id=\"article-author\"><strong><em>Janusz Wojciechowski<\/em><\/strong><\/p>","protected":false},"excerpt":{"rendered":"W pierwszych dniach maja jak grom z jasnego nieba spad\u0142a na Polsk\u0119 wiadomo\u015b\u0107, \u017ce Bruksela ukara\u0142a nas kar\u0105 80 milion\u00f3w euro (ponad 330 milion\u00f3w z\u0142otych) za nieprawid\u0142owo\u015bci przy wyp\u0142acie pomocy dla ma\u0142ych gospodarstw niskotowarowych. To by\u0142 realizowany w minionych latach specjalny program wsparcia niewielkich gospodarstw rodzinnych dodatkowymi funduszami, z kt\u00f3rych skorzysta\u0142o ponad 150 tysi\u0119cy gospodarstw. [&hellip;]","protected":false},"author":1,"featured_media":0,"comment_status":"closed","ping_status":"closed","sticky":false,"template":"","format":"standard","meta":{"_acf_changed":false,"_monsterinsights_skip_tracking":false,"_monsterinsights_sitenote_active":false,"_monsterinsights_sitenote_note":"","_monsterinsights_sitenote_category":0,"ngg_post_thumbnail":0,"footnotes":"","_wp_rev_ctl_limit":""},"categories":[8],"tags":[23,176,92],"acf":[],"_links":{"self":[{"href":"https:\/\/www.bibula.com\/index.php?rest_route=\/wp\/v2\/posts\/68384"}],"collection":[{"href":"https:\/\/www.bibula.com\/index.php?rest_route=\/wp\/v2\/posts"}],"about":[{"href":"https:\/\/www.bibula.com\/index.php?rest_route=\/wp\/v2\/types\/post"}],"author":[{"embeddable":true,"href":"https:\/\/www.bibula.com\/index.php?rest_route=\/wp\/v2\/users\/1"}],"replies":[{"embeddable":true,"href":"https:\/\/www.bibula.com\/index.php?rest_route=%2Fwp%2Fv2%2Fcomments&post=68384"}],"version-history":[{"count":0,"href":"https:\/\/www.bibula.com\/index.php?rest_route=\/wp\/v2\/posts\/68384\/revisions"}],"wp:attachment":[{"href":"https:\/\/www.bibula.com\/index.php?rest_route=%2Fwp%2Fv2%2Fmedia&parent=68384"}],"wp:term":[{"taxonomy":"category","embeddable":true,"href":"https:\/\/www.bibula.com\/index.php?rest_route=%2Fwp%2Fv2%2Fcategories&post=68384"},{"taxonomy":"post_tag","embeddable":true,"href":"https:\/\/www.bibula.com\/index.php?rest_route=%2Fwp%2Fv2%2Ftags&post=68384"}],"curies":[{"name":"wp","href":"https:\/\/api.w.org\/{rel}","templated":true}]}}