{"id":68377,"date":"2013-05-13T11:00:49","date_gmt":"2013-05-13T16:00:49","guid":{"rendered":"http:\/\/www.bibula.com\/?p=68377"},"modified":"2013-05-13T11:00:49","modified_gmt":"2013-05-13T16:00:49","slug":"kolejny-kosciol-popada-w-ruine","status":"publish","type":"post","link":"https:\/\/www.bibula.com\/?p=68377","title":{"rendered":"Kolejny ko\u015bci\u00f3\u0142 popada w ruin\u0119"},"content":{"rendered":"<p><strong>We wsi Knia\u017cyce, w obwodzie mohylewskim, na oczach jej bezradnych mieszka\u0144c\u00f3w popada w ruin\u0119 ko\u015bci\u00f3\u0142 katolicki pw. \u015bw. Miko\u0142aja. Stare freski praktycznie ju\u017c nie istniej\u0105, \u015bciany p\u0119kaj\u0105, a o dawnej \u015bwietno\u015bci tego miejsca nic ju\u017c nie \u015bwiadczy.<\/strong><\/p>\r\n<p>Barokowy, podominika\u0144ski ko\u015bci\u00f3\u0142, ufundowany zosta\u0142 przez Konstantego W\u0142adys\u0142awa Paca, zbudowany w 1681 roku. W 1872 zamieniony na cerkiew prawos\u0142awn\u0105, od lat jest opuszczony i zdewastowany, pomimo tego i\u017c \u015bwi\u0105tynia znajduje si\u0119 na li\u015bcie dziedzictwa historycznego i kulturowego Bia\u0142orusi. Unikalne freski w tej XVII wiecznej \u015bwi\u0105tyni pokry\u0142a ple\u015b\u0144 i mech, a mieszka\u0144cy wioski ze \u0142zami w oczach obserwuj\u0105, jak z roku na rok podada w ruin\u0119.<\/p>\r\n<p>&#8211; W tej \u015bwi\u0105tyni moi rodzice brali \u015blub, my wszyscy tu chrzczeni byli\u015bmy. Bardzo smutno \u017ce on teraz ginie &#8211; m\u00f3wi mieszkanka wsi Knia\u017cyce.<\/p>\r\n<p>Niestety, ten obraz nie jest niczym niezwyk\u0142ym dla regionu Mohylewa. W podobnej sytuacji znajduje si\u0119 co najmniej 6 obiekt\u00f3w, a wszystkie teoretycznie znajduj\u0105 si\u0119 pod ochron\u0105 pa\u0144stwa, jako zabytki architektury.<\/p>\r\n<p>Jeszcze w 2006 miejscowe w\u0142adze planowa\u0142y tam remont. Postawiono nawet rusztowania, ale te znikn\u0119\u0142y po kilku tygodniach, i od tego czasu nikt nie interesuje si\u0119 losem ko\u015bcio\u0142a.<\/p>\r\n<p>&#8211; Knia\u017cyce s\u0105 interesuj\u0105ce, poniewa\u017c znajduje si\u0119 tam obiekt barokowy &#8211; m\u00f3wi kana\u0142owi CTW Aleksander Agajew &#8211; docent katedry archeologii Uniwersytetu Pa\u0144stwowego im. Kuleszowa w Mohylewie. &#8211; Stoi wzd\u0142u\u017c trasy do Mi\u0144ska, wi\u0119c przewodnicy zawsze o nim m\u00f3wi\u0105. Je\u015bli chcemy, \u017ceby tury\u015bci do nas przyje\u017cd\u017cali, by\u015bmy mogli odczuwa\u0107 dum\u0119 z naszych miast i wsi, to trzeba chroni\u0107 to co jeszcze pozosta\u0142o &#8211; konstatuje Agajew.<\/p>\r\n<p><a title=\"fasada-glowna\" href=\"http:\/\/kresy24.pl\/wp-content\/uploads\/2013\/05\/fasada-glowna.jpg\" rel=\"lightbox[36243]\"><img fetchpriority=\"high\" decoding=\"async\" src=\"http:\/\/kresy24.pl\/wp-content\/uploads\/2013\/05\/fasada-glowna-480x360.jpg\" alt=\"fasada-glowna\" width=\"480\" height=\"360\" data-lazy-type=\"image\" data-lazy-src=\"http:\/\/kresy24.pl\/wp-content\/uploads\/2013\/05\/fasada-glowna-480x360.jpg\" \/><\/a><\/p>\r\n<div id=\"attachment_36260\"><a title=\"Widok z 2006 roku, gdy ustawiono rusztowania\" href=\"http:\/\/kresy24.pl\/wp-content\/uploads\/2013\/05\/kosciol-widok-zboku.jpg\" rel=\"lightbox[36243]\"><img decoding=\"async\" src=\"http:\/\/kresy24.pl\/wp-content\/uploads\/2013\/05\/kosciol-widok-zboku-480x319.jpg\" alt=\"Widok z 2006 roku, gdy ustawiono rusztowania\" width=\"480\" height=\"319\" data-lazy-type=\"image\" data-lazy-src=\"http:\/\/kresy24.pl\/wp-content\/uploads\/2013\/05\/kosciol-widok-zboku-480x319.jpg\" \/><\/a>\r\n<p>Widok z 2006 roku, gdy ustawiono rusztowania<\/p>\r\n<\/div>\r\n<div id=\"attachment_36254\"><a title=\"p\u0142yta nagrobna\" href=\"http:\/\/kresy24.pl\/wp-content\/uploads\/2013\/05\/plyta-nagrobna.jpg\" rel=\"lightbox[36243]\"><img decoding=\"async\" src=\"http:\/\/kresy24.pl\/wp-content\/uploads\/2013\/05\/plyta-nagrobna-480x360.jpg\" alt=\"p\u0142yta nagrobna\" width=\"480\" height=\"360\" data-lazy-type=\"image\" data-lazy-src=\"http:\/\/kresy24.pl\/wp-content\/uploads\/2013\/05\/plyta-nagrobna-480x360.jpg\" \/><\/a>\r\n<p>p\u0142yta nagrobna<\/p>\r\n<\/div>\r\n<div id=\"attachment_36253\"><a title=\"ch\u00f3r\" href=\"http:\/\/kresy24.pl\/wp-content\/uploads\/2013\/05\/chor.jpg\" rel=\"lightbox[36243]\"><img loading=\"lazy\" decoding=\"async\" src=\"http:\/\/kresy24.pl\/wp-content\/uploads\/2013\/05\/chor-480x319.jpg\" alt=\"ch\u00f3r\" width=\"480\" height=\"319\" data-lazy-type=\"image\" data-lazy-src=\"http:\/\/kresy24.pl\/wp-content\/uploads\/2013\/05\/chor-480x319.jpg\" \/><\/a>\r\n<p>ch\u00f3r<\/p>\r\n<\/div>\r\n<p><a title=\"nawa g\u0142\u00f3wna\" href=\"http:\/\/kresy24.pl\/wp-content\/uploads\/2013\/05\/kniazyce2.jpg\" rel=\"lightbox[36243]\"><img loading=\"lazy\" decoding=\"async\" src=\"http:\/\/kresy24.pl\/wp-content\/uploads\/2013\/05\/kniazyce2.jpg\" alt=\"nawa g\u0142\u00f3wna\" width=\"480\" height=\"320\" data-lazy-type=\"image\" data-lazy-src=\"http:\/\/kresy24.pl\/wp-content\/uploads\/2013\/05\/kniazyce2.jpg\" \/><\/a><\/p>\r\n<dl id=\"attachment_36252\"><dd>nawa g\u0142\u00f3wna<\/dd><\/dl>\r\n<div id=\"attachment_36255\"><a title=\"krypta\" href=\"http:\/\/kresy24.pl\/wp-content\/uploads\/2013\/05\/krypta.jpg\" rel=\"lightbox[36243]\"><img loading=\"lazy\" decoding=\"async\" src=\"http:\/\/kresy24.pl\/wp-content\/uploads\/2013\/05\/krypta-480x360.jpg\" alt=\"krypta\" width=\"480\" height=\"360\" data-lazy-type=\"image\" data-lazy-src=\"http:\/\/kresy24.pl\/wp-content\/uploads\/2013\/05\/krypta-480x360.jpg\" \/><\/a>\r\n<p>krypta<\/p>\r\n<\/div>\r\n<p>Kresy24.pl\/ctv.by\/foto: radzima.org<\/p>","protected":false},"excerpt":{"rendered":"We wsi Knia\u017cyce, w obwodzie mohylewskim, na oczach jej bezradnych mieszka\u0144c\u00f3w popada w ruin\u0119 ko\u015bci\u00f3\u0142 katolicki pw. \u015bw. Miko\u0142aja. Stare freski praktycznie ju\u017c nie istniej\u0105, \u015bciany p\u0119kaj\u0105, a o dawnej \u015bwietno\u015bci tego miejsca nic ju\u017c nie \u015bwiadczy. Barokowy, podominika\u0144ski ko\u015bci\u00f3\u0142, ufundowany zosta\u0142 przez Konstantego W\u0142adys\u0142awa Paca, zbudowany w 1681 roku. W 1872 zamieniony na cerkiew [&hellip;]","protected":false},"author":1,"featured_media":0,"comment_status":"closed","ping_status":"closed","sticky":false,"template":"","format":"standard","meta":{"_acf_changed":false,"_monsterinsights_skip_tracking":false,"_monsterinsights_sitenote_active":false,"_monsterinsights_sitenote_note":"","_monsterinsights_sitenote_category":0,"ngg_post_thumbnail":0,"footnotes":"","_wp_rev_ctl_limit":""},"categories":[215],"tags":[132,168,92,188],"acf":[],"_links":{"self":[{"href":"https:\/\/www.bibula.com\/index.php?rest_route=\/wp\/v2\/posts\/68377"}],"collection":[{"href":"https:\/\/www.bibula.com\/index.php?rest_route=\/wp\/v2\/posts"}],"about":[{"href":"https:\/\/www.bibula.com\/index.php?rest_route=\/wp\/v2\/types\/post"}],"author":[{"embeddable":true,"href":"https:\/\/www.bibula.com\/index.php?rest_route=\/wp\/v2\/users\/1"}],"replies":[{"embeddable":true,"href":"https:\/\/www.bibula.com\/index.php?rest_route=%2Fwp%2Fv2%2Fcomments&post=68377"}],"version-history":[{"count":0,"href":"https:\/\/www.bibula.com\/index.php?rest_route=\/wp\/v2\/posts\/68377\/revisions"}],"wp:attachment":[{"href":"https:\/\/www.bibula.com\/index.php?rest_route=%2Fwp%2Fv2%2Fmedia&parent=68377"}],"wp:term":[{"taxonomy":"category","embeddable":true,"href":"https:\/\/www.bibula.com\/index.php?rest_route=%2Fwp%2Fv2%2Fcategories&post=68377"},{"taxonomy":"post_tag","embeddable":true,"href":"https:\/\/www.bibula.com\/index.php?rest_route=%2Fwp%2Fv2%2Ftags&post=68377"}],"curies":[{"name":"wp","href":"https:\/\/api.w.org\/{rel}","templated":true}]}}