{"id":6824,"date":"2009-02-19T13:49:44","date_gmt":"2009-02-19T18:49:44","guid":{"rendered":"http:\/\/www.bibula.com\/?p=6824"},"modified":"2009-02-19T13:49:44","modified_gmt":"2009-02-19T18:49:44","slug":"","status":"publish","type":"post","link":"https:\/\/www.bibula.com\/?p=6824","title":{"rendered":"W\u0142adze Lwowa: rzezi na Kresach winni s\u0105 &#8222;nieznani sprawcy&#8221;"},"content":{"rendered":"<p>Zbli\u017caj\u0105 si\u0119 obchody 65 rocznicy wymordowania Polak\u00f3w w Hucie Pieniackiej. Lw\u00f3w negocjuje z Polskim prezydentem: nie wspominajmy o morderstwach UPA&#8230;<\/p>\r\n\r\n<p>Samorz\u0105d Lwowa: To nie UPA zamordowa\u0142a Polak\u00f3w, to by\u0142y ofiary &#8222;konflikt\u00f3w lokalnych&#8221;.<\/p>\r\n\r\n<p>Wszystko zdarzy\u0142o si\u0119 28 lutego 1944 roku, kiedy to odzia\u0142y UPA i SS Galizien wkroczy\u0142y do Huty Pieniackiej i zabi\u0142y oko\u0142o tysi\u0105ca polskich mieszka\u0144c\u00f3w. Teraz w\u0142adze Lwowa prosz\u0105, aby w oficjalnych wyst\u0105pieniach nie nazywa\u0107 tego zab\u00f3jstwem Polskiej ludno\u015bci dokonanym przez UPA, ale \u201elokalnym konfliktem\u201d.<\/p>\r\n\r\n<p>Takie stanowisko samorz\u0105du Lwowa ostro krytykuj\u0105 Polacy mieszkaj\u0105cy na Ukrainie. &#8211; Je\u015bli strona polska ulegnie, to zn\u00f3w zamiast obchod\u00f3w b\u0119dzie szopka &#8211; m\u00f3wi jedna z mieszkanek Lwowa.<\/p>\r\n\r\n<p>Przeciw temu ostro zaprotestowa\u0142 r\u00f3wnie\u017c prezydent Lech Kaczy\u0144ski, kt\u00f3ry zapowiedzia\u0142 sw\u00f3j udzia\u0142 w obchodach rocznicowych. Nieoficjalnie m\u00f3wi si\u0119, \u017ce przedstawiciel prezydenta w\u0142\u0105czy\u0142 si\u0119 w negocjacje w sprawie obchod\u00f3w rzezi Polak\u00f3w. &#8211; Ust\u0119pstwa w polityce historycznej mog\u0105 za kilka lat doprowadzi\u0107 do takich problem\u00f3w jak w stosunkach z Niemcami &#8211; m\u00f3wi prosz\u0105cy o anonimowo\u015b\u0107 negocjator.<\/p>\r\n\r\n<p>Swoje poparcie wyrazili tak\u017ce polscy parlamentarzy\u015bci. &#8211; Jeste\u015bmy im to winni &#8211; m\u00f3wi pose\u0142 Pawe\u0142 Kowal. Proponuje on przyj\u0119cie uchwa\u0142y, kt\u00f3ra mia\u0142a by uczci\u0107 Polak\u00f3w wymordowanych na Kresach. &#8211; Budowa dobrych stosunk\u00f3w polsko-ukrai\u0144skich nie mo\u017ce oznacza\u0107 przyzwolenia na fa\u0142szowanie naszej historii &#8211; podkre\u015bla S\u0142awomir Zawi\u015blak.<\/p>\r\n\r\n<p>&#8211; Nale\u017cy uczci\u0107 naszych rodak\u00f3w zamordowanych przez UPA. Ale powinni\u015bmy nazwa\u0107 te zbrodnie zgodnie z prawd\u0105: ludob\u00f3jstwem. Inaczej nie ma sensu &#8211; t\u0142umaczy ks. Tadeusz Isakowicz-Zaleski.<\/p>\r\n\r\n<p>Miejmy nadziej\u0119, \u017ce tym razem zbrodnia b\u0119dzie nazwana zbrodni\u0105.<\/p>\r\n\r\n<p>BM\/Rz<\/p>\r\n\r\n<p>Za: Fronda.pl<\/p>","protected":false},"excerpt":{"rendered":"Zbli\u017caj\u0105 si\u0119 obchody 65 rocznicy wymordowania Polak\u00f3w w Hucie Pieniackiej. Lw\u00f3w negocjuje z Polskim prezydentem: nie wspominajmy o morderstwach UPA&#8230; Samorz\u0105d Lwowa: To nie UPA zamordowa\u0142a Polak\u00f3w, to by\u0142y ofiary &#8222;konflikt\u00f3w lokalnych&#8221;. Wszystko zdarzy\u0142o si\u0119 28 lutego 1944 roku, kiedy to odzia\u0142y UPA i SS Galizien wkroczy\u0142y do Huty Pieniackiej i zabi\u0142y oko\u0142o tysi\u0105ca polskich [&hellip;]","protected":false},"author":1,"featured_media":0,"comment_status":"closed","ping_status":"closed","sticky":false,"template":"","format":"standard","meta":{"_acf_changed":false,"_monsterinsights_skip_tracking":false,"ngg_post_thumbnail":0,"footnotes":"","_wp_rev_ctl_limit":""},"categories":[6],"tags":[17],"acf":[],"_links":{"self":[{"href":"https:\/\/www.bibula.com\/index.php?rest_route=\/wp\/v2\/posts\/6824"}],"collection":[{"href":"https:\/\/www.bibula.com\/index.php?rest_route=\/wp\/v2\/posts"}],"about":[{"href":"https:\/\/www.bibula.com\/index.php?rest_route=\/wp\/v2\/types\/post"}],"author":[{"embeddable":true,"href":"https:\/\/www.bibula.com\/index.php?rest_route=\/wp\/v2\/users\/1"}],"replies":[{"embeddable":true,"href":"https:\/\/www.bibula.com\/index.php?rest_route=%2Fwp%2Fv2%2Fcomments&post=6824"}],"version-history":[{"count":0,"href":"https:\/\/www.bibula.com\/index.php?rest_route=\/wp\/v2\/posts\/6824\/revisions"}],"wp:attachment":[{"href":"https:\/\/www.bibula.com\/index.php?rest_route=%2Fwp%2Fv2%2Fmedia&parent=6824"}],"wp:term":[{"taxonomy":"category","embeddable":true,"href":"https:\/\/www.bibula.com\/index.php?rest_route=%2Fwp%2Fv2%2Fcategories&post=6824"},{"taxonomy":"post_tag","embeddable":true,"href":"https:\/\/www.bibula.com\/index.php?rest_route=%2Fwp%2Fv2%2Ftags&post=6824"}],"curies":[{"name":"wp","href":"https:\/\/api.w.org\/{rel}","templated":true}]}}