{"id":68029,"date":"2013-04-15T10:54:33","date_gmt":"2013-04-15T15:54:33","guid":{"rendered":"http:\/\/www.bibula.com\/?p=68029"},"modified":"2013-04-15T10:54:33","modified_gmt":"2013-04-15T15:54:33","slug":"medal-honoru-dla-ks-kapauna","status":"publish","type":"post","link":"https:\/\/www.bibula.com\/?p=68029","title":{"rendered":"Medal Honoru dla ks. Kapauna"},"content":{"rendered":"<p>Przed czterema laty pisa\u0142em w tym blogu o pos\u0142uguj\u0105cym w Iraku kapelanie ameryka\u0144skiej armii ks. Paulu Halladayu i opublikowa\u0142em kilka fotografii z jego Mszy w Ar Ramadi (<a href=\"http:\/\/jacquesblutoir.blogspot.com\/2009\/07\/father-halladay-czyli-ornat-khaki.html\" target=\"_blank\">Father Halladay czyli ornat w kolorze pustyni<\/a>). Przy tej okazji wspomnia\u0142em tak\u017ce o innym kapelanie, ks. Emilu Kapaunie, kt\u00f3ry zgin\u0105\u0142 w Korei, \u017ce przed trybuna\u0142ami ko\u015bcielnymi toczy si\u0119 jego proces beatyfikacyjny &#8211; obecnie badane s\u0105 cuda przypisywane wstawiennictwu tego S\u0142ugi Bo\u017cego.<\/p>\r\n<p><img decoding=\"async\" class=\"alignleft\" style=\"margin: 10px;\" src=\"http:\/\/2.bp.blogspot.com\/-q_A8N73gRjE\/UWv3eRuX5dI\/AAAAAAAACmk\/6yTS3PpKzeU\/s200\/size0.jpg\" alt=\"\" width=\"148\" height=\"200\" align=\"left\" \/>Ks. Kapaun nie doczeka\u0142 si\u0119 jeszcze wyniesienia na o\u0142tarze, ale przed kilkoma dniami w Waszyngtonie dokona\u0142a jego \u201e\u015bwiecka kanonizacja\u201d. Prezydent Barak Obama odznaczy\u0142 go po\u015bmiertnie Medalem Honoru &#8211; najwy\u017cszym odznaczeniem wojskowym w Stanach Zjednoczonych, nadawanym za wyj\u0105tkowe akty odwagi na polu bitwy. Ks. Kapaun zas\u0142u\u017cy\u0142 na ten zaszczyt towarzysz\u0105c \u017co\u0142nierzom walcz\u0105cym podczas II wojny \u015bwiatowej w Birmie i p\u00f3\u017aniej, podczas wojny korea\u0144skiej. W Korei dosta\u0142 si\u0119 do niewoli i wykaza\u0142 si\u0119 prawdziwym heroizmem nios\u0105c pociech\u0119 duchow\u0105 wsp\u00f3\u0142wi\u0119\u017aniom, s\u0142u\u017c\u0105c im jako sanitariusz i niejednokrotnie, nara\u017caj\u0105c w\u0142asne \u017cycie, \u00a0ratowa\u0142 od \u015bmierci z r\u0105k stra\u017cnik\u00f3w. Zmar\u0142 z wycie\u0144czenia 23 maja 1951 r. (w polskiej Wikipedii o ks. Kapaunie napisano <span style=\"text-decoration: underline;\"><a href=\"http:\/\/pl.wikipedia.org\/wiki\/Emil_Kapaun\" target=\"_blank\">zaledwie kilka s\u0142\u00f3w<\/a><\/span>, ale <a href=\"http:\/\/en.wikipedia.org\/wiki\/Emil_Kapaun\" target=\"_blank\">wi\u0119cej mo\u017cna przeczyta\u0107<\/a> w wersji angielskiej, r\u00f3wnie\u017c korzystaj\u0105c z <a href=\"http:\/\/translate.google.pl\/translate?hl=pl&amp;sl=en&amp;u=http:\/\/en.wikipedia.org\/wiki\/Emil_Kapaun&amp;prev=\/search%3Fq%3Demil%2Bkapaun%26hl%3Dpl%26client%3Dfirefox-a%26hs%3DQMk%26rls%3Dorg.mozilla:pl:official&amp;sa=X&amp;ei=pvhrUc7vGtOV7Abs74DQBg&amp;ved=0CDwQ7gEwAQ\" target=\"_blank\"><span style=\"text-decoration: underline;\">automatycznego t\u0142umaczenia<\/span><\/a>).<\/p>\r\n<p>Prezydent USA i jego administracja staraj\u0105 si\u0119 utrudni\u0107 \u017cycie katolickich duchownych s\u0142u\u017c\u0105cych w szeregach ameryka\u0144skiej armii, o czym \u015bwiadcz\u0105 cho\u0107by doniesienia o szykanowaniu \u201enietolerancyjnych kapelan\u00f3w\u201d deklaruj\u0105cych, \u017ce nie zgodz\u0105 si\u0119, by w ich kaplicach b\u0142ogos\u0142awiono \u201ezwi\u0105zki jednop\u0142ciowe\u201d i informacje, \u017ce dow\u00f3dztwo wci\u0105gn\u0119\u0142o katolicyzm na list\u0119 ekstremizm\u00f3w religijnych (katolicyzm figuruje tam jako ekstremizm chrze\u015bcija\u0144ski, a Al-Kaida jako ekstremizm muzu\u0142ma\u0144ski!). Dlatego w\u0142a\u015bnie nie nale\u017cy podejrzewa\u0107, \u017ce Barak Obama z w\u0142asnej inicjatywy uhonorowa\u0142 katolickiego kapelana. Medal Honoru, kt\u00f3rym zosta\u0142 odznaczony ks. Kapaun, cz\u0119sto jest nazywany Kongresowym Medalem Honoru, bo przyznaje go Departament Obrony w imieniu Kongresu Stan\u00f3w Zjednoczonych. Oznacza to, \u017ce uroczysto\u015b\u0107 w Bia\u0142ym Domu by\u0142a zwie\u0144czeniem stara\u0144 kilkorga katolickich senator\u00f3w i kongresmen\u00f3w, a nie dowodem szczeg\u00f3lnego uznania prezydenta Obamy &#8211; czegokolwiek by nie deklarowa\u0142 w swej laudacji o bohaterze.<\/p>\r\n<p><strong><em>Jacques Blutoir<\/em><\/strong><\/p>\r\n<p>&#8212;&#8212;&#8212;&#8212;&#8212;&#8212;&#8212;&#8212;&#8212;&#8212;&#8212;&#8212;<\/p>\r\n<p>Na fotografii: Korea, r. 1950, ks. kpt. E. Kapaun odprawia polow\u0105 Msz\u0119 \u015bw. na masce swego willysa.<\/p>","protected":false},"excerpt":{"rendered":"Przed czterema laty pisa\u0142em w tym blogu o pos\u0142uguj\u0105cym w Iraku kapelanie ameryka\u0144skiej armii ks. Paulu Halladayu i opublikowa\u0142em kilka fotografii z jego Mszy w Ar Ramadi (Father Halladay czyli ornat w kolorze pustyni). Przy tej okazji wspomnia\u0142em tak\u017ce o innym kapelanie, ks. Emilu Kapaunie, kt\u00f3ry zgin\u0105\u0142 w Korei, \u017ce przed trybuna\u0142ami ko\u015bcielnymi toczy si\u0119 [&hellip;]","protected":false},"author":1,"featured_media":0,"comment_status":"closed","ping_status":"closed","sticky":false,"template":"","format":"standard","meta":{"_acf_changed":false,"_monsterinsights_skip_tracking":false,"_monsterinsights_sitenote_active":false,"_monsterinsights_sitenote_note":"","_monsterinsights_sitenote_category":0,"ngg_post_thumbnail":0,"footnotes":"","_wp_rev_ctl_limit":""},"categories":[7],"tags":[21],"acf":[],"_links":{"self":[{"href":"https:\/\/www.bibula.com\/index.php?rest_route=\/wp\/v2\/posts\/68029"}],"collection":[{"href":"https:\/\/www.bibula.com\/index.php?rest_route=\/wp\/v2\/posts"}],"about":[{"href":"https:\/\/www.bibula.com\/index.php?rest_route=\/wp\/v2\/types\/post"}],"author":[{"embeddable":true,"href":"https:\/\/www.bibula.com\/index.php?rest_route=\/wp\/v2\/users\/1"}],"replies":[{"embeddable":true,"href":"https:\/\/www.bibula.com\/index.php?rest_route=%2Fwp%2Fv2%2Fcomments&post=68029"}],"version-history":[{"count":0,"href":"https:\/\/www.bibula.com\/index.php?rest_route=\/wp\/v2\/posts\/68029\/revisions"}],"wp:attachment":[{"href":"https:\/\/www.bibula.com\/index.php?rest_route=%2Fwp%2Fv2%2Fmedia&parent=68029"}],"wp:term":[{"taxonomy":"category","embeddable":true,"href":"https:\/\/www.bibula.com\/index.php?rest_route=%2Fwp%2Fv2%2Fcategories&post=68029"},{"taxonomy":"post_tag","embeddable":true,"href":"https:\/\/www.bibula.com\/index.php?rest_route=%2Fwp%2Fv2%2Ftags&post=68029"}],"curies":[{"name":"wp","href":"https:\/\/api.w.org\/{rel}","templated":true}]}}