{"id":67923,"date":"2013-04-08T10:32:54","date_gmt":"2013-04-08T15:32:54","guid":{"rendered":"http:\/\/www.bibula.com\/?p=67923"},"modified":"2013-04-08T10:32:54","modified_gmt":"2013-04-08T15:32:54","slug":"trwa-depolonizacja-naszej-diaspory","status":"publish","type":"post","link":"https:\/\/www.bibula.com\/?p=67923","title":{"rendered":"Trwa depolonizacja naszej diaspory"},"content":{"rendered":"<p>W ubieg\u0142ym roku koalicja PO-PSL przeprowadzi\u0142a ustaw\u0119 znosz\u0105c\u0105 rozdzielanie przez Senat pieni\u0119dzy na organizacje Polak\u00f3w mieszkaj\u0105cych poza krajem. Teraz tymi \u015brodkami dysponuje MSZ i organizacje wybrane przez ministerstwo w konkursie. Rych\u0142o okaza\u0142o si\u0119, \u017ce w tej czy innej fundacji wybranej przez MSZ znajduj\u0105 si\u0119 znajomi i krewni urz\u0119dnik\u00f3w. O tej sprawie z Janem Dziedziczakiem, pos\u0142em PiS, cz\u0142onkiem Komisji \u0141\u0105czno\u015bci z Polakami za Granic\u0105 rozmawia\u0142 portal Stefczyk.info<\/p>\r\n<p><strong>Czy w prowadzeniu nowego, ma\u0142o czytelnego sposobu finansowania organizacji polonijnych chodzi o to, aby jacy\u015b znajomi urz\u0119dnik\u00f3w MSZ mogli \u0142atwiej przetrwa\u0107 kryzys?<\/strong><\/p>\r\n<p><strong>Jan\u00a0Dziedziczak:\u00a0<\/strong>W mojej opinii s\u0105 tu realizowane dwie rzecz. Po pierwsze depolonizacja naszej diaspory za granic\u0105 poprzez zmniejszanie dla niej \u015brodk\u00f3w pomocowych, poprzez ich marnowanie.<\/p>\r\n<p><strong>To brzmi strasznie! Przecie\u017c diaspory s\u0105 niezmiernie wa\u017cne dla ka\u017cdego kraju, kt\u00f3ry je posiada za granicami.<\/strong><\/p>\r\n<p>Oczywi\u015bcie, \u017ce tak. Wszystkie kraje europejskie wydaj\u0105 ogromne \u015brodki na wsp\u00f3\u0142prac\u0119 ze swoimi rodakami za granic\u0105. Uwa\u017caj\u0105 to nie tylko za moralny obowi\u0105zek, ale tak\u017ce inwestycj\u0119 w narz\u0119dzie do realizowania w\u0142asnych interes\u00f3w. My te\u017c, z racji solidaryzmu narodowego powinni\u015bmy dba\u0107 o Polak\u00f3w, np. tych, kt\u00f3rzy pozostali poza naszymi wschodnimi granicami, albo tych, kt\u00f3rzy &#8211; za kar\u0119, \u017ce s\u0105 Polakami &#8211; zostali wywiezieni do Kazachstanu. Ale z drugiej strony powinni\u015bmy te\u017c pami\u0119ta\u0107, \u017ce te miliony naszych rodak\u00f3w za granic\u0105 &#8211; wed\u0142ug r\u00f3\u017cnych szacunk\u00f3w &#8211; oko\u0142o 10 milion\u00f3w, mo\u017cna wykorzysta\u0107 cho\u0107by do promowania polskich interes\u00f3w za granic\u0105, do budowy wizerunku Polski na ca\u0142ym \u015bwiecie &#8211;\u00a0 tam gdzie jest nasza diaspora.<\/p>\r\n<p><strong>Na przyk\u0142ad bardzo przyda\u0142aby si\u0119 Polsce mocna, maj\u0105ca mo\u017cliwo\u015bci polityczne, Polonia w Niemczech. To pewnie dlatego Niemcy nie chc\u0105 da\u0107 Polakom tych praw, jakich \u017c\u0105daj\u0105 dla swoich rodak\u00f3w w Polsce. Boj\u0105 si\u0119 polskiego\u00a0lobby.<\/strong><\/p>\r\n<p>Oczywi\u015bcie, \u017ce tak! Strona niemiecka blokuje powstanie analogicznych status\u00f3w mniejszo\u015bci &#8211; Polak\u00f3w w Niemczech i Niemc\u00f3w w Polsce, co jest mo\u017cliwe m.in. dzi\u0119ki ma\u0142o energicznej pracy obecnego rz\u0105du.<\/p>\r\n<p><strong>A ten drugi pow\u00f3d braku czytelnego finansowania organizacji polonijnych jaki jest?<\/strong><\/p>\r\n<p>Ten drugi aspekt jest tego rodzaju, \u017ce sko\u0144czy\u0142 si\u0119 naszym doniesieniem do prokuratury. Rozdzielono pieni\u0105dze na Polak\u00f3w za granic\u0105 pomi\u0119dzy zupe\u0142nie nowe podmioty. W tym roku bez por\u00f3wnania dosta\u0142y mniej pieni\u0119dzy znane i sprawdzone organizacje. W konkursie dotacji nie otrzyma\u0142y podmioty, kt\u00f3re od lat wspieraj\u0105 Polak\u00f3w na Wschodzie &#8211; np. Fundacja na rzecz Pomocy Dzieciom z Grodzie\u0144szczyzny (co roku ponad 2 tys. paczek dla polskich dzieci na Bia\u0142orusi), Stowarzyszenie Odra &#8211; Niemen &#8211; wspieraj\u0105ce polskich kombatant\u00f3w z Kres\u00f3w. Ponadto np. rz\u0105dowa Fundacja Pomoc Polakom na Wschodzie nie otrzyma\u0142a \u017cadnej dotacji dla 120 sobotnich szk\u00f3\u0142 j\u0119zyka polskiego na Ukrainie. Poszkodowana zosta\u0142a Wsp\u00f3lnota Polska. Te cia\u0142a dostawa\u0142y pieni\u0105dze na dzia\u0142alno\u015b\u0107 od Senatu, przy otwartej kurtynie, gdy jeszcze zajmowa\u0142 si\u0119 on Poloni\u0105 i Polakami na Wchodzie, co by\u0142o jeszcze tradycj\u0105 II\u00a0RP. Aktualna koalicja przeg\u0142osowa\u0142a ustaw\u0119 umo\u017cliwiaj\u0105c\u0105 przekazywanie funduszy przez MSZ.<\/p>\r\n<p>No i si\u0119 zacz\u0119\u0142o. Pieni\u0105dze, kt\u00f3re przez lata trafia\u0142y do sprawdzonych organizacji, m.in. wy\u017cej wymienionych, trafi\u0142y do takich fundacji jak: Fundacja Rozwoju My\u015bli Obywatelskiej, kt\u00f3ra zosta\u0142a za\u0142o\u017cona p\u00f3\u0142tora miesi\u0105ca przed og\u0142oszeniem konkursu na organizacje maj\u0105ce przekazywa\u0107 pomoc dla Polak\u00f3w za granica. Dosta\u0142a ona 1,4 miliona z\u0142otych! Ta fundacja nigdy wcze\u015bniej nie by\u0142a znana ze wsp\u00f3\u0142pracy z Polakami za granic\u0105, na wschodzie. Ale za to na czele tej fundacji (co opisywa\u0142y media) jest osoba, kt\u00f3ra pracowa\u0142a z razem z jednym z asystent\u00f3w wiceministra Janusza Ciska, odpowiedzialnego za sprawy Polak\u00f3w za granic\u0105. W tej samej fundacji pracuje, czy pracowa\u0142a \u017cona drugiego z asystent\u00f3w wiceministra Ciska. Tak wi\u0119c &#8211; w mojej opinii, z tego co dotychczas si\u0119 dowiedzieli\u015bmy &#8211; mamy do czynienia z wyra\u017anymi nadu\u017cyciami i sprawa zosta\u0142a skierowana do prokuratury. Komisja ds. \u0141\u0105czno\u015bci z Polakami za Granic\u0105 przyj\u0119\u0142a dezyderat wzywaj\u0105cy ministra Rados\u0142awa Sikorskiego do wyja\u015bnienia tej sprawy oraz do odsuni\u0119cia wiceministra Ciska. Wnios\u0142a te\u017c o zbadanie sprawy przez Najwy\u017csz\u0105 Izb\u0119 Kontroli.<\/p>\r\n<p>Tych przedziwnych decyzji by\u0142o jeszcze wiele. Inny podmiot dosta\u0142 800 tysi\u0119cy z\u0142otych, a powsta\u0142 &#8211;\u00a0 uwaga! &#8211; na dwa dni przed og\u0142oszeniem konkursu! To nie \u017cart. Nikomu nie znana organizacja, kt\u00f3ra powsta\u0142a 48 godzin przed konkursem, otrzyma\u0142a prawie milion z\u0142otych na bardzo wa\u017cn\u0105 dla kraju i diaspory polskiej dzia\u0142alno\u015b\u0107. Dzia\u0142aj\u0105ce od kilkunastu lat organizacje, wyspecjalizowane w pomocy naszym rodakom, chwalone przez nich, nie dosta\u0142y ani z\u0142ot\u00f3wki lub bez por\u00f3wnania mniej od cia\u0142a za\u0142o\u017conego na dwa dni przed konkursem.<\/p>\r\n<p><strong>Tych spraw nie mo\u017cna odpuszcza\u0107, prawda?<\/strong><\/p>\r\n<p>Absolutnie nie mo\u017cna tego odpu\u015bci\u0107. Robimy co mo\u017cna. Nie wyobra\u017camy sobie, aby\u00a0minister\u00a0Sikorski nie stawi\u0142 si\u0119 na komisji parlamentarnej. No i z\u0142o\u017cyli\u015bmy odpowiednie zawiadomienia do NIK, do prokuratury oraz do CBA. Fakty s\u0105 w tej sprawie bulwersuj\u0105ce.<\/p>\r\n<p><em>ROZMAWIA\u0141 S\u0142awomir Sieradzki\/Stefczyk.info<\/em><\/p>","protected":false},"excerpt":{"rendered":"W ubieg\u0142ym roku koalicja PO-PSL przeprowadzi\u0142a ustaw\u0119 znosz\u0105c\u0105 rozdzielanie przez Senat pieni\u0119dzy na organizacje Polak\u00f3w mieszkaj\u0105cych poza krajem. Teraz tymi \u015brodkami dysponuje MSZ i organizacje wybrane przez ministerstwo w konkursie. Rych\u0142o okaza\u0142o si\u0119, \u017ce w tej czy innej fundacji wybranej przez MSZ znajduj\u0105 si\u0119 znajomi i krewni urz\u0119dnik\u00f3w. O tej sprawie z Janem Dziedziczakiem, pos\u0142em [&hellip;]","protected":false},"author":1,"featured_media":0,"comment_status":"closed","ping_status":"closed","sticky":false,"template":"","format":"standard","meta":{"_acf_changed":false,"_monsterinsights_skip_tracking":false,"_monsterinsights_sitenote_active":false,"_monsterinsights_sitenote_note":"","_monsterinsights_sitenote_category":0,"ngg_post_thumbnail":0,"footnotes":"","_wp_rev_ctl_limit":""},"categories":[129],"tags":[188],"acf":[],"_links":{"self":[{"href":"https:\/\/www.bibula.com\/index.php?rest_route=\/wp\/v2\/posts\/67923"}],"collection":[{"href":"https:\/\/www.bibula.com\/index.php?rest_route=\/wp\/v2\/posts"}],"about":[{"href":"https:\/\/www.bibula.com\/index.php?rest_route=\/wp\/v2\/types\/post"}],"author":[{"embeddable":true,"href":"https:\/\/www.bibula.com\/index.php?rest_route=\/wp\/v2\/users\/1"}],"replies":[{"embeddable":true,"href":"https:\/\/www.bibula.com\/index.php?rest_route=%2Fwp%2Fv2%2Fcomments&post=67923"}],"version-history":[{"count":0,"href":"https:\/\/www.bibula.com\/index.php?rest_route=\/wp\/v2\/posts\/67923\/revisions"}],"wp:attachment":[{"href":"https:\/\/www.bibula.com\/index.php?rest_route=%2Fwp%2Fv2%2Fmedia&parent=67923"}],"wp:term":[{"taxonomy":"category","embeddable":true,"href":"https:\/\/www.bibula.com\/index.php?rest_route=%2Fwp%2Fv2%2Fcategories&post=67923"},{"taxonomy":"post_tag","embeddable":true,"href":"https:\/\/www.bibula.com\/index.php?rest_route=%2Fwp%2Fv2%2Ftags&post=67923"}],"curies":[{"name":"wp","href":"https:\/\/api.w.org\/{rel}","templated":true}]}}