{"id":67905,"date":"2013-04-05T10:09:16","date_gmt":"2013-04-05T15:09:16","guid":{"rendered":"http:\/\/www.bibula.com\/?p=67905"},"modified":"2013-04-05T10:16:35","modified_gmt":"2013-04-05T15:16:35","slug":"nieprawidlowosci-w-finansowaniu-organizacji-dzialajacych-na-rzecz-polonii","status":"publish","type":"post","link":"https:\/\/www.bibula.com\/?p=67905","title":{"rendered":"Nieprawid\u0142owo\u015bci w finansowaniu organizacji dzia\u0142aj\u0105cych na rzecz Polonii"},"content":{"rendered":"<p><strong>Sejmowa Komisja \u0141\u0105czno\u015bci z Polakami za Granic\u0105 wyrazi\u0142a zaniepokojenie wobec sposobu przyznawania pieni\u0119dzy przez MSZ organizacjom dzia\u0142aj\u0105cych na rzecz Polonii.\u00a0<\/strong><\/p>\r\n<p>Na wniosek pos\u0142a Jana Dziedziczaka w przyj\u0119tym dezyderacie komisja zwr\u00f3ci\u0142a si\u0119 do NIK, aby ta zbada\u0142a przebieg konkursu i jego procedury.<\/p>\r\n<p>Jak podkre\u015blali politycy PiS, przy przyznawaniu dotacji mog\u0142o doj\u015b\u0107 do nieprawid\u0142owo\u015bci; w zwi\u0105zku z tym zapowiedzieli r\u00f3wnie\u017c, \u017ce zawiadomi\u0105 prokuratur\u0119.<\/p>\r\n<p>Pose\u0142 Jan Dziedziczak &#8211; cz\u0142onek sejmowej Komisji Spraw Zagranicznych odni\u00f3s\u0142 si\u0119 do wypowiedzi wiceministra spraw zagranicznych Janusza Ciska, kt\u00f3ry stwierdzi\u0142, \u017ce je\u017celi chodzi o sprawozdawczo\u015b\u0107 niekt\u00f3rych du\u017cych fundacji to jest ona na bardzo z\u0142ym poziomie. Jak t\u0142umaczy\u0142 pose\u0142, je\u017celi minister wie o nieprawid\u0142owo\u015bciach to powinien zawiadomi\u0107 niezw\u0142ocznie stosowne ograny.<\/p>\r\n<p><span class=\"pullquote\"><!-- MSZ przyzna\u0142o \u015brodki 'Fundacji Rozwoju My\u015bli Obywatelskiej', kt\u00f3rej prezesem jest... znajomy doradcy wiceministra Janusza Ciska, a w 'Fundacji' pracowa\u0107 mia\u0142a... asystentka Ciska --><\/span><\/p>\r\n<p>Dlatego polityk przed\u0142o\u017cy\u0142 komisji do przyj\u0119cia dwa dezyderaty.<\/p>\r\n<address><strong><em>&#8211; Komisja wzywa ministra spraw zagranicznych Rados\u0142awa Sikorskiego do z\u0142o\u017cenia osobistych wyja\u015bnie\u0144 na forum komisji w sprawie trybu przyznawania dotacji oraz nieprawid\u0142owo\u015bci w trakcie przyznawania dotacji fundacji Rozwoju My\u015bli Obywatelskiej. Do czasu wyja\u015bnienia powy\u017cszych bulwersuj\u0105cych wydarze\u0144, komisja postuluje o odsuni\u0119cie wiceministra Janusza Ciska od sprawowania nadzoru nad Departamentem Polonii i Polak\u00f3w za Granic\u0105. Druga moja propozycja i drugi dezyderat: Komisja \u0141\u0105czno\u015bci z Polakami za Granic\u0105 wnioskuje do Najwy\u017cszej Izby Kontroli o pilne przeprowadzenie kontroli w zakresie trybu, oraz przeprowadzenia konkursu na realizacj\u0119 zadania publicznego: \u201eWsp\u00f3\u0142praca z Poloni\u0105 i Polakami za granic\u0105 w 2013 roku\u201d<\/em><\/strong><em> &#8211; podkre\u015bla\u0142 pose\u0142 Jan Dziedziczak.<\/em><\/address>\r\n<p>MSZ przyzna\u0142o z puli \u015brodk\u00f3w przeznaczonych na projekt &#8222;Wsp\u00f3\u0142praca z Poloni\u0105 i Polakami za Granic\u0105\u201d 1,4 mln z\u0142 Fundacji Rozwoju My\u015bli Obywatelskiej.<\/p>\r\n<p>Wed\u0142ug doniesie\u0144 medialnych, fundacja zosta\u0142a zarejestrowana p\u00f3\u0142tora miesi\u0105ca przed rozpocz\u0119ciem konkursu na przyznanie \u015brodk\u00f3w, a jej prezesem jest znajomy S\u0142awomira Mitrowskiego, doradcy wiceministra spraw zagranicznych Janusza Ciska.<\/p>\r\n<p>W Fundacji pracowa\u0107 mia\u0142a r\u00f3wnie\u017c Lucie Szymanowska, \u017cona Macieja Szymanowskiego, asystenta Ciska. Mitrowski i Szymanowski stracili ju\u017c swoje stanowiska w MSZ.<\/p>\r\n<p style=\"text-align: left;\" align=\"right\"><em><strong>RIRM<\/strong><\/em><\/p>\r\n","protected":false},"excerpt":{"rendered":"Sejmowa Komisja \u0141\u0105czno\u015bci z Polakami za Granic\u0105 wyrazi\u0142a zaniepokojenie wobec sposobu przyznawania pieni\u0119dzy przez MSZ organizacjom dzia\u0142aj\u0105cych na rzecz Polonii.\u00a0 Na wniosek pos\u0142a Jana Dziedziczaka w przyj\u0119tym dezyderacie komisja zwr\u00f3ci\u0142a si\u0119 do NIK, aby ta zbada\u0142a przebieg konkursu i jego procedury. Jak podkre\u015blali politycy PiS, przy przyznawaniu dotacji mog\u0142o doj\u015b\u0107 do nieprawid\u0142owo\u015bci; w zwi\u0105zku z [&hellip;]","protected":false},"author":1,"featured_media":0,"comment_status":"closed","ping_status":"closed","sticky":false,"template":"","format":"standard","meta":{"_acf_changed":false,"_monsterinsights_skip_tracking":false,"_monsterinsights_sitenote_active":false,"_monsterinsights_sitenote_note":"","_monsterinsights_sitenote_category":0,"ngg_post_thumbnail":0,"footnotes":"","_wp_rev_ctl_limit":""},"categories":[129],"tags":[92],"acf":[],"_links":{"self":[{"href":"https:\/\/www.bibula.com\/index.php?rest_route=\/wp\/v2\/posts\/67905"}],"collection":[{"href":"https:\/\/www.bibula.com\/index.php?rest_route=\/wp\/v2\/posts"}],"about":[{"href":"https:\/\/www.bibula.com\/index.php?rest_route=\/wp\/v2\/types\/post"}],"author":[{"embeddable":true,"href":"https:\/\/www.bibula.com\/index.php?rest_route=\/wp\/v2\/users\/1"}],"replies":[{"embeddable":true,"href":"https:\/\/www.bibula.com\/index.php?rest_route=%2Fwp%2Fv2%2Fcomments&post=67905"}],"version-history":[{"count":0,"href":"https:\/\/www.bibula.com\/index.php?rest_route=\/wp\/v2\/posts\/67905\/revisions"}],"wp:attachment":[{"href":"https:\/\/www.bibula.com\/index.php?rest_route=%2Fwp%2Fv2%2Fmedia&parent=67905"}],"wp:term":[{"taxonomy":"category","embeddable":true,"href":"https:\/\/www.bibula.com\/index.php?rest_route=%2Fwp%2Fv2%2Fcategories&post=67905"},{"taxonomy":"post_tag","embeddable":true,"href":"https:\/\/www.bibula.com\/index.php?rest_route=%2Fwp%2Fv2%2Ftags&post=67905"}],"curies":[{"name":"wp","href":"https:\/\/api.w.org\/{rel}","templated":true}]}}