{"id":67823,"date":"2013-04-02T09:01:41","date_gmt":"2013-04-02T14:01:41","guid":{"rendered":"http:\/\/www.bibula.com\/?p=67823"},"modified":"2013-04-02T09:01:41","modified_gmt":"2013-04-02T14:01:41","slug":"tradycyjna-msza-krzyzma-w-lichtensteinie","status":"publish","type":"post","link":"https:\/\/www.bibula.com\/?p=67823","title":{"rendered":"Tradycyjna Msza krzy\u017cma w Lichtensteinie"},"content":{"rendered":"<p><strong>W Wielki Czwartek w stolicy Lichtensteinu arcybiskup Wolfgang Haas celebrowa\u0142 Msz\u0119 \u015bw. Krzy\u017cma w nadzwyczajnej formie rytu rzymskiego. To drugi, po Administraturze Personalnej \u015bw. Jana Vianney\u2019a w Brazylii, przypadek takich celebracji wed\u0142ug ksi\u0105g liturgicznych obowi\u0105zuj\u0105cych w roku 1962.<\/strong><\/p>\r\n<p>Liturgi\u0119 przygotowali duchowni z Bractwa Kap\u0142a\u0144skiego \u015bw. Piotra. Biskupowi asystowa\u0142o 12 prezbiter\u00f3w, 7 diakon\u00f3w oraz 7 subdiakon\u00f3w. Arcybiskup Wolfgang Haas (ur. 1948) jest pierwszym ordynariuszem od czasu reformy Paw\u0142a VI celebruj\u0105cym Msz\u0119 krzy\u017cma wed\u0142ug \u201estarych\u201d ksi\u0105g liturgicznych. Znany jest ze wsparcia udzielanego Bractwu \u015bw. Piotra.<\/p>\r\n<p>Regularnie liturgia Wielkiego Czwartku w nadzwyczajnej formie jest celebrowana w brazylijskiej Administraturze Personalnej \u015bw. Jana Marii Vianneya w Brazylii, istniej\u0105cej na terenie diecezji Campos. Jej ordynariusz, biskup Fernando Ar\u00c3\u00aaas Rifan otrzyma\u0142 sakr\u0119 biskupi\u0105 w roku 2002 z r\u0105k kard. Hoyosa, wsp\u00f3\u0142konsekratorami byli dominikanin, arcybiskup Alano Maria Pena oraz biskup Lic\u00c3\u00adnio Rangel, poprzedni prze\u0142o\u017cony tradycjonalistycznych duchownych z Campos.<\/p>\r\n<p>\u0179r\u00f3d\u0142o: rorate-caeli.blogspot.com<\/p>\r\n<p>mat<\/p>","protected":false},"excerpt":{"rendered":"W Wielki Czwartek w stolicy Lichtensteinu arcybiskup Wolfgang Haas celebrowa\u0142 Msz\u0119 \u015bw. Krzy\u017cma w nadzwyczajnej formie rytu rzymskiego. To drugi, po Administraturze Personalnej \u015bw. Jana Vianney\u2019a w Brazylii, przypadek takich celebracji wed\u0142ug ksi\u0105g liturgicznych obowi\u0105zuj\u0105cych w roku 1962. Liturgi\u0119 przygotowali duchowni z Bractwa Kap\u0142a\u0144skiego \u015bw. Piotra. Biskupowi asystowa\u0142o 12 prezbiter\u00f3w, 7 diakon\u00f3w oraz 7 subdiakon\u00f3w. [&hellip;]","protected":false},"author":1,"featured_media":0,"comment_status":"closed","ping_status":"closed","sticky":false,"template":"","format":"standard","meta":{"_acf_changed":false,"_monsterinsights_skip_tracking":false,"_monsterinsights_sitenote_active":false,"_monsterinsights_sitenote_note":"","_monsterinsights_sitenote_category":0,"ngg_post_thumbnail":0,"footnotes":"","_wp_rev_ctl_limit":""},"categories":[3],"tags":[24],"acf":[],"_links":{"self":[{"href":"https:\/\/www.bibula.com\/index.php?rest_route=\/wp\/v2\/posts\/67823"}],"collection":[{"href":"https:\/\/www.bibula.com\/index.php?rest_route=\/wp\/v2\/posts"}],"about":[{"href":"https:\/\/www.bibula.com\/index.php?rest_route=\/wp\/v2\/types\/post"}],"author":[{"embeddable":true,"href":"https:\/\/www.bibula.com\/index.php?rest_route=\/wp\/v2\/users\/1"}],"replies":[{"embeddable":true,"href":"https:\/\/www.bibula.com\/index.php?rest_route=%2Fwp%2Fv2%2Fcomments&post=67823"}],"version-history":[{"count":0,"href":"https:\/\/www.bibula.com\/index.php?rest_route=\/wp\/v2\/posts\/67823\/revisions"}],"wp:attachment":[{"href":"https:\/\/www.bibula.com\/index.php?rest_route=%2Fwp%2Fv2%2Fmedia&parent=67823"}],"wp:term":[{"taxonomy":"category","embeddable":true,"href":"https:\/\/www.bibula.com\/index.php?rest_route=%2Fwp%2Fv2%2Fcategories&post=67823"},{"taxonomy":"post_tag","embeddable":true,"href":"https:\/\/www.bibula.com\/index.php?rest_route=%2Fwp%2Fv2%2Ftags&post=67823"}],"curies":[{"name":"wp","href":"https:\/\/api.w.org\/{rel}","templated":true}]}}