{"id":67614,"date":"2013-03-25T16:51:42","date_gmt":"2013-03-25T21:51:42","guid":{"rendered":"http:\/\/www.bibula.com\/?p=67614"},"modified":"2013-03-25T21:42:21","modified_gmt":"2013-03-26T02:42:21","slug":"jedyna-na-swiecie-w-kosciele-katolickim-wystawa-pamiatek-ofiar-holokaustu-kto-i-gdzie-ja-wspieral","status":"publish","type":"post","link":"https:\/\/www.bibula.com\/?p=67614","title":{"rendered":"Jedyna na \u015bwiecie w ko\u015bciele katolickim wystawa pami\u0105tek &#8222;ofiar Holokaustu&#8221;. Kto i gdzie j\u0105 wspiera\u0142?&#8230;"},"content":{"rendered":"<p><strong>Przy aktywnym wsparciu arcybiskupa Buenos Aires, kardyna\u0142a Jorge Mario Bergoglio, w g\u0142\u00f3wnym ko\u015bciele stolicy Argentyny ustanowiono trwa\u0142\u0105 ekspozycj\u0119-monument ku pami\u0119ci &#8222;ofiar Holokaustu&#8221;.<\/strong><\/p>\r\n<p>W tylnej cz\u0119\u015bci katedry <em>Catedral Metropolitana de Buenos Aires<\/em>, umieszczona zosta\u0142a gablota w srebrnych ramach, w kt\u00f3rej wystawiono pami\u0105tki \u017cydowskie z oboz\u00f3w w Treblince, Auschwitz i warszawskiego Getta, w tym menor\u0119, Gwiazd\u0119 Dawida i skrawki \u017cydowskiego modlitewnika.<\/p>\r\n<p>&#8222;Jestem wzruszony&#8221; &#8211; z uznaniem o wystawie stwierdza Baruch Tenembaum, za\u0142o\u017cyciel fundacji <em>Raoul Wallenberg Foundation<\/em> i d\u0142ugoletni przyjaciel Jorge Mario Bergoglio. Tenembaum zaznacza, \u017ce jego fundacja nie zna podobnego przypadku i \u017ce tego typu wystawa-pomnik Holokaustu &#8211; zwana <em>Commemorative Mural<\/em> i ustanowiona 17 kwietnia 1997 roku &#8211; jest &#8222;jedyn\u0105 tego typu wystaw\u0105 w katolickim ko\u015bciele na \u015bwiecie&#8221; .*<\/p>\r\n<p>Oceniaj\u0105c wyb\u00f3r kard. Bergoglio na papie\u017ca, Tenembaum, wieloletni dzia\u0142acz tzw. dialogu mi\u0119dzyreligijnego, m\u00f3wi: &#8222;Jestem bardzo zadolowony, poniewa\u017c wierz\u0119, \u017ce w sferze duchowej zobaczymy powt\u00f3rzenie tego co uczyni\u0142 Jan XXIII dla Ko\u015bcio\u0142a i \u015bwiata.&#8221;<\/p>\r\n<p>Tenembaum wspomina kardyna\u0142a Bergoglio s\u0142owami: &#8222;Znam go bardzo dobrze od czasu gdy by\u0142 jeszcze biskupem pomocnicznym Buenos Aires. Obroni\u0142 on t\u0119 wystaw\u0119, kt\u00f3ra po raz pierwszy zosta\u0142a zaprezentowana w tej katedrze. Wystawa by\u0142a zorganizowana ku pami\u0119ci ofiar <em>Shoah<\/em> przez organizacj\u0119 <em>Mutual Israeli-Argentine Association <\/em>[AMIA &#8211; skr\u00f3t organizacji po hiszpa\u0144sku]. [&#8230;]&#8221;<\/p>\r\n<p>&#8222;[Bergoglio] jak nikt inny uczestniczy\u0142 w dialogu mi\u0119dzyreligijnym. Ma on wielu przyjaci\u00f3\u0142 rabin\u00f3w, z kt\u00f3rymi razem publikowa\u0142 ksi\u0105\u017cki. Chodzi\u0142 do wielu synagog.&#8221;\u00a0 &#8211; dodaje Tenembaum**<\/p>\r\n<p style=\"text-align: center;\"><img fetchpriority=\"high\" decoding=\"async\" class=\"aligncenter\" style=\"border: 0px none;\" src=\"http:\/\/2.bp.blogspot.com\/-HxrWoP2GiFk\/UU5l8AzLwII\/AAAAAAAABGk\/kn38eZYPeyc\/s320\/Holocaust+mural+buenos+aires+Cathedral.jpg\" alt=\"\" width=\"230\" height=\"320\" align=\"middle\" border=\"0\" \/><\/p>\r\n<p><em>Commemorative Mural<\/em> &#8211; jedyna tego typu wystawa &#8222;pami\u0105tek po ofiarach Holokaustu&#8221; w ko\u015bciele katolickim na \u015bwiecie. Katedra w Buenos Aires. <\/p>\r\n<p>&nbsp;<\/p>\r\n<p>\u00c5\u00b9R\u00d3D\u0141A:<\/p>\r\n<ul>\r\n<li>\u00a0<span style=\"font-size: x-small;\">* <a href=\"http:\/\/www.thejewishweek.com\/news\/international-news\/jewish-leaders-meet-pope-new-hopes-pius-xii-archives\">The Jewish Week<\/a><\/span><\/li>\r\n<li><span style=\"font-size: x-small;\">** <a href=\"http:\/\/www.aleteia.org\/en\/religion\/documents\/jewish-friend-of-pope-francis-5bhe5d-stood-out-for-his-closeness-to-minorities-514001\">http:\/\/www.aleteia.org\/&#8230;<\/a><\/span><\/li>\r\n<li><span style=\"font-size: x-small;\"><a href=\"http:\/\/www.raoulwallenberg.net\/category\/holocaust\/tributes-24\/mural\/\">The International Raoul Wallenberg Foundation &#8211; Mural to the victims of the Holocaust<\/a><br \/><\/span><\/li>\r\n<\/ul>\r\n<p>&nbsp;<\/p>","protected":false},"excerpt":{"rendered":"Przy aktywnym wsparciu arcybiskupa Buenos Aires, kardyna\u0142a Jorge Mario Bergoglio, w g\u0142\u00f3wnym ko\u015bciele stolicy Argentyny ustanowiono trwa\u0142\u0105 ekspozycj\u0119-monument ku pami\u0119ci &#8222;ofiar Holokaustu&#8221;. W tylnej cz\u0119\u015bci katedry Catedral Metropolitana de Buenos Aires, umieszczona zosta\u0142a gablota w srebrnych ramach, w kt\u00f3rej wystawiono pami\u0105tki \u017cydowskie z oboz\u00f3w w Treblince, Auschwitz i warszawskiego Getta, w tym menor\u0119, Gwiazd\u0119 Dawida [&hellip;]","protected":false},"author":1,"featured_media":0,"comment_status":"closed","ping_status":"closed","sticky":false,"template":"","format":"standard","meta":{"_acf_changed":false,"_monsterinsights_skip_tracking":false,"_monsterinsights_sitenote_active":false,"_monsterinsights_sitenote_note":"","_monsterinsights_sitenote_category":0,"ngg_post_thumbnail":0,"footnotes":"","_wp_rev_ctl_limit":""},"categories":[3],"tags":[257,300,301,22,18],"acf":[],"_links":{"self":[{"href":"https:\/\/www.bibula.com\/index.php?rest_route=\/wp\/v2\/posts\/67614"}],"collection":[{"href":"https:\/\/www.bibula.com\/index.php?rest_route=\/wp\/v2\/posts"}],"about":[{"href":"https:\/\/www.bibula.com\/index.php?rest_route=\/wp\/v2\/types\/post"}],"author":[{"embeddable":true,"href":"https:\/\/www.bibula.com\/index.php?rest_route=\/wp\/v2\/users\/1"}],"replies":[{"embeddable":true,"href":"https:\/\/www.bibula.com\/index.php?rest_route=%2Fwp%2Fv2%2Fcomments&post=67614"}],"version-history":[{"count":0,"href":"https:\/\/www.bibula.com\/index.php?rest_route=\/wp\/v2\/posts\/67614\/revisions"}],"wp:attachment":[{"href":"https:\/\/www.bibula.com\/index.php?rest_route=%2Fwp%2Fv2%2Fmedia&parent=67614"}],"wp:term":[{"taxonomy":"category","embeddable":true,"href":"https:\/\/www.bibula.com\/index.php?rest_route=%2Fwp%2Fv2%2Fcategories&post=67614"},{"taxonomy":"post_tag","embeddable":true,"href":"https:\/\/www.bibula.com\/index.php?rest_route=%2Fwp%2Fv2%2Ftags&post=67614"}],"curies":[{"name":"wp","href":"https:\/\/api.w.org\/{rel}","templated":true}]}}