{"id":67539,"date":"2013-03-22T10:38:00","date_gmt":"2013-03-22T15:38:00","guid":{"rendered":"http:\/\/www.bibula.com\/?p=67539"},"modified":"2013-03-22T10:38:00","modified_gmt":"2013-03-22T15:38:00","slug":"w-wielki-czwartek-papiez-franciszek-obmyje-stopy-nieletnim-wiezniom","status":"publish","type":"post","link":"https:\/\/www.bibula.com\/?p=67539","title":{"rendered":"W Wielki Czwartek papie\u017c Franciszek obmyje stopy nieletnim wi\u0119\u017aniom"},"content":{"rendered":"<p><strong>28 marca, w Wielki Czwartek o godz. 17.30 Ojciec \u015awi\u0119ty odprawi Msz\u0119 Wieczerzy Pa\u0144skiej w rzymskim wi\u0119zieniu dla nieletnich \u201eCasal del Marmo\u201d. Liturgia tego dnia skoncentrowana jest na g\u0142oszeniu przykazania mi\u0142o\u015bci, wyra\u017caj\u0105cym si\u0119 w ge\u015bcie obmycia st\u00f3p. Komunikat tej tre\u015bci opublikowa\u0142o Biuro Prasowe Stolicy Apostolskiej.<\/strong><\/p>\r\n<p>Potwierdzono, \u017ce w Wielki Czwartek rano o 9.30 papie\u017c Franciszek przewodniczy\u0142 b\u0119dzie w bazylice watyka\u0144skiej Mszy \u015bw. Krzy\u017cma, podczas kt\u00f3rej kap\u0142ani ponawiaj\u0105 swoje przyrzeczenie pos\u0142usze\u0144stwa biskupowi. <br \/> <br \/> Jednocze\u015bnie przypomniano, \u017ce kard. Jorge Bergoglio jako arcybiskup Buenos Aires zazwyczaj odprawia\u0142 Msz\u0119 \u015bw. Wieczerzy Pa\u0144skiej w wi\u0119zieniu, szpitalu lub hospicjum dla ubogich czy te\u017c znajduj\u0105cych si\u0119 na marginesie. Postanawiaj\u0105c, \u017ce tegoroczna Eucharystia Wieczerzy Pa\u0144skiej b\u0119dzie sprawowana w \u201eCasal del Marmo\u201d papie\u017c Franciszek kontynuuje to, co czyni\u0142 w Argentynie. <br \/> <br \/> Inne uroczysto\u015bci Wielkiego Tygodnia odbywa\u0107 si\u0119 b\u0119d\u0105 zgodnie z dotychczasowym zwyczajem: w Niedziel\u0119 Palmow\u0105 Ojciec \u015awi\u0119ty b\u0119dzie o godz. 9.30 przewodniczy\u0142 b\u0142ogos\u0142awieniu palm i ga\u0142\u0105zek oliwnych a nast\u0119pnie Eucharystii M\u0119ki Pa\u0144skiej na placu \u015bw. Piotra. <br \/> <br \/> 29 marca, w Wielki Pi\u0105tek, o godz. 17.00 &#8211; liturgii M\u0119ki Pa\u0144skiej w bazylice watyka\u0144skiej, a o 21.15 nabo\u017ce\u0144stwu Drogi Krzy\u017cowej w rzymskim Koloseum. <br \/> <br \/> 30 marca, w Wielk\u0105 Sobot\u0119, o godz. 20.30 papie\u017c Franciszek b\u0119dzie w bazylice watyka\u0144skiej przewodniczy\u0142 liturgii Wigilii Paschalnej. <br \/> <br \/> 31 marca, w Niedziel\u0119 Wielkanocn\u0105, o godz. 10.15 Ojciec \u015awi\u0119ty b\u0119dzie na placu \u015bw. Piotra przewodniczy\u0142 Mszy \u015bw., a o godz. 12.00 udzieli z loggii bazyliki watyka\u0144skiej uroczystego b\u0142ogos\u0142awie\u0144stwa \u201eUrbi et Orbi\u201d. <br \/> <br \/> Jednocze\u015bnie Biuro Prasowe Stolicy Apostolskiej przypomnia\u0142o, \u017ce wi\u0119zienie dla nieletnich \u201eCasal del Marmo\u201d odwiedzi\u0142 18 marca 2007 r. Benedykt XVI i odprawi\u0142 tam Msz\u0119 \u015bw. dla odbywaj\u0105cych kar\u0119.<\/p>\r\n<p>KAI, kra<\/p>","protected":false},"excerpt":{"rendered":"28 marca, w Wielki Czwartek o godz. 17.30 Ojciec \u015awi\u0119ty odprawi Msz\u0119 Wieczerzy Pa\u0144skiej w rzymskim wi\u0119zieniu dla nieletnich \u201eCasal del Marmo\u201d. Liturgia tego dnia skoncentrowana jest na g\u0142oszeniu przykazania mi\u0142o\u015bci, wyra\u017caj\u0105cym si\u0119 w ge\u015bcie obmycia st\u00f3p. Komunikat tej tre\u015bci opublikowa\u0142o Biuro Prasowe Stolicy Apostolskiej. Potwierdzono, \u017ce w Wielki Czwartek rano o 9.30 papie\u017c Franciszek [&hellip;]","protected":false},"author":1,"featured_media":0,"comment_status":"closed","ping_status":"closed","sticky":false,"template":"","format":"standard","meta":{"_acf_changed":false,"_monsterinsights_skip_tracking":false,"_monsterinsights_sitenote_active":false,"_monsterinsights_sitenote_note":"","_monsterinsights_sitenote_category":0,"ngg_post_thumbnail":0,"footnotes":"","_wp_rev_ctl_limit":""},"categories":[3],"tags":[301],"acf":[],"_links":{"self":[{"href":"https:\/\/www.bibula.com\/index.php?rest_route=\/wp\/v2\/posts\/67539"}],"collection":[{"href":"https:\/\/www.bibula.com\/index.php?rest_route=\/wp\/v2\/posts"}],"about":[{"href":"https:\/\/www.bibula.com\/index.php?rest_route=\/wp\/v2\/types\/post"}],"author":[{"embeddable":true,"href":"https:\/\/www.bibula.com\/index.php?rest_route=\/wp\/v2\/users\/1"}],"replies":[{"embeddable":true,"href":"https:\/\/www.bibula.com\/index.php?rest_route=%2Fwp%2Fv2%2Fcomments&post=67539"}],"version-history":[{"count":0,"href":"https:\/\/www.bibula.com\/index.php?rest_route=\/wp\/v2\/posts\/67539\/revisions"}],"wp:attachment":[{"href":"https:\/\/www.bibula.com\/index.php?rest_route=%2Fwp%2Fv2%2Fmedia&parent=67539"}],"wp:term":[{"taxonomy":"category","embeddable":true,"href":"https:\/\/www.bibula.com\/index.php?rest_route=%2Fwp%2Fv2%2Fcategories&post=67539"},{"taxonomy":"post_tag","embeddable":true,"href":"https:\/\/www.bibula.com\/index.php?rest_route=%2Fwp%2Fv2%2Ftags&post=67539"}],"curies":[{"name":"wp","href":"https:\/\/api.w.org\/{rel}","templated":true}]}}