{"id":67525,"date":"2013-03-22T08:43:56","date_gmt":"2013-03-22T13:43:56","guid":{"rendered":"http:\/\/www.bibula.com\/?p=67525"},"modified":"2013-03-22T11:54:20","modified_gmt":"2013-03-22T16:54:20","slug":"papiez-franciszek-dzwoni-do-kiosku-by-odmowic-subskrypcji-gazet","status":"publish","type":"post","link":"https:\/\/www.bibula.com\/?p=67525","title":{"rendered":"Papie\u017c Franciszek dzwoni do kiosku by odm\u00f3wi\u0107 subskrypcji gazet"},"content":{"rendered":"<p>Prostota nowego papie\u017ca nie przestaje zaskakiwa\u0107. Po osobistym telefonie do zakonu Jezuit\u00f3w, \u201euskromnienia\u201d Mszy inauguruj\u0105cej pontyfikat oraz przeniesieniu obchod\u00f3w Wielkiego Czwartku do zak\u0142adu dla m\u0142odocianych przest\u0119pc\u00f3w, na obrze\u017cach Rzymu, Franciszek zadzwoni\u0142 do kiosku w Argentynie by odwo\u0142a\u0107 subskrypcj\u0119 codziennych gazet i przes\u0142a\u0107 pozdrowienia ich dostawcy.<\/p>\r\n<p>Jest 18 marca, oko\u0142o 13:30 czasu argenty\u0144skiego. Daniel del Regno, syn w\u0142a\u015bciciela kiosku podnosi s\u0142uchawk\u0119 i s\u0142yszy: \u201eCze\u015b\u0107 Daniel, tu kardyna\u0142 Jorge\u201d.<\/p>\r\n<p>W pierwszym momencie pomy\u015bla\u0142, \u017ce mo\u017ce kolega, kt\u00f3ry wiedzia\u0142, \u017ce niedawny arcybiskup Buenos Aires regularnie kupowa\u0142 u niego gazety, robi\u0142 sobie jaki\u015b kawa\u0142. Nie min\u0119\u0142a jednak d\u0142u\u017csza chwila, gdy us\u0142ysza\u0142: \u201ePowa\u017cnie. Tu Jorge Bergoglio. Dzwoni\u0119 z Rzymu.\u201d<\/p>\r\n<p>&#8211; By\u0142em w szoku, rozp\u0142aka\u0142em si\u0119 i nie wiedzia\u0142em co powiedzie\u0107 &#8211; m\u00f3wi Del Regno argenty\u0144skiemu dziennikowi La Nacion. &#8211; Podzi\u0119kowa\u0142 mi za dostarczanie gazety przez ca\u0142y ten czas i przekaza\u0142 \u017cyczenia dla rodziny &#8211; dodaje Daniel.<\/p>\r\n<p>Del Regno ujawni\u0142, \u017ce gdy kardyna\u0142 udawa\u0142 si\u0119 do Rzymu na konklawe, zapyta\u0142 go czy my\u015bli, \u017ce zostanie papie\u017cem. Kardyna\u0142 odpowiedzia\u0142: \u201e To zbyt gor\u0105cy temat, by go dotyka\u0107. Zobaczymy si\u0119 za dwadzie\u015bcia dni. A reszta to jest\u2026 historia.\u201d<\/p>\r\n<p>&#8211; Powiedzia\u0142em mu by uwa\u017ca\u0142 na siebie i \u017ce b\u0119d\u0119 za nim t\u0119skni\u0142 &#8211; kontynuuje Del Regno &#8211; Spyta\u0142em go czy jest szansa, \u017ce jeszcze go kiedy\u015b zobacz\u0119. Powiedzia\u0142, \u017ce przez jaki\u015b czas b\u0119dzie to bardzo trudne, ale \u017ce b\u0119dzie zawsze z nami. Zanim si\u0119 roz\u0142\u0105czy\u0142, papie\u017c poprosi\u0142 o modlitw\u0119 za siebie. &#8211; relacjonuje.<\/p>\r\n<p>Ojciec Daniela, Luis Del Regno, m\u00f3wi, \u017ce codziennie dostarczali gazet\u0119 do rezydencji kardyna\u0142a. &#8211; W niedziele, kardyna\u0142 o 5.30 zjawia\u0142 si\u0119 przed kioskiem i kupowa\u0142 \u201eLa Nacion\u201d. Gaw\u0119dzi\u0142 z nami kilka minut, po czym jecha\u0142 autobusem do Lugano, gdzie podawa\u0142 herbat\u0119 m\u0142odym i chorym ludziom. &#8211; opowiada w\u0142a\u015bciciel.<\/p>\r\n<p>Po\u015br\u00f3d \u201etysi\u0105ca anegdot\u201d, starszy Del Regno wspomina jedn\u0105 dotycz\u0105c\u0105 gumek recepturek, kt\u00f3rymi obwi\u0105zywa\u0142 gazety, by wiatr ich nie zdmuchn\u0105\u0142, kiedy by\u0142y dostarczane do kardyna\u0142a. &#8211; Pod koniec miesi\u0105ca, zawsze przynosi\u0142 je z powrotem. Wszystkie trzydzie\u015bci! &#8211; dodaje ze zdumieniem. M\u00f3wi, \u017ce dostaje g\u0119siej sk\u00f3rki kiedykolwiek pomy\u015bli o prostocie Franciszka.<\/p>\r\n<p>&#8211; W czerwcu ochrzci\u0142 mego wnuka. To by\u0142o niesamowite uczucie &#8211; podkre\u015bla Del Regno. &#8211; Wiem jaki jest. Jedyny w swoim rodzaju.<br \/><strong><\/strong><\/p>\r\n<p><strong>MCC\/CNA<\/strong><\/p>\r\n<blockquote>\r\n<p style=\"text-align: left;\"><strong>KOMENTARZ <em>BIBU\u0141Y<\/em><\/strong>: Nie, to nie jest autentyczna i franciszka\u0144ska prostota, to jest pokazowe prostactwo, niszczenie autorytetu Urz\u0119du Piotrowego. Szkoda, \u017ce podczas konklawe zabrak\u0142o stanowczych dzia\u0142a\u0144 na miar\u0119 kardyna\u0142a Puzyny [czytaj <span style=\"text-decoration: underline;\"><a href=\"http:\/\/www.bibula.com\/?p=67493\">tutaj<\/a><\/span>], ale czeg\u00f3\u017c spodziewa\u0107 si\u0119 po duchowych wychowankach &#8222;b\u0142ogos\u0142awionego Jana Paw\u0142a II&#8221;, czy te\u017c szerzej: &#8222;ducha soborowego&#8221;&#8230;<\/p>\r\n<p style=\"text-align: left;\">Niestety, nasta\u0142y ciemne czasy dla Ko\u015bcio\u0142a i wszystko wskazuje na to, \u017ce przy obecnym pontyfikacie przyjdzie wiernym prze\u0142kn\u0105\u0107 jeszcze niejedn\u0105 gorzk\u0105 pigu\u0142k\u0119.<\/p>\r\n<\/blockquote>","protected":false},"excerpt":{"rendered":"Prostota nowego papie\u017ca nie przestaje zaskakiwa\u0107. Po osobistym telefonie do zakonu Jezuit\u00f3w, \u201euskromnienia\u201d Mszy inauguruj\u0105cej pontyfikat oraz przeniesieniu obchod\u00f3w Wielkiego Czwartku do zak\u0142adu dla m\u0142odocianych przest\u0119pc\u00f3w, na obrze\u017cach Rzymu, Franciszek zadzwoni\u0142 do kiosku w Argentynie by odwo\u0142a\u0107 subskrypcj\u0119 codziennych gazet i przes\u0142a\u0107 pozdrowienia ich dostawcy. Jest 18 marca, oko\u0142o 13:30 czasu argenty\u0144skiego. Daniel del Regno, [&hellip;]","protected":false},"author":1,"featured_media":0,"comment_status":"closed","ping_status":"closed","sticky":false,"template":"","format":"standard","meta":{"_acf_changed":false,"_monsterinsights_skip_tracking":false,"_monsterinsights_sitenote_active":false,"_monsterinsights_sitenote_note":"","_monsterinsights_sitenote_category":0,"ngg_post_thumbnail":0,"footnotes":"","_wp_rev_ctl_limit":""},"categories":[3],"tags":[301,33],"acf":[],"_links":{"self":[{"href":"https:\/\/www.bibula.com\/index.php?rest_route=\/wp\/v2\/posts\/67525"}],"collection":[{"href":"https:\/\/www.bibula.com\/index.php?rest_route=\/wp\/v2\/posts"}],"about":[{"href":"https:\/\/www.bibula.com\/index.php?rest_route=\/wp\/v2\/types\/post"}],"author":[{"embeddable":true,"href":"https:\/\/www.bibula.com\/index.php?rest_route=\/wp\/v2\/users\/1"}],"replies":[{"embeddable":true,"href":"https:\/\/www.bibula.com\/index.php?rest_route=%2Fwp%2Fv2%2Fcomments&post=67525"}],"version-history":[{"count":0,"href":"https:\/\/www.bibula.com\/index.php?rest_route=\/wp\/v2\/posts\/67525\/revisions"}],"wp:attachment":[{"href":"https:\/\/www.bibula.com\/index.php?rest_route=%2Fwp%2Fv2%2Fmedia&parent=67525"}],"wp:term":[{"taxonomy":"category","embeddable":true,"href":"https:\/\/www.bibula.com\/index.php?rest_route=%2Fwp%2Fv2%2Fcategories&post=67525"},{"taxonomy":"post_tag","embeddable":true,"href":"https:\/\/www.bibula.com\/index.php?rest_route=%2Fwp%2Fv2%2Ftags&post=67525"}],"curies":[{"name":"wp","href":"https:\/\/api.w.org\/{rel}","templated":true}]}}