{"id":6752,"date":"2009-02-18T09:50:20","date_gmt":"2009-02-18T14:50:20","guid":{"rendered":"http:\/\/www.bibula.com\/?p=6752"},"modified":"2009-02-18T09:50:20","modified_gmt":"2009-02-18T14:50:20","slug":"zapomniany-fundament-iii-rp-stanislaw-michalkiewicz","status":"publish","type":"post","link":"https:\/\/www.bibula.com\/?p=6752","title":{"rendered":"Zapomniany fundament III RP &#8211; <em>Stanis\u0142aw Michalkiewicz<\/em>"},"content":{"rendered":"<p><span class=\"tekst\"><img decoding=\"async\" src=\"http:\/\/www.michalkiewicz.pl\/img\/spacja.gif\" alt=\"\" width=\"1\" height=\"5\" \/><br \/>\r\n <span class=\"podtekst\"><em><a href=\"http:\/\/www.michalkiewicz.pl\/tekst.php?tekst=669\" target=\"_blank\"><\/a><\/em><\/span>\r\n\r\n\r\n<p>Akademia, jak\u0105 urz\u0105dzono w Sejmie w 20 rocznic\u0119 rozpocz\u0119cia obrad okr\u0105g\u0142ego sto\u0142u, by\u0142a znakomit\u0105 ilustracj\u0105 oceny, i\u017c okr\u0105g\u0142y st\u00f3\u0142 by\u0142 umow\u0105 mi\u0119dzy \u201e<em>stron\u0105 rz\u0105dow\u0105<\/em>\u201d, kt\u00f3rej rdzeniem by\u0142 wywiad wojskowy oraz \u201e<em>stron\u0105 spo\u0142eczn\u0105<\/em>\u201d, kt\u00f3rej politycznym kierownikiem by\u0142o \u015brodowisko \u201e<em>lewicy laickiej<\/em>\u201d, a wi\u0119c &#8211; dawnych stalinowc\u00f3w, kt\u00f3rzy w r\u00f3\u017cnych okresach i z r\u00f3\u017cnych przyczyn wyst\u0105pili przeciwko partii, tworz\u0105c jeden z dw\u00f3ch nurt\u00f3w opozycji demokratycznej &#8211; o podzia\u0142 w\u0142adzy nad narodem polskim. Akademi\u0119 zagai\u0142 Jerzy Szmajdzi\u0144ski, kt\u00f3ry wprawdzie stalinowcem nie by\u0142, ale tylko z powodu urodzenia na rok przed \u015bmierci\u0105 J\u00f3zefa Stalina, a honorowym go\u015bciem, obcmokiwanym przez wszystkich uczestnik\u00f3w, by\u0142 genera\u0142 Jaruzelski.<\/p>\r\n\r\n<p>Zorganizowanie z takim przytupem akademii w rocznic\u0119 okr\u0105g\u0142ego sto\u0142u mia\u0142o na celu utrwalenie obowi\u0105zuj\u0105cej wersji historii, wed\u0142ug kt\u00f3rej si\u0142y patriotyczne z jednej i z drugiej strony podj\u0119\u0142y suwerenn\u0105 decyzj\u0119 o rozmontowaniu komunizmu, kt\u00f3ry &#8211; jak przytomnie i wbrew samochwalczym deklaracjom Lecha Wa\u0142\u0119sy zauwa\u017cy\u0142 Jerzy Szmajdzi\u0144ski &#8211; wcale nie zosta\u0142 \u201e<em>obalony<\/em>\u201d. Kto w t\u0119 wersj\u0119 b\u0119dzie pow\u0105tpiewa\u0142, a zw\u0142aszcza &#8211; dopu\u015bci\u0142by si\u0119 \u201e<em>k\u0142amstwa transformacyjnego<\/em>\u201d, zosta\u0142 us\u0142u\u017cnie zakwalifikowany do wariat\u00f3w przez samego legendarnego W\u0142adys\u0142awa Frasyniuka. On\u017ce legendarny W\u0142adys\u0142aw Frasyniuk wyst\u0105pi\u0142 z inicjatyw\u0105 wzniesienia pomnika genera\u0142owi Jaruzelskiemu i Lechowi Wa\u0142\u0119sie.<\/p>\r\n\r\n<p>Sk\u0105d w legendarnych taka skwapliwo\u015b\u0107, sk\u0105d uporczywe podkre\u015blanie szlachetnych intencji nie tylko w\u0142asnych, bo to wiadomo, jak\u017ce by inaczej &#8211; ale r\u00f3wnie\u017c \u201e<em>strony komunistycznej<\/em>\u201d, a genera\u0142a Kiszczaka w szczeg\u00f3lno\u015bci? Sk\u0105d takie upowszechnienie w\u015br\u00f3d nieugi\u0119tych legendarniak\u00f3w \u201e<em>postawy s\u0142u\u017cebnej<\/em>\u201d, z kt\u00f3rej zas\u0142yn\u0105\u0142 Tadeusz Mazowiecki, prze\u0107wiczywszy j\u0105 jeszcze w okresie heroicznym w PAX-ie &#8211; tym pierwowzorze \u201e<em>\u0179ywej Cerkwi<\/em>\u201d, kierowanym przez Boles\u0142awa Piaseckiego na podstawie koncesji Iwana Sierowa?<\/p>\r\n\r\n<p>Sk\u0142ada\u0107 si\u0119 musi na to szereg zagadkowych przyczyn, a na jeden z trop\u00f3w wskazuje zastrze\u017cenie, jakie w roku 2006 podnios\u0142a grupa senator\u00f3w przeciwko ustawie o ujawnieniu informacji zgromadzonych przez UB i SB. Jak pami\u0119tamy, zastrze\u017cenie, do kt\u00f3rego przy\u0142\u0105czy\u0142 si\u0119 r\u00f3wnie\u017c pan prezydent Kaczy\u0144ski, sprowadza\u0142o si\u0119 do obaw przed ujawnieniem \u201e<em>danych dra\u017cliwych<\/em>\u201d. Chodzi\u0142o o ujawnienie czyich\u015b sk\u0142onno\u015bci do trunk\u00f3w, albo jakich\u015b sekretnych romans\u00f3w. Te zastrze\u017cenia zawsze wydawa\u0142y mi si\u0119 niewiarygodne, bo taki np. Jacek Kuro\u0144 mia\u0142 do w\u00f3dki ju\u017c nie jak\u0105\u015b tam \u201e<em>sk\u0142onno\u015b\u0107<\/em>\u201d, ale prawdziw\u0105 zapami\u0119ta\u0142o\u015b\u0107 i wcale mu to nie przeszkadza\u0142o w wygrywaniu wszelkich ranking\u00f3w popularno\u015bci. Podobnie ujawnienie romans\u00f3w sprzed 30 lat mog\u0142o wzbudza\u0107 tylko fale nostalgicznych westchnie\u0144. Zatem &#8211; nie o te informacje tak naprawd\u0119 chodzi\u0142o. A skoro nie o te, to o jakie?<\/p>\r\n\r\n<p>Czy w og\u00f3le s\u0105 informacje, kt\u00f3re kog\u0105 by\u0107 kompromituj\u0105ce nawet po 30 czy 40 latach? A owszem. Ujawnienie agenturalnej przesz\u0142o\u015bci jest kompromituj\u0105ce zawsze, podobnie jak informacja o nieuczciwo\u015bci pieni\u0119\u017cnej. W zwi\u0105zku z tym warto przypomnie\u0107, \u017ce zagraniczna pomoc finansowa dla Solidarno\u015bci, zw\u0142aszcza w stanie wojennym i p\u00f3\u017aniej, kierowana by\u0142a dwoma kana\u0142ami. Mniejszym i dyskretniejszym &#8211; chocia\u017c w \u015bwietle informacji o \u201e<em>Cappino<\/em>\u201d, a zw\u0142aszcza \u201e<em>Proroku<\/em>\u201d, nie jest to ju\u017c takie pewne &#8211; kana\u0142em watyka\u0144skim oraz wi\u0119kszym i ca\u0142kiem dla SB transparentnym &#8211; Mi\u0119dzynarodowym Biurem Solidarno\u015bci w Brukseli, kierowanym przez konfidenta SB Jerzego Milewskiego, p\u00f3\u017aniejszego dygnitarza III Rzeczypospolitej. Jak wysz\u0142o na jaw przy okazji afery z bankiem Ambrosiano, przez kana\u0142 watyka\u0144ski przesz\u0142o co najmniej 200 milion\u00f3w dolar\u00f3w, a w takim razie przez brukselski &#8211; co najmniej dwukrotnie wi\u0119cej. I dzisiaj s\u0105 to bajo\u0144skie sumy, a c\u00f3\u017c dopiero &#8211; w tamtych czasach, kiedy \u015brednia miesi\u0119czna pensja stanowi\u0142a r\u00f3wnowarto\u015b\u0107 20 dolar\u00f3w?<\/p>\r\n\r\n<p>Monitoruj\u0105ca na bie\u017c\u0105co Mi\u0119dzynarodowe Biuro Solidarno\u015bci w Brukseli S\u0142u\u017cba Bezpiecze\u0144stwa doskonale zatem wiedzia\u0142a, kto ile wzi\u0105\u0142 i gdzie schowa\u0142. Czego jak czego, ale tego to ju\u017c SB pilnowa\u0142a. Najlepsz\u0105 poszlak\u0105, kt\u00f3ra na to wskazuje, jest brak IPN-owskich publikacji na ten temat. Przyczyn\u0105 tej chwalebnej pow\u015bci\u0105gliwo\u015bci mo\u017ce by\u0107 okoliczno\u015b\u0107, \u017ce te informacje \u201e<em>cz\u0142owieki honoru<\/em>\u201d zachowa\u0142y dla siebie w charakterze polisy ubezpieczeniowej. W takim razie by\u0142by to niewzruszalny fundament III Rzeczypospolitej &#8211; oczywi\u015bcie pod warunkiem, \u017ce legendarniaki wytrwaj\u0105 w \u201e<em>postawie s\u0142u\u017cebnej<\/em>\u201d bez wzgl\u0119du na okoliczno\u015bci. Tego jednak mo\u017cna by\u0107 pewnym, bo wprawdzie wszyscy obiecywali, \u017ce w \u201e<em>wolnej Polsce<\/em>\u201d nast\u0105pi \u201e<em>rozliczenie<\/em>\u201d, ale jak dot\u0105d &#8211; nie nast\u0105pi\u0142o. Za ca\u0142e \u201e<em>rozliczenie<\/em>\u201d musia\u0142o wystarczy\u0107 kap\u0142a\u0144skie s\u0142owo honoru ksi\u0119dza pra\u0142ata Henryka Jankowskiego, \u017ce wszystko odby\u0142o si\u0119 w jak najlepszym porz\u0105dku. Czy\u017cby\u015bmy w takim razie nadal czekali na \u201e<em>woln\u0105 Polsk\u0119<\/em>\u201d? To by oznacza\u0142o, \u017ce racj\u0119 maj\u0105 \u201e<em>wariaci<\/em>\u201d i \u201e<em>oszo\u0142omy<\/em>\u201d, tymczasem legendarniaki m\u00f3wi\u0105 co\u015b zupe\u0142nie innego.<\/p>\r\n\r\n\r\n<strong><br \/>\r\n<img decoding=\"async\" src=\"http:\/\/www.michalkiewicz.pl\/img\/kwad.gif\" alt=\"\" width=\"6\" height=\"12\" \/><em> Stanis\u0142aw Michalkiewicz<\/em><\/strong> <br \/>\r\n<\/span><span class=\"tekst\"><span class=\"podtekst\"><em>Felieton \u00a0\u00b7\u00a0 tygodnik \u201eNasza Polska\u201d \u00a0\u00b7\u00a0 2009-02-17 \u00a0|\u00a0 <a href=\"http:\/\/www.michalkiewicz.pl\/tekst.php?tekst=669\" target=\"_blank\">www.michalkiewicz.pl<\/a><\/em><\/span><\/span><br \/>\r\n<br \/>\r\n <span class=\"podtekst\"><em>Sta\u0142y komentarz Stanis\u0142awa Michalkiewicza ukazuje si\u0119 w ka\u017cdym numerze tygodnika \u201eNasza Polska\u201d.<\/em><\/span><\/p>","protected":false},"excerpt":{"rendered":"Akademia, jak\u0105 urz\u0105dzono w Sejmie w 20 rocznic\u0119 rozpocz\u0119cia obrad okr\u0105g\u0142ego sto\u0142u, by\u0142a znakomit\u0105 ilustracj\u0105 oceny, i\u017c okr\u0105g\u0142y st\u00f3\u0142 by\u0142 umow\u0105 mi\u0119dzy \u201estron\u0105 rz\u0105dow\u0105\u201d, kt\u00f3rej rdzeniem by\u0142 wywiad wojskowy oraz \u201estron\u0105 spo\u0142eczn\u0105\u201d, kt\u00f3rej politycznym kierownikiem by\u0142o \u015brodowisko \u201elewicy laickiej\u201d, a wi\u0119c &#8211; dawnych stalinowc\u00f3w, kt\u00f3rzy w r\u00f3\u017cnych okresach i z r\u00f3\u017cnych przyczyn wyst\u0105pili przeciwko partii, [&hellip;]","protected":false},"author":1,"featured_media":0,"comment_status":"closed","ping_status":"closed","sticky":false,"template":"","format":"standard","meta":{"_acf_changed":false,"_monsterinsights_skip_tracking":false,"_monsterinsights_sitenote_active":false,"_monsterinsights_sitenote_note":"","_monsterinsights_sitenote_category":0,"ngg_post_thumbnail":0,"footnotes":"","_wp_rev_ctl_limit":""},"categories":[9],"tags":[92,98,34,36],"acf":[],"_links":{"self":[{"href":"https:\/\/www.bibula.com\/index.php?rest_route=\/wp\/v2\/posts\/6752"}],"collection":[{"href":"https:\/\/www.bibula.com\/index.php?rest_route=\/wp\/v2\/posts"}],"about":[{"href":"https:\/\/www.bibula.com\/index.php?rest_route=\/wp\/v2\/types\/post"}],"author":[{"embeddable":true,"href":"https:\/\/www.bibula.com\/index.php?rest_route=\/wp\/v2\/users\/1"}],"replies":[{"embeddable":true,"href":"https:\/\/www.bibula.com\/index.php?rest_route=%2Fwp%2Fv2%2Fcomments&post=6752"}],"version-history":[{"count":0,"href":"https:\/\/www.bibula.com\/index.php?rest_route=\/wp\/v2\/posts\/6752\/revisions"}],"wp:attachment":[{"href":"https:\/\/www.bibula.com\/index.php?rest_route=%2Fwp%2Fv2%2Fmedia&parent=6752"}],"wp:term":[{"taxonomy":"category","embeddable":true,"href":"https:\/\/www.bibula.com\/index.php?rest_route=%2Fwp%2Fv2%2Fcategories&post=6752"},{"taxonomy":"post_tag","embeddable":true,"href":"https:\/\/www.bibula.com\/index.php?rest_route=%2Fwp%2Fv2%2Ftags&post=6752"}],"curies":[{"name":"wp","href":"https:\/\/api.w.org\/{rel}","templated":true}]}}